{"id":117751,"date":"2026-03-03T21:05:03","date_gmt":"2026-03-04T03:05:03","guid":{"rendered":"https:\/\/losperiodistas.com.mx\/portal\/?p=117751"},"modified":"2026-03-03T21:05:05","modified_gmt":"2026-03-04T03:05:05","slug":"pt-da-la-espalda-a-reforma-electoral-de-sheinbaum-no-hay-forma-de-que-se-apruebe-ef","status":"publish","type":"post","link":"https:\/\/losperiodistas.com.mx\/portal\/pt-da-la-espalda-a-reforma-electoral-de-sheinbaum-no-hay-forma-de-que-se-apruebe-ef\/","title":{"rendered":"PT da la espalda a reforma electoral de Sheinbaum: \u2018No hay forma de que se apruebe | EF"},"content":{"rendered":"\n<p>\u201cEs una cuesti\u00f3n aritm\u00e9tica\u201d, afirm\u00f3 el coordinador del PT en la C\u00e1mara de Diputados, Reginaldo Sandoval, al reiterar que sus 49 legisladores votar\u00e1n contra la reforma electoral.<\/p>\n\n\n\n<figure class=\"wp-block-image size-large\"><img fetchpriority=\"high\" decoding=\"async\" width=\"1024\" height=\"576\" src=\"https:\/\/losperiodistas.com.mx\/portal\/wp-content\/uploads\/2026\/03\/PTReformaElectoral-1024x576.png\" alt=\"\" class=\"wp-image-117752\" srcset=\"https:\/\/losperiodistas.com.mx\/portal\/wp-content\/uploads\/2026\/03\/PTReformaElectoral-1024x576.png 1024w, https:\/\/losperiodistas.com.mx\/portal\/wp-content\/uploads\/2026\/03\/PTReformaElectoral-300x169.png 300w, https:\/\/losperiodistas.com.mx\/portal\/wp-content\/uploads\/2026\/03\/PTReformaElectoral-768x432.png 768w, https:\/\/losperiodistas.com.mx\/portal\/wp-content\/uploads\/2026\/03\/PTReformaElectoral.png 1358w\" sizes=\"(max-width: 1024px) 100vw, 1024px\" \/><figcaption class=\"wp-element-caption\">El PT rechaz\u00f3 la reforma electoral propuesta por la Presidencia y advirti\u00f3 que sus 49 diputados votar\u00e1n en contra. (Foto: @ReginaldoSF_PT)<\/figcaption><\/figure>\n\n\n\n<p class=\"has-vivid-red-color has-text-color has-link-color wp-elements-54747e7822017172ae25eafd5552ef8a\">V\u00edctor Ch\u00e1vez \/ EF<\/p>\n\n\n\n<p>Despu\u00e9s de semanas de silencio, el coordinador de los diputados federales del Partido del Trabajo (PT), Reginaldo Sandoval Flores, despej\u00f3 dudas y aclar\u00f3 que \u201cno hay marcha atr\u00e1s\u201d en su rechazo a la propuesta de reforma electoral que plantea la presidenta Claudia Sheinbaum.<\/p>\n\n\n\n<p><strong>\u201cNo hay forma\u201d<\/strong>, sostuvo enf\u00e1tico el legislador michoacano, al criticar que \u201cno vamos a aceptar un retroceso de la democracia\u201d.<\/p>\n\n\n\n<p>Despu\u00e9s de varias reuniones con la secretaria de Gobernaci\u00f3n, Rosa Icela Rodr\u00edguez, el diputado indic\u00f3, en entrevista en el Palacio Legislativo, que \u201cno es un tema de listados (los plurinominales) ni de pesos y centavos (el financiamiento p\u00fablico a los partidos), se toca el sistema pol\u00edtico y eso no lo podemos permitir\u201d, recalc\u00f3.<\/p>\n\n\n\n<p>Sandoval Flores sostuvo que mantiene su posici\u00f3n de que<strong> \u201cno hay necesidad de una reforma electoral\u201d<\/strong>. \u201cClaro, seguimos en lo dicho, no hay como para qu\u00e9 ir a una reforma tan profunda\u201d y \u201cnosotros seguimos firmes en nuestra postura, somos de a deveras\u201d.<\/p>\n\n\n\n<p>Cuestionado sobre las diversas propuestas que se han hecho desde <strong>Palacio Nacional<\/strong>, afirm\u00f3 que, aunque a\u00fan no se conoce la versi\u00f3n final de la redacci\u00f3n de la iniciativa, en los temas centrales planteados por la presidenta, \u201cno hay coincidencias en ninguno\u201d.<\/p>\n\n\n\n<p>Insisti\u00f3 en que hasta el momento \u201csigue siendo v\u00e1lido\u201d su posicionamiento y declaraci\u00f3n sobre la \u201cno conveniencia de una reforma electoral en este momento\u201d.<\/p>\n\n\n\n<figure class=\"wp-block-embed is-type-video is-provider-youtube wp-block-embed-youtube wp-embed-aspect-16-9 wp-has-aspect-ratio\"><div class=\"wp-block-embed__wrapper\">\n<iframe title=\"Reforma Electoral de Sheinbaum SE RETRASA | Ma\u00f1anera 03 de Marzo de 2026\" width=\"500\" height=\"281\" src=\"https:\/\/www.youtube.com\/embed\/RqCSgYJANtk?feature=oembed\" frameborder=\"0\" allow=\"accelerometer; autoplay; clipboard-write; encrypted-media; gyroscope; picture-in-picture; web-share\" referrerpolicy=\"strict-origin-when-cross-origin\" allowfullscreen><\/iframe>\n<\/div><\/figure>\n\n\n\n<p><\/p>\n\n\n\n<h2 class=\"wp-block-heading\">PT advierte riesgo de \u201cpartido de Estado\u201d con reforma electoral<\/h2>\n\n\n\n<p>Tambi\u00e9n retom\u00f3 el reclamo de la dirigencia nacional de su partido y critic\u00f3 que con esa propuesta de iniciativa \u201cse incurre en el riesgo de ir por un partido de Estado y no queremos correr ese riesgo\u201d.<\/p>\n\n\n\n<p>Por eso, insisti\u00f3 en que \u201csi viene como se present\u00f3 se cambia el sistema pol\u00edtico y se termina con las acciones afirmativas\u201d, que <strong>garantizan el acceso al Poder Legislativo<\/strong> de representantes de diversos sectores.<\/p>\n\n\n\n<p>\u201cNo es tema de listados ni de cuidar lo que tenemos, es un tema de democracia y en eso no daremos marcha atr\u00e1s y <strong>nos mantenemos en nuestra postura<\/strong>, <strong>no ha cambiado<\/strong>\u201d, reiter\u00f3.<\/p>\n\n\n\n<p>En ese sentido, afirm\u00f3 que en su partido \u201chay unidad\u201d y que \u201c49 de los 49 votar\u00e1n en contra\u201d. \u201cNo hay reversa\u201d, subray\u00f3. Por ello, tambi\u00e9n anticip\u00f3 que, sin sus votos,<strong> \u201cno hay forma\u201d de que se apruebe esa reforma<\/strong>. \u201cEs una cuesti\u00f3n aritm\u00e9tica\u201d, se\u00f1al\u00f3.<\/p>\n\n\n\n<h2 class=\"wp-block-heading\">Reforma electoral: PVEM esperar\u00e1 redacci\u00f3n final<\/h2>\n\n\n\n<p>Tambi\u00e9n, el coordinador del PVEM en San L\u00e1zaro, Carlos Puente Salas, remarc\u00f3 que \u201cnos mantenemos firmes y nos mantenemos congruentes a lo que hemos tenido. Estaremos atentos a que llegue la iniciativa y, una vez contando con la redacci\u00f3n, vamos a proceder a hacer el an\u00e1lisis al interior del partido, de los grupos parlamentarios de la <strong>C\u00e1mara de Diputados y del Senado<\/strong> para fijar una postura\u201d.<\/p>\n\n\n\n<p>Insisti\u00f3, en entrevista en el Palacio Legislativo, que \u201cvamos a esperar la redacci\u00f3n, el documento, no lo he visto y no puedo opinar sobre ello; se habla se ha dicho en declaraciones de la propia presidenta que siguen haciendo ajustes <strong>adecuaciones al texto de la iniciativa<\/strong>, hay que esperar\u201d.<\/p>\n\n\n\n<p>\u201cEs facultad de la presidenta de la Rep\u00fablica, es facultad del Poder Ejecutivo elaborarla en los tiempos que ellos lo consideran y que le manden cuando lo consideren\u201d, dijo.<\/p>\n\n\n\n<p>Fuente: <a href=\"https:\/\/www.elfinanciero.com.mx\/nacional\/2026\/03\/03\/pt-da-la-espalda-a-reforma-electoral-de-sheinbaum-no-hay-forma-de-que-se-apruebe\/\" target=\"_blank\" rel=\"noreferrer noopener\">El Financiero<\/a><\/p>\n","protected":false},"excerpt":{"rendered":"<p>\u201cEs una cuesti\u00f3n aritm\u00e9tica\u201d, afirm\u00f3 el coordinador del PT en la C\u00e1mara de Diputados, Reginaldo Sandoval, al reiterar que sus 49 legisladores votar\u00e1n contra la reforma electoral. <\/p>\n","protected":false},"author":1,"featured_media":117752,"comment_status":"open","ping_status":"open","sticky":false,"template":"","format":"standard","meta":{"site-sidebar-layout":"default","site-content-layout":"","ast-site-content-layout":"default","site-content-style":"default","site-sidebar-style":"default","ast-global-header-display":"","ast-banner-title-visibility":"","ast-main-header-display":"","ast-hfb-above-header-display":"","ast-hfb-below-header-display":"","ast-hfb-mobile-header-display":"","site-post-title":"","ast-breadcrumbs-content":"","ast-featured-img":"","footer-sml-layout":"","theme-transparent-header-meta":"","adv-header-id-meta":"","stick-header-meta":"","header-above-stick-meta":"","header-main-stick-meta":"","header-below-stick-meta":"","astra-migrate-meta-layouts":"default","ast-page-background-enabled":"default","ast-page-background-meta":{"desktop":{"background-color":"var(--ast-global-color-4)","background-image":"","background-repeat":"repeat","background-position":"center center","background-size":"auto","background-attachment":"scroll","background-type":"","background-media":"","overlay-type":"","overlay-color":"","overlay-opacity":"","overlay-gradient":""},"tablet":{"background-color":"","background-image":"","background-repeat":"repeat","background-position":"center center","background-size":"auto","background-attachment":"scroll","background-type":"","background-media":"","overlay-type":"","overlay-color":"","overlay-opacity":"","overlay-gradient":""},"mobile":{"background-color":"","background-image":"","background-repeat":"repeat","background-position":"center center","background-size":"auto","background-attachment":"scroll","background-type":"","background-media":"","overlay-type":"","overlay-color":"","overlay-opacity":"","overlay-gradient":""}},"ast-content-background-meta":{"desktop":{"background-color":"var(--ast-global-color-5)","background-image":"","background-repeat":"repeat","background-position":"center center","background-size":"auto","background-attachment":"scroll","background-type":"","background-media":"","overlay-type":"","overlay-color":"","overlay-opacity":"","overlay-gradient":""},"tablet":{"background-color":"var(--ast-global-color-5)","background-image":"","background-repeat":"repeat","background-position":"center center","background-size":"auto","background-attachment":"scroll","background-type":"","background-media":"","overlay-type":"","overlay-color":"","overlay-opacity":"","overlay-gradient":""},"mobile":{"background-color":"var(--ast-global-color-5)","background-image":"","background-repeat":"repeat","background-position":"center center","background-size":"auto","background-attachment":"scroll","background-type":"","background-media":"","overlay-type":"","overlay-color":"","overlay-opacity":"","overlay-gradient":""}},"footnotes":""},"categories":[8],"tags":[6224,9251,46805,46804,16903],"class_list":["post-117751","post","type-post","status-publish","format-standard","has-post-thumbnail","hentry","category-noticias","tag-pt","tag-reforma-electoral","tag-reginaldo-sandoval","tag-retroceso-a-la-democracia","tag-sheinbaum"],"_links":{"self":[{"href":"https:\/\/losperiodistas.com.mx\/portal\/wp-json\/wp\/v2\/posts\/117751","targetHints":{"allow":["GET"]}}],"collection":[{"href":"https:\/\/losperiodistas.com.mx\/portal\/wp-json\/wp\/v2\/posts"}],"about":[{"href":"https:\/\/losperiodistas.com.mx\/portal\/wp-json\/wp\/v2\/types\/post"}],"author":[{"embeddable":true,"href":"https:\/\/losperiodistas.com.mx\/portal\/wp-json\/wp\/v2\/users\/1"}],"replies":[{"embeddable":true,"href":"https:\/\/losperiodistas.com.mx\/portal\/wp-json\/wp\/v2\/comments?post=117751"}],"version-history":[{"count":1,"href":"https:\/\/losperiodistas.com.mx\/portal\/wp-json\/wp\/v2\/posts\/117751\/revisions"}],"predecessor-version":[{"id":117753,"href":"https:\/\/losperiodistas.com.mx\/portal\/wp-json\/wp\/v2\/posts\/117751\/revisions\/117753"}],"wp:featuredmedia":[{"embeddable":true,"href":"https:\/\/losperiodistas.com.mx\/portal\/wp-json\/wp\/v2\/media\/117752"}],"wp:attachment":[{"href":"https:\/\/losperiodistas.com.mx\/portal\/wp-json\/wp\/v2\/media?parent=117751"}],"wp:term":[{"taxonomy":"category","embeddable":true,"href":"https:\/\/losperiodistas.com.mx\/portal\/wp-json\/wp\/v2\/categories?post=117751"},{"taxonomy":"post_tag","embeddable":true,"href":"https:\/\/losperiodistas.com.mx\/portal\/wp-json\/wp\/v2\/tags?post=117751"}],"curies":[{"name":"wp","href":"https:\/\/api.w.org\/{rel}","templated":true}]}}