{"id":117748,"date":"2026-03-03T18:45:16","date_gmt":"2026-03-04T00:45:16","guid":{"rendered":"https:\/\/losperiodistas.com.mx\/portal\/?p=117748"},"modified":"2026-03-03T18:45:18","modified_gmt":"2026-03-04T00:45:18","slug":"sre-informa-de-evacuacion-de-121-mexicanos-de-medio-oriente-por-via-terrestre-seran-mas-unotv","status":"publish","type":"post","link":"https:\/\/losperiodistas.com.mx\/portal\/sre-informa-de-evacuacion-de-121-mexicanos-de-medio-oriente-por-via-terrestre-seran-mas-unotv\/","title":{"rendered":"SRE informa de evacuaci\u00f3n de 121 Mexicanos de Medio Oriente por v\u00eda terrestre; ser\u00e1n m\u00e1s | UnoTV"},"content":{"rendered":"\n<p>La SRE inform\u00f3 este 3 de marzo que <strong>121 mexicanos han sido evacuados por rutas terrestres seguras<\/strong> desde Ir\u00e1n, Israel, Jordania, L\u00edbano y Qatar, en el contexto del conflicto en Medio Oriente; adem\u00e1s, confirm\u00f3 que habr\u00e1 m\u00e1s salidas programadas y que no hay connacionales afectados en su integridad f\u00edsica hasta el momento.<\/p>\n\n\n\n<figure class=\"wp-block-image size-large\"><img fetchpriority=\"high\" decoding=\"async\" width=\"1024\" height=\"631\" src=\"https:\/\/losperiodistas.com.mx\/portal\/wp-content\/uploads\/2026\/03\/MexicanosEvacuados-1024x631.png\" alt=\"\" class=\"wp-image-117749\" srcset=\"https:\/\/losperiodistas.com.mx\/portal\/wp-content\/uploads\/2026\/03\/MexicanosEvacuados-1024x631.png 1024w, https:\/\/losperiodistas.com.mx\/portal\/wp-content\/uploads\/2026\/03\/MexicanosEvacuados-300x185.png 300w, https:\/\/losperiodistas.com.mx\/portal\/wp-content\/uploads\/2026\/03\/MexicanosEvacuados-768x473.png 768w, https:\/\/losperiodistas.com.mx\/portal\/wp-content\/uploads\/2026\/03\/MexicanosEvacuados.png 1350w\" sizes=\"(max-width: 1024px) 100vw, 1024px\" \/><\/figure>\n\n\n\n<p class=\"has-vivid-red-color has-text-color has-link-color wp-elements-fd9d00fdd8664ecf23271a0fdfc870cb\">Jos\u00e9 Fernando Franco Guti\u00e9rrez \/ UnoTV<\/p>\n\n\n\n<p>En un comunicado, la Canciller\u00eda se\u00f1al\u00f3 que las embajadas de M\u00e9xico en la regi\u00f3n contin\u00faan operando en estado de alerta y mantienen contacto permanente con las y los mexicanos.<\/p>\n\n\n\n<figure class=\"wp-block-embed is-type-rich is-provider-twitter wp-block-embed-twitter\"><div class=\"wp-block-embed__wrapper\">\n<blockquote class=\"twitter-tweet\" data-width=\"500\" data-dnt=\"true\"><p lang=\"es\" dir=\"ltr\">Sobre la situaci\u00f3n en el Medio Oriente, la <a href=\"https:\/\/twitter.com\/SRE_mx?ref_src=twsrc%5Etfw\">@SRE_mx<\/a> informa que las embajadas de M\u00e9xico en la regi\u00f3n contin\u00faan operando en estado de alerta y en contacto permanente con nuestras y nuestros connacionales. No hay personas mexicanas afectadas en su integridad f\u00edsica, hasta este\u2026<\/p>&mdash; Relaciones Exteriores (@SRE_mx) <a href=\"https:\/\/twitter.com\/SRE_mx\/status\/2028869784318755125?ref_src=twsrc%5Etfw\">March 3, 2026<\/a><\/blockquote><script async src=\"https:\/\/platform.twitter.com\/widgets.js\" charset=\"utf-8\"><\/script>\n<\/div><\/figure>\n\n\n\n<h2 class=\"wp-block-heading\">Evacuaciones continuar\u00e1n<\/h2>\n\n\n\n<p>La SRE detall\u00f3 que el n\u00famero de evacuados aumentar\u00e1, ya que m\u00e1s personas est\u00e1n programadas para salir con apoyo de las embajadas mexicanas.<\/p>\n\n\n\n<p>Cada caso se analiza de manera individual para garantizar que los corredores de evacuaci\u00f3n operen con seguridad, adem\u00e1s de <strong>evaluar alternativas adicionales<\/strong>.<\/p>\n\n\n\n<p>La SRE reiter\u00f3 que continuar\u00e1 monitoreando la situaci\u00f3n y brindando <strong>apoyo a los mexicanos<\/strong> que permanecen en la regi\u00f3n.<\/p>\n\n\n\n<h2 class=\"wp-block-heading\" id=\"h-telefonos-de-emergencia-para-mexicanos-en-la-region\">Tel\u00e9fonos de emergencia para mexicanos en la regi\u00f3n<\/h2>\n\n\n\n<p>La Canciller\u00eda reiter\u00f3 los n\u00fameros de atenci\u00f3n consular:<\/p>\n\n\n\n<p><strong>Embajada en Ir\u00e1n<\/strong><br>+989121224463<\/p>\n\n\n\n<p><strong>Embajada en Israel<\/strong><br>054-316-6717<\/p>\n\n\n\n<p><strong>Embajada en Jordania<\/strong><br>0778 00 0494<\/p>\n\n\n\n<p><strong>Embajada en Qatar<\/strong><br>3363 4450<\/p>\n\n\n\n<p><strong>Embajada en Arabia Saudita<\/strong><br>+966557539374<\/p>\n\n\n\n<p><strong>Embajada en Kuwait<\/strong><br>+965 9401 6333<\/p>\n\n\n\n<p><strong>Embajada en Emiratos \u00c1rabes Unidos<\/strong><br>504 54 0273<\/p>\n\n\n\n<p><strong>Embajada en L\u00edbano<\/strong><br>03 044 598<\/p>\n\n\n\n<p><strong>Oficina de Representaci\u00f3n en Palestina<\/strong><br>+972 54 447 0095<\/p>\n\n\n\n<h2 class=\"wp-block-heading\" id=\"h-lo-ultimo-en-medio-oriente\">Lo \u00faltimo en Medio Oriente<\/h2>\n\n\n\n<p>El Ej\u00e9rcito de Israel inform\u00f3 este martes 3 de marzo que realiz\u00f3 nuevos ataques a gran escala en Teher\u00e1n, mientras que periodistas reportaron explosiones en la capital iran\u00ed.<\/p>\n\n\n\n<p>En Arabia Saudita, la <strong>Embajada de Estados Unidos<\/strong> en Riad <strong>cerr\u00f3<\/strong>, tras sufrir un incendio al ser impactada por drones, sin que se reportaran v\u00edctimas.<\/p>\n\n\n\n<p>La Embajada de Estados Unidos en Kuwait tambi\u00e9n anunci\u00f3 su <strong>cierre temporal<\/strong> por las tensiones regionales.<\/p>\n\n\n\n<p>Por su parte, la Uni\u00f3n Europea activ\u00f3 su Mecanismo de Protecci\u00f3n Civil para ayudar a Italia, Eslovaquia y Austria en la evacuaci\u00f3n de sus ciudadanos.<\/p>\n\n\n\n<p>Fuente: <a href=\"https:\/\/www.unotv.com\/internacional\/evacuan-a-121-mexicanos-de-medio-oriente-por-via-terrestre-sre-informa-que-seran-mas\/\" target=\"_blank\" rel=\"noreferrer noopener\">UnoTV<\/a><\/p>\n","protected":false},"excerpt":{"rendered":"<p>La SRE inform\u00f3 este 3 de marzo que 121 mexicanos han sido evacuados por rutas terrestres seguras desde Ir\u00e1n, Israel, [&hellip;]<\/p>\n","protected":false},"author":1,"featured_media":117749,"comment_status":"open","ping_status":"open","sticky":false,"template":"","format":"standard","meta":{"site-sidebar-layout":"default","site-content-layout":"","ast-site-content-layout":"default","site-content-style":"default","site-sidebar-style":"default","ast-global-header-display":"","ast-banner-title-visibility":"","ast-main-header-display":"","ast-hfb-above-header-display":"","ast-hfb-below-header-display":"","ast-hfb-mobile-header-display":"","site-post-title":"","ast-breadcrumbs-content":"","ast-featured-img":"","footer-sml-layout":"","theme-transparent-header-meta":"","adv-header-id-meta":"","stick-header-meta":"","header-above-stick-meta":"","header-main-stick-meta":"","header-below-stick-meta":"","astra-migrate-meta-layouts":"default","ast-page-background-enabled":"default","ast-page-background-meta":{"desktop":{"background-color":"var(--ast-global-color-4)","background-image":"","background-repeat":"repeat","background-position":"center center","background-size":"auto","background-attachment":"scroll","background-type":"","background-media":"","overlay-type":"","overlay-color":"","overlay-opacity":"","overlay-gradient":""},"tablet":{"background-color":"","background-image":"","background-repeat":"repeat","background-position":"center center","background-size":"auto","background-attachment":"scroll","background-type":"","background-media":"","overlay-type":"","overlay-color":"","overlay-opacity":"","overlay-gradient":""},"mobile":{"background-color":"","background-image":"","background-repeat":"repeat","background-position":"center center","background-size":"auto","background-attachment":"scroll","background-type":"","background-media":"","overlay-type":"","overlay-color":"","overlay-opacity":"","overlay-gradient":""}},"ast-content-background-meta":{"desktop":{"background-color":"var(--ast-global-color-5)","background-image":"","background-repeat":"repeat","background-position":"center center","background-size":"auto","background-attachment":"scroll","background-type":"","background-media":"","overlay-type":"","overlay-color":"","overlay-opacity":"","overlay-gradient":""},"tablet":{"background-color":"var(--ast-global-color-5)","background-image":"","background-repeat":"repeat","background-position":"center center","background-size":"auto","background-attachment":"scroll","background-type":"","background-media":"","overlay-type":"","overlay-color":"","overlay-opacity":"","overlay-gradient":""},"mobile":{"background-color":"var(--ast-global-color-5)","background-image":"","background-repeat":"repeat","background-position":"center center","background-size":"auto","background-attachment":"scroll","background-type":"","background-media":"","overlay-type":"","overlay-color":"","overlay-opacity":"","overlay-gradient":""}},"footnotes":""},"categories":[8],"tags":[46803,46802,12671,1582,32037,18073,9509,8384],"class_list":["post-117748","post","type-post","status-publish","format-standard","has-post-thumbnail","hentry","category-noticias","tag-121-mexicanos-evacuados","tag-evacuacion-de-mexicanos","tag-iran","tag-israel","tag-jordania","tag-libano","tag-qatar","tag-sre"],"_links":{"self":[{"href":"https:\/\/losperiodistas.com.mx\/portal\/wp-json\/wp\/v2\/posts\/117748","targetHints":{"allow":["GET"]}}],"collection":[{"href":"https:\/\/losperiodistas.com.mx\/portal\/wp-json\/wp\/v2\/posts"}],"about":[{"href":"https:\/\/losperiodistas.com.mx\/portal\/wp-json\/wp\/v2\/types\/post"}],"author":[{"embeddable":true,"href":"https:\/\/losperiodistas.com.mx\/portal\/wp-json\/wp\/v2\/users\/1"}],"replies":[{"embeddable":true,"href":"https:\/\/losperiodistas.com.mx\/portal\/wp-json\/wp\/v2\/comments?post=117748"}],"version-history":[{"count":1,"href":"https:\/\/losperiodistas.com.mx\/portal\/wp-json\/wp\/v2\/posts\/117748\/revisions"}],"predecessor-version":[{"id":117750,"href":"https:\/\/losperiodistas.com.mx\/portal\/wp-json\/wp\/v2\/posts\/117748\/revisions\/117750"}],"wp:featuredmedia":[{"embeddable":true,"href":"https:\/\/losperiodistas.com.mx\/portal\/wp-json\/wp\/v2\/media\/117749"}],"wp:attachment":[{"href":"https:\/\/losperiodistas.com.mx\/portal\/wp-json\/wp\/v2\/media?parent=117748"}],"wp:term":[{"taxonomy":"category","embeddable":true,"href":"https:\/\/losperiodistas.com.mx\/portal\/wp-json\/wp\/v2\/categories?post=117748"},{"taxonomy":"post_tag","embeddable":true,"href":"https:\/\/losperiodistas.com.mx\/portal\/wp-json\/wp\/v2\/tags?post=117748"}],"curies":[{"name":"wp","href":"https:\/\/api.w.org\/{rel}","templated":true}]}}