{"id":1177,"date":"2020-11-14T09:44:31","date_gmt":"2020-11-14T15:44:31","guid":{"rendered":"http:\/\/losperiodistas.com.mx\/portal\/?p=1177"},"modified":"2020-11-14T09:44:31","modified_gmt":"2020-11-14T15:44:31","slug":"los-desafios-de-joe-biden","status":"publish","type":"post","link":"https:\/\/losperiodistas.com.mx\/portal\/los-desafios-de-joe-biden\/","title":{"rendered":"Los Desaf\u00edos de Joe Biden"},"content":{"rendered":"\n<p style=\"font-size:26px\"><em>Por Dr. Juan Carlos Botello\/ Dr. Werner G.C. Voigt\/ UPAEP*<\/em><\/p>\n\n\n\n<figure class=\"wp-block-table\"><table><tbody><tr><td>La nueva presidencia de Joe Biden traer\u00e1 una nueva etapa de normalidad en las relaciones internacionales y retos de suma importancia con la Uni\u00f3n Europea, la OTAN y China; as\u00ed como con instituciones internacionales que su predecesor lastim\u00f3 profundamente con la esperanza de regresar al multilateralismo y enterrar las pol\u00edticas proteccionistas que han da\u00f1ado a muchos. Donald Trump ha demostrado en estos nefastos cuatro a\u00f1os ser un presidente que ha puesto a muchos pa\u00edses en el mundo en una posici\u00f3n de sumisi\u00f3n frente a su pol\u00edtica de \u201cAmerica first\u201d y ha socavado los cimientos de la estabilidad mundial.<br><br>Joe Biden tiene por delante un sinf\u00edn de tareas, una misi\u00f3n complicada para arreglar las peligrosas irregularidades que durante cuatro a\u00f1os Trump ha ejercido de forma unilateral como si su presidencia fuera su consorcio empresarial. Para Biden, la misi\u00f3n de recuperar el liderazgo mundial no ser\u00e1 f\u00e1cil y m\u00e1s cuando China no deja de ganar cada vez m\u00e1s protagonismo e influencia en el mundo actual. Europa, seguramente se va a ver favorecida por Biden excepto por el Reino Unido y su primer ministro Boris Johnson el fan de Trump y protagonista del Brexit.<br><br>El nuevo inquilino de la Casa Blanca siempre se manifest\u00f3 contra el Brexit lo que va a frenar cualquier progreso en las negociaciones hacia un tratado de libre comercio bilateral entre E.U.A. y el Reino Unido. Adem\u00e1s, siendo la prioridad n\u00famero uno de Biden la lucha contra el Covid-19, las pol\u00edticas populistas fracasadas de Boris Johnson exactamente como las de Trump, Biden nunca va a tolerar esas pol\u00edticas irreales que s\u00f3lo sirven para hacer da\u00f1o econ\u00f3mico, enfermedad y una horrible cantidad de muertos.<br><br>En este momento el desaf\u00edo principal de Biden es que su partido dem\u00f3crata tenga control del Senado que a\u00fan est\u00e1 en disputa hasta la primera semana de enero del a\u00f1o pr\u00f3ximo, aunque \u00e9l gan\u00f3 en el Colegio Electoral por un buen margen y se ubica con 5 millones de votos por arriba de Trump en el voto popular. Tener 51 votos del total de 100 en el senado ser\u00e1 clave para que el nuevo presidente pueda gobernar en Estados Unidos con nuevas leyes que van a revertir los da\u00f1os causados por Trump y todo apunta a que los obst\u00e1culos que el l\u00edder de los Republicanos en el Senado, Mitch McConnell, ya ha prometido interponer, podr\u00edan paralizar casi la totalidad de las propuestas legislativas del nuevo presidente porque estos necesitan la aprobaci\u00f3n de ambas c\u00e1maras del congreso. \u00danicamente una victoria el 5 de enero de 2021 de los dos candidatos dem\u00f3cratas al Senado, Raphael Warnock y Jon Osssof, en una elecci\u00f3n extraordinaria en el estado de Georgia puede resolver el dilema actual de Biden.<br><br>Entre todos los desaf\u00edos, hay uno que ahora afecta a M\u00e9xico: a varios d\u00edas de haberse convertido en presidente-electo, Biden ha recibido las felicitaciones de pr\u00e1cticamente todos los l\u00edderes de las democracias del mundo con la notable excepci\u00f3n de L\u00f3pez Obrador, en compa\u00f1\u00eda de los dictadores, Putin, Kim Jong Un, Xi Jin Ping, Duterte etc. Seg\u00fan AMLO, dice que no lo ha felicitado por qu\u00e9 su gobierno se va a esperar hasta que se resuelvan las cuestiones legales, asumiendo que le hicieron fraude electoral a Trump. Este mal comienzo para la relaci\u00f3n AMLO \u2013 Biden est\u00e1 causando una ola de profunda consternaci\u00f3n en Washington por la aparente falta de sensibilidad diplom\u00e1tica. Pareciera que a AMLO le interesa m\u00e1s estar con el desorden, la ilegalidad, el racismo, y sobre todo la cordura.<\/td><\/tr><tr><td><\/td><\/tr><\/tbody><\/table><figcaption>*<strong><em>Dr. Juan Carlos Botello<\/em><\/strong><br>Director Acad\u00e9mico<br>Facultad de Comercio Internacional y Log\u00edstica<br>UPAEP<br><strong><em>Dr. Werner G.C. Voigt<\/em><\/strong><br>Profesor Em\u00e9rito<\/figcaption><\/figure>\n","protected":false},"excerpt":{"rendered":"<p>Por Dr. Juan Carlos Botello\/ Dr. Werner G.C. Voigt\/ UPAEP* La nueva presidencia de Joe Biden traer\u00e1 una nueva etapa [&hellip;]<\/p>\n","protected":false},"author":1,"featured_media":1179,"comment_status":"open","ping_status":"open","sticky":false,"template":"","format":"standard","meta":{"site-sidebar-layout":"default","site-content-layout":"","ast-site-content-layout":"default","site-content-style":"default","site-sidebar-style":"default","ast-global-header-display":"","ast-banner-title-visibility":"","ast-main-header-display":"","ast-hfb-above-header-display":"","ast-hfb-below-header-display":"","ast-hfb-mobile-header-display":"","site-post-title":"","ast-breadcrumbs-content":"","ast-featured-img":"","footer-sml-layout":"","theme-transparent-header-meta":"","adv-header-id-meta":"","stick-header-meta":"","header-above-stick-meta":"","header-main-stick-meta":"","header-below-stick-meta":"","astra-migrate-meta-layouts":"default","ast-page-background-enabled":"default","ast-page-background-meta":{"desktop":{"background-color":"var(--ast-global-color-4)","background-image":"","background-repeat":"repeat","background-position":"center center","background-size":"auto","background-attachment":"scroll","background-type":"","background-media":"","overlay-type":"","overlay-color":"","overlay-opacity":"","overlay-gradient":""},"tablet":{"background-color":"","background-image":"","background-repeat":"repeat","background-position":"center center","background-size":"auto","background-attachment":"scroll","background-type":"","background-media":"","overlay-type":"","overlay-color":"","overlay-opacity":"","overlay-gradient":""},"mobile":{"background-color":"","background-image":"","background-repeat":"repeat","background-position":"center center","background-size":"auto","background-attachment":"scroll","background-type":"","background-media":"","overlay-type":"","overlay-color":"","overlay-opacity":"","overlay-gradient":""}},"ast-content-background-meta":{"desktop":{"background-color":"var(--ast-global-color-5)","background-image":"","background-repeat":"repeat","background-position":"center center","background-size":"auto","background-attachment":"scroll","background-type":"","background-media":"","overlay-type":"","overlay-color":"","overlay-opacity":"","overlay-gradient":""},"tablet":{"background-color":"var(--ast-global-color-5)","background-image":"","background-repeat":"repeat","background-position":"center center","background-size":"auto","background-attachment":"scroll","background-type":"","background-media":"","overlay-type":"","overlay-color":"","overlay-opacity":"","overlay-gradient":""},"mobile":{"background-color":"var(--ast-global-color-5)","background-image":"","background-repeat":"repeat","background-position":"center center","background-size":"auto","background-attachment":"scroll","background-type":"","background-media":"","overlay-type":"","overlay-color":"","overlay-opacity":"","overlay-gradient":""}},"footnotes":""},"categories":[20],"tags":[],"class_list":["post-1177","post","type-post","status-publish","format-standard","has-post-thumbnail","hentry","category-analisis-estrategico"],"_links":{"self":[{"href":"https:\/\/losperiodistas.com.mx\/portal\/wp-json\/wp\/v2\/posts\/1177","targetHints":{"allow":["GET"]}}],"collection":[{"href":"https:\/\/losperiodistas.com.mx\/portal\/wp-json\/wp\/v2\/posts"}],"about":[{"href":"https:\/\/losperiodistas.com.mx\/portal\/wp-json\/wp\/v2\/types\/post"}],"author":[{"embeddable":true,"href":"https:\/\/losperiodistas.com.mx\/portal\/wp-json\/wp\/v2\/users\/1"}],"replies":[{"embeddable":true,"href":"https:\/\/losperiodistas.com.mx\/portal\/wp-json\/wp\/v2\/comments?post=1177"}],"version-history":[{"count":1,"href":"https:\/\/losperiodistas.com.mx\/portal\/wp-json\/wp\/v2\/posts\/1177\/revisions"}],"predecessor-version":[{"id":1180,"href":"https:\/\/losperiodistas.com.mx\/portal\/wp-json\/wp\/v2\/posts\/1177\/revisions\/1180"}],"wp:featuredmedia":[{"embeddable":true,"href":"https:\/\/losperiodistas.com.mx\/portal\/wp-json\/wp\/v2\/media\/1179"}],"wp:attachment":[{"href":"https:\/\/losperiodistas.com.mx\/portal\/wp-json\/wp\/v2\/media?parent=1177"}],"wp:term":[{"taxonomy":"category","embeddable":true,"href":"https:\/\/losperiodistas.com.mx\/portal\/wp-json\/wp\/v2\/categories?post=1177"},{"taxonomy":"post_tag","embeddable":true,"href":"https:\/\/losperiodistas.com.mx\/portal\/wp-json\/wp\/v2\/tags?post=1177"}],"curies":[{"name":"wp","href":"https:\/\/api.w.org\/{rel}","templated":true}]}}