{"id":11765,"date":"2021-08-18T18:11:57","date_gmt":"2021-08-18T23:11:57","guid":{"rendered":"http:\/\/losperiodistas.com.mx\/portal\/?p=11765"},"modified":"2021-08-18T18:11:58","modified_gmt":"2021-08-18T23:11:58","slug":"mexico-vive-su-peor-jornada-en-lo-que-va-de-la-tercera-ola-con-record-de-muertes-y-contagios-l-d-digital","status":"publish","type":"post","link":"https:\/\/losperiodistas.com.mx\/portal\/mexico-vive-su-peor-jornada-en-lo-que-va-de-la-tercera-ola-con-record-de-muertes-y-contagios-l-d-digital\/","title":{"rendered":"M\u00e9xico vive su peor jornada en lo que va de la tercera ola con r\u00e9cord de muertes y contagios | L-D Digital"},"content":{"rendered":"\n<p style=\"font-size:18px\"><em>En las \u00faltimas 24 horas en M\u00e9xico se registraron 28 mil 953 contagios y 940 defunciones a causa del nuevo coronavirus<\/em><\/p>\n\n\n\n<figure class=\"wp-block-image size-large\"><img fetchpriority=\"high\" decoding=\"async\" width=\"791\" height=\"1024\" src=\"https:\/\/losperiodistas.com.mx\/portal\/wp-content\/uploads\/2021\/08\/descargaagosto-18-covid-791x1024.png\" alt=\"\" class=\"wp-image-11770\" srcset=\"https:\/\/losperiodistas.com.mx\/portal\/wp-content\/uploads\/2021\/08\/descargaagosto-18-covid-791x1024.png 791w, https:\/\/losperiodistas.com.mx\/portal\/wp-content\/uploads\/2021\/08\/descargaagosto-18-covid-232x300.png 232w, https:\/\/losperiodistas.com.mx\/portal\/wp-content\/uploads\/2021\/08\/descargaagosto-18-covid-768x994.png 768w, https:\/\/losperiodistas.com.mx\/portal\/wp-content\/uploads\/2021\/08\/descargaagosto-18-covid-1187x1536.png 1187w, https:\/\/losperiodistas.com.mx\/portal\/wp-content\/uploads\/2021\/08\/descargaagosto-18-covid.png 1426w\" sizes=\"(max-width: 791px) 100vw, 791px\" \/><\/figure>\n\n\n\n<p class=\"has-vivid-cyan-blue-color has-text-color has-medium-font-size\">L\u00d3PEZ-D\u00d3RIGA DIGITAL<\/p>\n\n\n\n<p><strong>M\u00e9xico<\/strong>&nbsp;vivi\u00f3 su peor jornada en lo que se refiere a&nbsp;<strong>contagios<\/strong>&nbsp;y&nbsp;<strong>muertes<\/strong>&nbsp;por COVID-19 en lo que va de la tercera ola de la epidemia.<\/p>\n\n\n\n<p>De acuerdo con cifras de la\u00a0<strong>Secretar\u00eda de Salud<\/strong>, M\u00e9xico suma 3 millones 152 mil 205 casos positivos y 250 mil 469 muertes por COVID-19.<\/p>\n\n\n\n<p>En las \u00faltimas 24 horas se registraron\u00a0<strong>28 mil 953 contagios<\/strong>\u00a0y\u00a0<strong>940 defunciones<\/strong>\u00a0a causa del virus.<\/p>\n\n\n\n<p><strong>M\u00e9xico<\/strong>&nbsp;super\u00f3 este mi\u00e9rcoles los 250 mil decesos confirmados por el COVID-19, en plena tercera ola de la&nbsp;<strong>pandemia<\/strong>, con lo que se mantuvo como el cuarto pa\u00eds del mundo con m\u00e1s muertes por COVID-19, por detr\u00e1s de Estados Unidos, Brasil e India.<\/p>\n\n\n\n<p>El pa\u00eds ahora vive un tercer repunte y avanza en su plan de vacunaci\u00f3n, report\u00f3 su primera muerte por\u00a0<strong>coronavirus<\/strong>\u00a0el 18 de marzo de 2020 y casi un a\u00f1o despu\u00e9s, el 25 de marzo de 2021, super\u00f3 las 200 mil muertes por COVID-19.<\/p>\n\n\n\n<p>Fuente: https:\/\/lopezdoriga.com\/nacional\/mexico-tercera-ola-contagios-muertes\/<\/p>\n","protected":false},"excerpt":{"rendered":"<p>En las \u00faltimas 24 horas en M\u00e9xico se registraron 28 mil 953 contagios y 940 defunciones a causa del nuevo [&hellip;]<\/p>\n","protected":false},"author":1,"featured_media":11770,"comment_status":"open","ping_status":"open","sticky":false,"template":"","format":"standard","meta":{"site-sidebar-layout":"default","site-content-layout":"","ast-site-content-layout":"default","site-content-style":"default","site-sidebar-style":"default","ast-global-header-display":"","ast-banner-title-visibility":"","ast-main-header-display":"","ast-hfb-above-header-display":"","ast-hfb-below-header-display":"","ast-hfb-mobile-header-display":"","site-post-title":"","ast-breadcrumbs-content":"","ast-featured-img":"","footer-sml-layout":"","theme-transparent-header-meta":"","adv-header-id-meta":"","stick-header-meta":"","header-above-stick-meta":"","header-main-stick-meta":"","header-below-stick-meta":"","astra-migrate-meta-layouts":"default","ast-page-background-enabled":"default","ast-page-background-meta":{"desktop":{"background-color":"var(--ast-global-color-4)","background-image":"","background-repeat":"repeat","background-position":"center center","background-size":"auto","background-attachment":"scroll","background-type":"","background-media":"","overlay-type":"","overlay-color":"","overlay-opacity":"","overlay-gradient":""},"tablet":{"background-color":"","background-image":"","background-repeat":"repeat","background-position":"center center","background-size":"auto","background-attachment":"scroll","background-type":"","background-media":"","overlay-type":"","overlay-color":"","overlay-opacity":"","overlay-gradient":""},"mobile":{"background-color":"","background-image":"","background-repeat":"repeat","background-position":"center center","background-size":"auto","background-attachment":"scroll","background-type":"","background-media":"","overlay-type":"","overlay-color":"","overlay-opacity":"","overlay-gradient":""}},"ast-content-background-meta":{"desktop":{"background-color":"var(--ast-global-color-5)","background-image":"","background-repeat":"repeat","background-position":"center center","background-size":"auto","background-attachment":"scroll","background-type":"","background-media":"","overlay-type":"","overlay-color":"","overlay-opacity":"","overlay-gradient":""},"tablet":{"background-color":"var(--ast-global-color-5)","background-image":"","background-repeat":"repeat","background-position":"center center","background-size":"auto","background-attachment":"scroll","background-type":"","background-media":"","overlay-type":"","overlay-color":"","overlay-opacity":"","overlay-gradient":""},"mobile":{"background-color":"var(--ast-global-color-5)","background-image":"","background-repeat":"repeat","background-position":"center center","background-size":"auto","background-attachment":"scroll","background-type":"","background-media":"","overlay-type":"","overlay-color":"","overlay-opacity":"","overlay-gradient":""}},"footnotes":""},"categories":[8],"tags":[3348,59,3130,3347],"class_list":["post-11765","post","type-post","status-publish","format-standard","has-post-thumbnail","hentry","category-noticias","tag-28953-contagios","tag-covid-mexico","tag-nuevo-record-covid-mexico","tag-teercera-ola"],"_links":{"self":[{"href":"https:\/\/losperiodistas.com.mx\/portal\/wp-json\/wp\/v2\/posts\/11765","targetHints":{"allow":["GET"]}}],"collection":[{"href":"https:\/\/losperiodistas.com.mx\/portal\/wp-json\/wp\/v2\/posts"}],"about":[{"href":"https:\/\/losperiodistas.com.mx\/portal\/wp-json\/wp\/v2\/types\/post"}],"author":[{"embeddable":true,"href":"https:\/\/losperiodistas.com.mx\/portal\/wp-json\/wp\/v2\/users\/1"}],"replies":[{"embeddable":true,"href":"https:\/\/losperiodistas.com.mx\/portal\/wp-json\/wp\/v2\/comments?post=11765"}],"version-history":[{"count":1,"href":"https:\/\/losperiodistas.com.mx\/portal\/wp-json\/wp\/v2\/posts\/11765\/revisions"}],"predecessor-version":[{"id":11771,"href":"https:\/\/losperiodistas.com.mx\/portal\/wp-json\/wp\/v2\/posts\/11765\/revisions\/11771"}],"wp:featuredmedia":[{"embeddable":true,"href":"https:\/\/losperiodistas.com.mx\/portal\/wp-json\/wp\/v2\/media\/11770"}],"wp:attachment":[{"href":"https:\/\/losperiodistas.com.mx\/portal\/wp-json\/wp\/v2\/media?parent=11765"}],"wp:term":[{"taxonomy":"category","embeddable":true,"href":"https:\/\/losperiodistas.com.mx\/portal\/wp-json\/wp\/v2\/categories?post=11765"},{"taxonomy":"post_tag","embeddable":true,"href":"https:\/\/losperiodistas.com.mx\/portal\/wp-json\/wp\/v2\/tags?post=11765"}],"curies":[{"name":"wp","href":"https:\/\/api.w.org\/{rel}","templated":true}]}}