{"id":11762,"date":"2021-08-18T14:08:34","date_gmt":"2021-08-18T19:08:34","guid":{"rendered":"http:\/\/losperiodistas.com.mx\/portal\/?p=11762"},"modified":"2021-08-18T14:08:35","modified_gmt":"2021-08-18T19:08:35","slug":"ayuntamiento-de-puebla-instalara-1700-adornos-luminosos-con-motivos-del-mes-patrio","status":"publish","type":"post","link":"https:\/\/losperiodistas.com.mx\/portal\/ayuntamiento-de-puebla-instalara-1700-adornos-luminosos-con-motivos-del-mes-patrio\/","title":{"rendered":"Ayuntamiento de Puebla instalar\u00e1 1,700 adornos luminosos con motivos del mes patrio"},"content":{"rendered":"\n<p style=\"font-size:18px\"><em>Ser\u00e1n colocados en diferentes puntos emblem\u00e1ticos de la ciudad<\/em><\/p>\n\n\n\n<figure class=\"wp-block-image size-large\"><img fetchpriority=\"high\" decoding=\"async\" width=\"1024\" height=\"683\" src=\"https:\/\/losperiodistas.com.mx\/portal\/wp-content\/uploads\/2021\/08\/Captura-de-Pantalla-2021-08-18-a-las-14.07.13-1024x683.jpg\" alt=\"\" class=\"wp-image-11763\" srcset=\"https:\/\/losperiodistas.com.mx\/portal\/wp-content\/uploads\/2021\/08\/Captura-de-Pantalla-2021-08-18-a-las-14.07.13-1024x683.jpg 1024w, https:\/\/losperiodistas.com.mx\/portal\/wp-content\/uploads\/2021\/08\/Captura-de-Pantalla-2021-08-18-a-las-14.07.13-300x200.jpg 300w, https:\/\/losperiodistas.com.mx\/portal\/wp-content\/uploads\/2021\/08\/Captura-de-Pantalla-2021-08-18-a-las-14.07.13-768x512.jpg 768w, https:\/\/losperiodistas.com.mx\/portal\/wp-content\/uploads\/2021\/08\/Captura-de-Pantalla-2021-08-18-a-las-14.07.13-1536x1025.jpg 1536w, https:\/\/losperiodistas.com.mx\/portal\/wp-content\/uploads\/2021\/08\/Captura-de-Pantalla-2021-08-18-a-las-14.07.13.jpg 1604w\" sizes=\"(max-width: 1024px) 100vw, 1024px\" \/><\/figure>\n\n\n\n<p><\/p>\n\n\n\n<p class=\"has-vivid-cyan-blue-color has-text-color has-medium-font-size\">REDACCI\u00d3N<\/p>\n\n\n\n<p>Con motivo de las Fiestas Patrias, el Ayuntamiento de Puebla colocar\u00e1<br>mil 700 adornos luminosos en diferentes puntos de la ciudad, los cuales<br>equivalen a m\u00e1s de 440 mil focos con tecnolog\u00eda LED.<\/p>\n\n\n\n<p>La colocaci\u00f3n de los adornos finalizar\u00e1 el 31 de agosto y ese d\u00eda se tiene<br>previsto realizar el encendido para dar inicio a las actividades del mes<br>patrio.<\/p>\n\n\n\n<p>Los adornos, como en a\u00f1os anteriores, ser\u00e1n colocados en Avenida<br>Reforma, Juan de Palafox y Mendoza, Calle 5 de Mayo, 2 Norte y<br>Calzada Zaragoza.<\/p>\n\n\n\n<p>De la misma manera, se colocar\u00e1n adornos en hitos hist\u00f3ricos de la<br>capital, como los son el Z\u00f3calo, Palacio Municipal, Arco del Triunfo,<br>Puente de Ovando y los Portales de la 2 Sur.<\/p>\n\n\n\n<p>Su colocaci\u00f3n no genera un gasto extra al erario p\u00fablico, ya que se<br>encuentra dentro del contrato multianual con la empresa encargada del<br>mantenimiento al parque lum\u00ednico del municipio, EYPO.<\/p>\n\n\n\n<p>Fuente: https:\/\/bit.ly\/3stes6p<\/p>\n","protected":false},"excerpt":{"rendered":"<p>Ser\u00e1n colocados en diferentes puntos emblem\u00e1ticos de la ciudad REDACCI\u00d3N Con motivo de las Fiestas Patrias, el Ayuntamiento de Puebla [&hellip;]<\/p>\n","protected":false},"author":1,"featured_media":11763,"comment_status":"open","ping_status":"open","sticky":false,"template":"","format":"standard","meta":{"site-sidebar-layout":"default","site-content-layout":"","ast-site-content-layout":"default","site-content-style":"default","site-sidebar-style":"default","ast-global-header-display":"","ast-banner-title-visibility":"","ast-main-header-display":"","ast-hfb-above-header-display":"","ast-hfb-below-header-display":"","ast-hfb-mobile-header-display":"","site-post-title":"","ast-breadcrumbs-content":"","ast-featured-img":"","footer-sml-layout":"","theme-transparent-header-meta":"","adv-header-id-meta":"","stick-header-meta":"","header-above-stick-meta":"","header-main-stick-meta":"","header-below-stick-meta":"","astra-migrate-meta-layouts":"default","ast-page-background-enabled":"default","ast-page-background-meta":{"desktop":{"background-color":"var(--ast-global-color-4)","background-image":"","background-repeat":"repeat","background-position":"center center","background-size":"auto","background-attachment":"scroll","background-type":"","background-media":"","overlay-type":"","overlay-color":"","overlay-opacity":"","overlay-gradient":""},"tablet":{"background-color":"","background-image":"","background-repeat":"repeat","background-position":"center center","background-size":"auto","background-attachment":"scroll","background-type":"","background-media":"","overlay-type":"","overlay-color":"","overlay-opacity":"","overlay-gradient":""},"mobile":{"background-color":"","background-image":"","background-repeat":"repeat","background-position":"center center","background-size":"auto","background-attachment":"scroll","background-type":"","background-media":"","overlay-type":"","overlay-color":"","overlay-opacity":"","overlay-gradient":""}},"ast-content-background-meta":{"desktop":{"background-color":"var(--ast-global-color-5)","background-image":"","background-repeat":"repeat","background-position":"center center","background-size":"auto","background-attachment":"scroll","background-type":"","background-media":"","overlay-type":"","overlay-color":"","overlay-opacity":"","overlay-gradient":""},"tablet":{"background-color":"var(--ast-global-color-5)","background-image":"","background-repeat":"repeat","background-position":"center center","background-size":"auto","background-attachment":"scroll","background-type":"","background-media":"","overlay-type":"","overlay-color":"","overlay-opacity":"","overlay-gradient":""},"mobile":{"background-color":"var(--ast-global-color-5)","background-image":"","background-repeat":"repeat","background-position":"center center","background-size":"auto","background-attachment":"scroll","background-type":"","background-media":"","overlay-type":"","overlay-color":"","overlay-opacity":"","overlay-gradient":""}},"footnotes":""},"categories":[8],"tags":[3346,2523],"class_list":["post-11762","post","type-post","status-publish","format-standard","has-post-thumbnail","hentry","category-noticias","tag-adornos-patrios","tag-ciudad-de-puebla"],"_links":{"self":[{"href":"https:\/\/losperiodistas.com.mx\/portal\/wp-json\/wp\/v2\/posts\/11762","targetHints":{"allow":["GET"]}}],"collection":[{"href":"https:\/\/losperiodistas.com.mx\/portal\/wp-json\/wp\/v2\/posts"}],"about":[{"href":"https:\/\/losperiodistas.com.mx\/portal\/wp-json\/wp\/v2\/types\/post"}],"author":[{"embeddable":true,"href":"https:\/\/losperiodistas.com.mx\/portal\/wp-json\/wp\/v2\/users\/1"}],"replies":[{"embeddable":true,"href":"https:\/\/losperiodistas.com.mx\/portal\/wp-json\/wp\/v2\/comments?post=11762"}],"version-history":[{"count":1,"href":"https:\/\/losperiodistas.com.mx\/portal\/wp-json\/wp\/v2\/posts\/11762\/revisions"}],"predecessor-version":[{"id":11764,"href":"https:\/\/losperiodistas.com.mx\/portal\/wp-json\/wp\/v2\/posts\/11762\/revisions\/11764"}],"wp:featuredmedia":[{"embeddable":true,"href":"https:\/\/losperiodistas.com.mx\/portal\/wp-json\/wp\/v2\/media\/11763"}],"wp:attachment":[{"href":"https:\/\/losperiodistas.com.mx\/portal\/wp-json\/wp\/v2\/media?parent=11762"}],"wp:term":[{"taxonomy":"category","embeddable":true,"href":"https:\/\/losperiodistas.com.mx\/portal\/wp-json\/wp\/v2\/categories?post=11762"},{"taxonomy":"post_tag","embeddable":true,"href":"https:\/\/losperiodistas.com.mx\/portal\/wp-json\/wp\/v2\/tags?post=11762"}],"curies":[{"name":"wp","href":"https:\/\/api.w.org\/{rel}","templated":true}]}}