{"id":11759,"date":"2021-08-18T13:59:27","date_gmt":"2021-08-18T18:59:27","guid":{"rendered":"http:\/\/losperiodistas.com.mx\/portal\/?p=11759"},"modified":"2021-08-18T13:59:29","modified_gmt":"2021-08-18T18:59:29","slug":"dimite-enrique-marquez-director-de-la-diplomacia-cultural-por-la-polemica-sobre-los-agregados-en-espana-el-pais","status":"publish","type":"post","link":"https:\/\/losperiodistas.com.mx\/portal\/dimite-enrique-marquez-director-de-la-diplomacia-cultural-por-la-polemica-sobre-los-agregados-en-espana-el-pais\/","title":{"rendered":"Dimite Enrique M\u00e1rquez, director de la diplomacia cultural, por la pol\u00e9mica sobre los agregados en Espa\u00f1a | El Pa\u00eds"},"content":{"rendered":"\n<p style=\"font-size:18px\"><em>El pol\u00edtico anuncia su renuncia tras los cuestionamientos por el cese del ensayista Jorge F. Hern\u00e1ndez como agregado cultural en Madrid y el nombramiento de la escritora Brenda Lozano<\/em><\/p>\n\n\n\n<figure class=\"wp-block-image size-large\"><img fetchpriority=\"high\" decoding=\"async\" width=\"1024\" height=\"681\" src=\"https:\/\/losperiodistas.com.mx\/portal\/wp-content\/uploads\/2021\/08\/Captura-de-Pantalla-2021-08-18-a-las-13.57.07-1024x681.jpg\" alt=\"\" class=\"wp-image-11760\" srcset=\"https:\/\/losperiodistas.com.mx\/portal\/wp-content\/uploads\/2021\/08\/Captura-de-Pantalla-2021-08-18-a-las-13.57.07-1024x681.jpg 1024w, https:\/\/losperiodistas.com.mx\/portal\/wp-content\/uploads\/2021\/08\/Captura-de-Pantalla-2021-08-18-a-las-13.57.07-300x199.jpg 300w, https:\/\/losperiodistas.com.mx\/portal\/wp-content\/uploads\/2021\/08\/Captura-de-Pantalla-2021-08-18-a-las-13.57.07-768x510.jpg 768w, https:\/\/losperiodistas.com.mx\/portal\/wp-content\/uploads\/2021\/08\/Captura-de-Pantalla-2021-08-18-a-las-13.57.07.jpg 1288w\" sizes=\"(max-width: 1024px) 100vw, 1024px\" \/><figcaption>Enrique Marquez, director de la diplomacia cultural en M\u00e9xico durante un acto, en una foto de archivo.CORTES\u00cdA<\/figcaption><\/figure>\n\n\n\n<p class=\"has-vivid-cyan-blue-color has-text-color has-medium-font-size\">CONSTANZA LAMBERTUCCI \/ EL PA\u00cdS<\/p>\n\n\n\n<p>El director de la diplomacia cultural mexicana, Enrique M\u00e1rquez, ha anunciado este mi\u00e9rcoles su renuncia tras los cuestionamientos por&nbsp;<a href=\"https:\/\/elpais.com\/mexico\/2021-08-08\/mexico-cesa-el-contrato-del-escritor-jorge-f-hernandez-como-agregado-cultural-en-espana.html#?rel=mas\" target=\"_blank\" rel=\"noreferrer noopener\">el cese del ensayista Jorge F. Hern\u00e1ndez<\/a>&nbsp;como agregado cultural en Madrid y el&nbsp;<a href=\"https:\/\/elpais.com\/mexico\/2021-08-16\/brenda-lozano-sera-la-nueva-agregada-cultural-de-mexico-en-espana-buscaremos-una-promocion-de-la-cultura-descentralizada-joven-y-diversa.html\" target=\"_blank\" rel=\"noreferrer noopener\">nombramiento de la escritora Brenda Lozano<\/a>. M\u00e1rquez ha indicado que \u201cdebido a los acontecimientos que se suscitaron\u201d tras esas decisiones cree que sus \u201cespacios de acci\u00f3n con la comunidad cultural ya no son los de antes\u201d. \u201cConsidero muy dif\u00edcil que podamos seguir construyendo con grandes resultados y consensos\u201d, ha escrito en un comunicado difundido en Twitter y dirigido al canciller Marcelo Ebrard.<\/p>\n\n\n\n<h3 class=\"wp-block-heading\">M\u00c1S INFORMACI\u00d3N<\/h3>\n\n\n\n<ul class=\"wp-block-list\"><li><a href=\"https:\/\/elpais.com\/cultura\/2019\/03\/26\/actualidad\/1553602174_242764.html?rel=listapoyo\">Enrique M\u00e1rquez: \u201cEs mejor la pol\u00e9mica que el olvido\u201d<\/a><\/li><li><a href=\"https:\/\/elpais.com\/mexico\/opinion\/2021-08-09\/yo-me-libro.html?rel=listapoyo\">&#8216;Yo me libro&#8217;, por Jorge F. Hern\u00e1ndez<\/a><\/li><\/ul>\n\n\n\n<p>\u201cDebido a los recientes y lamentables acontecimientos que se suscitaron por la decisi\u00f3n de dar por terminada la comisi\u00f3n del agregado cultural de la Embajada de M\u00e9xico en Espa\u00f1a, Jorge F. Hern\u00e1ndez, y por el nombramiento de Brenda Lozano para sucederle en el cargo, considero que mis espacios de acci\u00f3n con la comunidad cultural ya no son los de antes\u201d, se lee en el escrito. M\u00e1rquez contin\u00faa: \u201cPor tal motivo considero muy dif\u00edcil que podamos seguir construyendo con grandes resultados y consensos, como hasta ahora, la diplomacia cultural que M\u00e9xico necesita en estos momentos en los que la cultura debe jugar un papel clave en la reinvenci\u00f3n del mundo\u201d.<\/p>\n\n\n\n<blockquote class=\"wp-block-quote is-layout-flow wp-block-quote-is-layout-flow\"><p>Les comparto la renuncia que acabo de presentar al Canciller Ebrard. SRE_mx\u2069 \u2066<a href=\"https:\/\/twitter.com\/m_ebrard?ref_src=twsrc%5Etfw\">@m_ebrard<\/a>\u2069 \u2066<a href=\"https:\/\/twitter.com\/DiplomaciacMX?ref_src=twsrc%5Etfw\">@DiplomaciacMX<\/a>\u2069&nbsp;<a href=\"https:\/\/t.co\/cJtsyMyuWW\">pic.twitter.com\/cJtsyMyuWW<\/a>\u2014 Enrique M\u00e1rquez (@emarquezj)&nbsp;<a href=\"https:\/\/twitter.com\/emarquezj\/status\/1427992002390417409?ref_src=twsrc%5Etfw\">August 18, 2021<\/a><\/p><\/blockquote>\n\n\n\n<p>El historiador y ensayista Jorge F. Hern\u00e1ndez fue cesado el 8 de agosto por supuestamente haber hecho comentarios \u201cmuy ofensivos y mis\u00f3ginos\u201d contra la embajadora mexicana en Madrid. De acuerdo con el \u00faltimo comunicado de la Secretar\u00eda de Exteriores, fue durante una reuni\u00f3n en la Ciudad de M\u00e9xico cuando Hern\u00e1ndez hizo los comentarios que se le atribuyen, que quedaron \u201cdocumentados\u201d. El escritor, que es columnista de EL PA\u00cdS,&nbsp;<a href=\"https:\/\/elpais.com\/mexico\/2021-08-09\/jorge-f-hernandez-yo-no-dije-ni-insinue-lo-que-ahora-quieren-poner-en-mi-boca.html#?rel=mas\" target=\"_blank\" rel=\"noreferrer noopener\">se defendi\u00f3 de esas acusaciones tras el despido<\/a>. \u201cSe refiere a una conversaci\u00f3n privada (&#8230;) donde lo que \u2018est\u00e1 documentado\u2019 son otros asuntos, muy ajenos a la embajadora, a las mujeres, a la igualdad de g\u00e9nero y a m\u00ed mismo\u201d, afirm\u00f3 el autor, y continu\u00f3: \u201cTengo pruebas escritas donde consta que yo no dije ni insinu\u00e9 lo que ahora quieren poner en mi boca\u201d.<\/p>\n\n\n\n<p>M\u00e1rquez ha asegurado este mi\u00e9rcoles que ya respondi\u00f3 a una solicitud de informaci\u00f3n remitida por la Unidad de Transparencia de la Secretar\u00eda de Relaciones Exteriores sobre el cese del Jorge F. Hern\u00e1ndez. \u201cCon ese informe, la comunidad cultural y la opini\u00f3n p\u00fablica tendr\u00e1n acceso a la documentaci\u00f3n de los hechos que en buena medida fueron distorsionados o manipulados por una intensa campa\u00f1a de redes sociales\u201d, asegura en el comunicado.<\/p>\n\n\n\n<p>La escritora mexicana Brenda Lozano fue designada este lunes como nueva agregada cultural de M\u00e9xico en Espa\u00f1a. La autora, que tambi\u00e9n es columnista de EL PA\u00cdS, ha recibido en los \u00faltimos d\u00edas un fuerte linchamiento en las redes sociales debido a cr\u00edticas previas contra el presidente Andr\u00e9s Manuel L\u00f3pez Obrador. El mandatario ha comentado la pol\u00e9mica en la conferencia de prensa de este mi\u00e9rcoles desde el Palacio Nacional y ha justificado la decisi\u00f3n, aunque ha asegurado que desconoc\u00eda el nombramiento de Lozano. \u201cEs muy dif\u00edcil encontrar en el aparato administrativo gente que no est\u00e9 relacionada con acad\u00e9micos, intelectuales, que dominaron durante mucho tiempo\u201d, ha indicado.<\/p>\n\n\n\n<p><a href=\"https:\/\/plus.elpais.com\/newsletters\/lnp\/1\/348\"><strong>Suscr\u00edbase aqu\u00ed<\/strong><\/a>a la\u00a0<em>newsletter<\/em>\u00a0de EL PA\u00cdS M\u00e9xico y reciba todas las claves informativas de la actualidad de este pa\u00eds<\/p>\n\n\n\n<p>Fuente: https:\/\/elpais.com\/mexico\/2021-08-18\/dimite-enrique-marquez-director-de-la-diplomacia-cultural-por-la-polemica-sobre-los-agregados-en-espana.html<\/p>\n","protected":false},"excerpt":{"rendered":"<p>El pol\u00edtico anuncia su renuncia tras los cuestionamientos por el cese del ensayista Jorge F. Hern\u00e1ndez como agregado cultural en [&hellip;]<\/p>\n","protected":false},"author":1,"featured_media":11760,"comment_status":"open","ping_status":"open","sticky":false,"template":"","format":"standard","meta":{"site-sidebar-layout":"default","site-content-layout":"","ast-site-content-layout":"default","site-content-style":"default","site-sidebar-style":"default","ast-global-header-display":"","ast-banner-title-visibility":"","ast-main-header-display":"","ast-hfb-above-header-display":"","ast-hfb-below-header-display":"","ast-hfb-mobile-header-display":"","site-post-title":"","ast-breadcrumbs-content":"","ast-featured-img":"","footer-sml-layout":"","theme-transparent-header-meta":"","adv-header-id-meta":"","stick-header-meta":"","header-above-stick-meta":"","header-main-stick-meta":"","header-below-stick-meta":"","astra-migrate-meta-layouts":"default","ast-page-background-enabled":"default","ast-page-background-meta":{"desktop":{"background-color":"var(--ast-global-color-4)","background-image":"","background-repeat":"repeat","background-position":"center center","background-size":"auto","background-attachment":"scroll","background-type":"","background-media":"","overlay-type":"","overlay-color":"","overlay-opacity":"","overlay-gradient":""},"tablet":{"background-color":"","background-image":"","background-repeat":"repeat","background-position":"center center","background-size":"auto","background-attachment":"scroll","background-type":"","background-media":"","overlay-type":"","overlay-color":"","overlay-opacity":"","overlay-gradient":""},"mobile":{"background-color":"","background-image":"","background-repeat":"repeat","background-position":"center center","background-size":"auto","background-attachment":"scroll","background-type":"","background-media":"","overlay-type":"","overlay-color":"","overlay-opacity":"","overlay-gradient":""}},"ast-content-background-meta":{"desktop":{"background-color":"var(--ast-global-color-5)","background-image":"","background-repeat":"repeat","background-position":"center center","background-size":"auto","background-attachment":"scroll","background-type":"","background-media":"","overlay-type":"","overlay-color":"","overlay-opacity":"","overlay-gradient":""},"tablet":{"background-color":"var(--ast-global-color-5)","background-image":"","background-repeat":"repeat","background-position":"center center","background-size":"auto","background-attachment":"scroll","background-type":"","background-media":"","overlay-type":"","overlay-color":"","overlay-opacity":"","overlay-gradient":""},"mobile":{"background-color":"var(--ast-global-color-5)","background-image":"","background-repeat":"repeat","background-position":"center center","background-size":"auto","background-attachment":"scroll","background-type":"","background-media":"","overlay-type":"","overlay-color":"","overlay-opacity":"","overlay-gradient":""}},"footnotes":""},"categories":[8],"tags":[3345,3343,3344],"class_list":["post-11759","post","type-post","status-publish","format-standard","has-post-thumbnail","hentry","category-noticias","tag-brend-lozanodiplomacia-cultural-mexico","tag-enrique-marquez","tag-jorge-f-hernandez"],"_links":{"self":[{"href":"https:\/\/losperiodistas.com.mx\/portal\/wp-json\/wp\/v2\/posts\/11759","targetHints":{"allow":["GET"]}}],"collection":[{"href":"https:\/\/losperiodistas.com.mx\/portal\/wp-json\/wp\/v2\/posts"}],"about":[{"href":"https:\/\/losperiodistas.com.mx\/portal\/wp-json\/wp\/v2\/types\/post"}],"author":[{"embeddable":true,"href":"https:\/\/losperiodistas.com.mx\/portal\/wp-json\/wp\/v2\/users\/1"}],"replies":[{"embeddable":true,"href":"https:\/\/losperiodistas.com.mx\/portal\/wp-json\/wp\/v2\/comments?post=11759"}],"version-history":[{"count":1,"href":"https:\/\/losperiodistas.com.mx\/portal\/wp-json\/wp\/v2\/posts\/11759\/revisions"}],"predecessor-version":[{"id":11761,"href":"https:\/\/losperiodistas.com.mx\/portal\/wp-json\/wp\/v2\/posts\/11759\/revisions\/11761"}],"wp:featuredmedia":[{"embeddable":true,"href":"https:\/\/losperiodistas.com.mx\/portal\/wp-json\/wp\/v2\/media\/11760"}],"wp:attachment":[{"href":"https:\/\/losperiodistas.com.mx\/portal\/wp-json\/wp\/v2\/media?parent=11759"}],"wp:term":[{"taxonomy":"category","embeddable":true,"href":"https:\/\/losperiodistas.com.mx\/portal\/wp-json\/wp\/v2\/categories?post=11759"},{"taxonomy":"post_tag","embeddable":true,"href":"https:\/\/losperiodistas.com.mx\/portal\/wp-json\/wp\/v2\/tags?post=11759"}],"curies":[{"name":"wp","href":"https:\/\/api.w.org\/{rel}","templated":true}]}}