{"id":11756,"date":"2021-08-18T13:50:17","date_gmt":"2021-08-18T18:50:17","guid":{"rendered":"http:\/\/losperiodistas.com.mx\/portal\/?p=11756"},"modified":"2021-08-18T13:56:31","modified_gmt":"2021-08-18T18:56:31","slug":"eleccion-de-rector-de-la-buap-sera-el-20-de-septiembre-e-consulta","status":"publish","type":"post","link":"https:\/\/losperiodistas.com.mx\/portal\/eleccion-de-rector-de-la-buap-sera-el-20-de-septiembre-e-consulta\/","title":{"rendered":"Elecci\u00f3n de rector de la BUAP ser\u00e1 el 20 de septiembre | E-Consulta"},"content":{"rendered":"\n<p style=\"font-size:18px\"><em>El Consejo Universitario avala la convocatoria con 160 votos a favor y 3 abstenciones<\/em><\/p>\n\n\n\n<figure class=\"wp-block-image size-large\"><img fetchpriority=\"high\" decoding=\"async\" width=\"1024\" height=\"564\" src=\"https:\/\/losperiodistas.com.mx\/portal\/wp-content\/uploads\/2021\/08\/Captura-de-Pantalla-2021-08-18-a-las-13.45.50-1024x564.jpg\" alt=\"\" class=\"wp-image-11757\" srcset=\"https:\/\/losperiodistas.com.mx\/portal\/wp-content\/uploads\/2021\/08\/Captura-de-Pantalla-2021-08-18-a-las-13.45.50-1024x564.jpg 1024w, https:\/\/losperiodistas.com.mx\/portal\/wp-content\/uploads\/2021\/08\/Captura-de-Pantalla-2021-08-18-a-las-13.45.50-300x165.jpg 300w, https:\/\/losperiodistas.com.mx\/portal\/wp-content\/uploads\/2021\/08\/Captura-de-Pantalla-2021-08-18-a-las-13.45.50-768x423.jpg 768w, https:\/\/losperiodistas.com.mx\/portal\/wp-content\/uploads\/2021\/08\/Captura-de-Pantalla-2021-08-18-a-las-13.45.50-1536x846.jpg 1536w, https:\/\/losperiodistas.com.mx\/portal\/wp-content\/uploads\/2021\/08\/Captura-de-Pantalla-2021-08-18-a-las-13.45.50-2048x1129.jpg 2048w\" sizes=\"(max-width: 1024px) 100vw, 1024px\" \/><\/figure>\n\n\n\n<p class=\"has-vivid-cyan-blue-color has-text-color has-medium-font-size\">KAREN MEZA \/ E-CONSULTA<\/p>\n\n\n\n<p>Por mayor\u00eda de votos, los miembros del&nbsp;<strong>Consejo Universitario&nbsp;<\/strong>avalaron&nbsp;la&nbsp;<strong>convocatoria<\/strong>&nbsp;para la elecci\u00f3n a&nbsp;<strong>rector<\/strong>&nbsp;en la&nbsp;<strong>Benem\u00e9rita Universidad Aut\u00f3noma de Puebla&nbsp;<\/strong>(BUAP) y acordaron que el d\u00eda de la jornada electoral sea el 20 de septiembre.<\/p>\n\n\n\n<p>El secretario general,&nbsp;<strong>Jos\u00e9 Carlos&nbsp;Bernal&nbsp;Su\u00e1rez<\/strong>&nbsp;inform\u00f3 que la convocatoria ser\u00e1 publicada ma\u00f1ana jueves 19 de agosto.<\/p>\n\n\n\n<p>El&nbsp;<strong>proceso de auscultaci\u00f3n<\/strong>&nbsp;para quienes buscan una&nbsp;<strong>candidatura<\/strong>&nbsp;ser\u00e1 del&nbsp;<strong>25 y 27 de agosto y&nbsp;<\/strong>la&nbsp;<strong>entrevista<\/strong>&nbsp;a aspirantes, por parte de la Comisi\u00f3n de auscultaci\u00f3n, ser\u00e1 los&nbsp;<strong>d\u00edas 30 y 31 de agosto<\/strong>.<\/p>\n\n\n\n<p>El 1&nbsp;<strong>de septiembre<\/strong>&nbsp;se definir\u00e1 la&nbsp;<strong>nominaci\u00f3n de candidatos<\/strong>, acci\u00f3n con la que concluir\u00e1 su intervenci\u00f3n la Comisi\u00f3n de auscultaci\u00f3n.<\/p>\n\n\n\n<p>El registro de candidatos&nbsp;<strong>ser\u00e1 el 2 de septiembre<\/strong>&nbsp;y podr\u00e1n comenzar la&nbsp;<strong>campa\u00f1a<\/strong>&nbsp;de promoci\u00f3n del&nbsp;<strong>6 al 17 de septiembre<\/strong>.<\/p>\n\n\n\n<p>El 20 de septiembre ser\u00e1 la votaci\u00f3n y dos d\u00edas despu\u00e9s, el 22 de septiembre, se validar\u00e1.<\/p>\n\n\n\n<p>La toma de posesi\u00f3n del nuevo rector ser\u00e1 el 4 de octubre y el protocolo ser\u00e1 definido en una sesi\u00f3n del Consejo Universitario.<\/p>\n\n\n\n<figure class=\"wp-block-embed is-type-rich is-provider-twitter wp-block-embed-twitter\"><div class=\"wp-block-embed__wrapper\">\n<blockquote class=\"twitter-tweet\" data-width=\"500\" data-dnt=\"true\"><p lang=\"es\" dir=\"ltr\">En sesi\u00f3n del Consejo Universitario de la <a href=\"https:\/\/twitter.com\/BUAPoficial?ref_src=twsrc%5Etfw\">@BUAPoficial<\/a> analizan que la jornada electoral para elecci\u00f3n a rector sea el 20 de septiembre. V\u00eda: <a href=\"https:\/\/twitter.com\/KareMeza_?ref_src=twsrc%5Etfw\">@KareMeza_<\/a> <a href=\"https:\/\/t.co\/gT3IpY35mE\">pic.twitter.com\/gT3IpY35mE<\/a><\/p>&mdash; Peri\u00f3dico e-consulta (@e_consulta) <a href=\"https:\/\/twitter.com\/e_consulta\/status\/1428044766567190531?ref_src=twsrc%5Etfw\">August 18, 2021<\/a><\/blockquote><script async src=\"https:\/\/platform.twitter.com\/widgets.js\" charset=\"utf-8\"><\/script>\n<\/div><\/figure>\n\n\n\n<p>La convocatoria fue avalada con 160 votos a favor y 3 abstenciones.<\/p>\n\n\n\n<p>Fuente: https:\/\/www.e-consulta.com\/nota\/2021-08-18\/universidades\/eleccion-de-rector-de-la-buap-sera-el-20-de-septiembre<\/p>\n","protected":false},"excerpt":{"rendered":"<p>El Consejo Universitario avala la convocatoria con 160 votos a favor y 3 abstenciones KAREN MEZA \/ E-CONSULTA Por mayor\u00eda [&hellip;]<\/p>\n","protected":false},"author":1,"featured_media":11757,"comment_status":"open","ping_status":"open","sticky":false,"template":"","format":"standard","meta":{"site-sidebar-layout":"default","site-content-layout":"","ast-site-content-layout":"default","site-content-style":"default","site-sidebar-style":"default","ast-global-header-display":"","ast-banner-title-visibility":"","ast-main-header-display":"","ast-hfb-above-header-display":"","ast-hfb-below-header-display":"","ast-hfb-mobile-header-display":"","site-post-title":"","ast-breadcrumbs-content":"","ast-featured-img":"","footer-sml-layout":"","theme-transparent-header-meta":"","adv-header-id-meta":"","stick-header-meta":"","header-above-stick-meta":"","header-main-stick-meta":"","header-below-stick-meta":"","astra-migrate-meta-layouts":"default","ast-page-background-enabled":"default","ast-page-background-meta":{"desktop":{"background-color":"var(--ast-global-color-4)","background-image":"","background-repeat":"repeat","background-position":"center center","background-size":"auto","background-attachment":"scroll","background-type":"","background-media":"","overlay-type":"","overlay-color":"","overlay-opacity":"","overlay-gradient":""},"tablet":{"background-color":"","background-image":"","background-repeat":"repeat","background-position":"center center","background-size":"auto","background-attachment":"scroll","background-type":"","background-media":"","overlay-type":"","overlay-color":"","overlay-opacity":"","overlay-gradient":""},"mobile":{"background-color":"","background-image":"","background-repeat":"repeat","background-position":"center center","background-size":"auto","background-attachment":"scroll","background-type":"","background-media":"","overlay-type":"","overlay-color":"","overlay-opacity":"","overlay-gradient":""}},"ast-content-background-meta":{"desktop":{"background-color":"var(--ast-global-color-5)","background-image":"","background-repeat":"repeat","background-position":"center center","background-size":"auto","background-attachment":"scroll","background-type":"","background-media":"","overlay-type":"","overlay-color":"","overlay-opacity":"","overlay-gradient":""},"tablet":{"background-color":"var(--ast-global-color-5)","background-image":"","background-repeat":"repeat","background-position":"center center","background-size":"auto","background-attachment":"scroll","background-type":"","background-media":"","overlay-type":"","overlay-color":"","overlay-opacity":"","overlay-gradient":""},"mobile":{"background-color":"var(--ast-global-color-5)","background-image":"","background-repeat":"repeat","background-position":"center center","background-size":"auto","background-attachment":"scroll","background-type":"","background-media":"","overlay-type":"","overlay-color":"","overlay-opacity":"","overlay-gradient":""}},"footnotes":""},"categories":[8],"tags":[2376,3342],"class_list":["post-11756","post","type-post","status-publish","format-standard","has-post-thumbnail","hentry","category-noticias","tag-buap","tag-elecciones-rector-2021"],"_links":{"self":[{"href":"https:\/\/losperiodistas.com.mx\/portal\/wp-json\/wp\/v2\/posts\/11756","targetHints":{"allow":["GET"]}}],"collection":[{"href":"https:\/\/losperiodistas.com.mx\/portal\/wp-json\/wp\/v2\/posts"}],"about":[{"href":"https:\/\/losperiodistas.com.mx\/portal\/wp-json\/wp\/v2\/types\/post"}],"author":[{"embeddable":true,"href":"https:\/\/losperiodistas.com.mx\/portal\/wp-json\/wp\/v2\/users\/1"}],"replies":[{"embeddable":true,"href":"https:\/\/losperiodistas.com.mx\/portal\/wp-json\/wp\/v2\/comments?post=11756"}],"version-history":[{"count":1,"href":"https:\/\/losperiodistas.com.mx\/portal\/wp-json\/wp\/v2\/posts\/11756\/revisions"}],"predecessor-version":[{"id":11758,"href":"https:\/\/losperiodistas.com.mx\/portal\/wp-json\/wp\/v2\/posts\/11756\/revisions\/11758"}],"wp:featuredmedia":[{"embeddable":true,"href":"https:\/\/losperiodistas.com.mx\/portal\/wp-json\/wp\/v2\/media\/11757"}],"wp:attachment":[{"href":"https:\/\/losperiodistas.com.mx\/portal\/wp-json\/wp\/v2\/media?parent=11756"}],"wp:term":[{"taxonomy":"category","embeddable":true,"href":"https:\/\/losperiodistas.com.mx\/portal\/wp-json\/wp\/v2\/categories?post=11756"},{"taxonomy":"post_tag","embeddable":true,"href":"https:\/\/losperiodistas.com.mx\/portal\/wp-json\/wp\/v2\/tags?post=11756"}],"curies":[{"name":"wp","href":"https:\/\/api.w.org\/{rel}","templated":true}]}}