{"id":117513,"date":"2026-02-28T08:22:03","date_gmt":"2026-02-28T14:22:03","guid":{"rendered":"https:\/\/losperiodistas.com.mx\/portal\/?p=117513"},"modified":"2026-02-28T08:22:04","modified_gmt":"2026-02-28T14:22:04","slug":"morante-ya-luce-la-medalla-de-su-tierra-la-razon","status":"publish","type":"post","link":"https:\/\/losperiodistas.com.mx\/portal\/morante-ya-luce-la-medalla-de-su-tierra-la-razon\/","title":{"rendered":"Morante ya luce la medalla de su tierra | La Raz\u00f3n"},"content":{"rendered":"\n<h2 class=\"wp-block-heading has-background\" style=\"background-color:#fcb9008f\">El Teatro de la Maestranza se rinde al genio de La Puebla en una gala donde la Junta de Andaluc\u00eda blinda la tauromaquia como patrimonio<\/h2>\n\n\n\n<figure class=\"wp-block-image\"><a class=\"st-adsby st-reset\" href=\"https:\/\/www.seedtag.com\/?utm_source=seedtag_publisher&amp;utm_medium=seedtag_tag&amp;utm_campaign=tag\" target=\"_blank\" rel=\"noreferrer noopener\"><img decoding=\"async\" src=\"https:\/\/fotografias-2.larazon.es\/clipping\/cmsimages02\/2026\/02\/28\/1935AE47-B133-4472-A052-8FB92C9D3605\/morante-luce-medalla-tierra_98.jpg?crop=1616,909,x0,y86&amp;width=1900&amp;height=1069&amp;optimize=low&amp;format=webply\" alt=\"Morante ya luce la medalla de su tierra\"\/><\/a><figcaption class=\"wp-element-caption\"><strong>Morante ya luce la medalla de su tierra<\/strong>Junta de Andaluc\u00eda<\/figcaption><\/figure>\n\n\n\n<p class=\"has-medium-font-size\"><strong><a href=\"https:\/\/www.larazon.es\/autores\/david-jaramillo\/\">David Jaramillo<\/a> \/ La Raz\u00f3n<\/strong><\/p>\n\n\n\n<p>Hay algo en la arquitectura del triunfo que, cuando sucede en el escenario de la propia vida, deja de ser un trofeo para convertirse en un acto de justicia po\u00e9tica.&nbsp;<a href=\"https:\/\/www.larazon.es\/tags\/morante\/\" target=\"_blank\" rel=\"noreferrer noopener\">Morante de la Puebla<\/a>&nbsp;recibi\u00f3 este s\u00e1bado la&nbsp;<a href=\"https:\/\/www.larazon.es\/andalucia\/morante-puebla-recibira-medalla-andalucia-cultura-patrimonio-este-28-febrero_20260223699c8ce42f00a0468823b278.html\" target=\"_blank\" rel=\"noreferrer noopener\">Medalla de Andaluc\u00eda a la Cultura y el Patrimonio 2026<\/a>, un galard\u00f3n que el presidente&nbsp;<a href=\"https:\/\/www.larazon.es\/tags\/juanma-moreno\/\" target=\"_blank\" rel=\"noreferrer noopener\">Juan Manuel Moreno<\/a>&nbsp;le impuso bajo los focos de un Teatro de la Maestranza que ol\u00eda a incienso y a respeto institucional. No fue un tr\u00e1mite de protocolo; fue el abrazo de una regi\u00f3n a un artista que ha hecho de la anacron\u00eda su bandera y de la verdad su \u00fanico refugio. El diestro, con esa media ver\u00f3nica verbal que maneja en las distancias cortas,&nbsp;<strong>confes\u00f3 que esta profesi\u00f3n es su \u00abraz\u00f3n de existir\u00bb,&nbsp;<\/strong>una frase que retumb\u00f3 en el patio de butacas con la fuerza de una sentencia definitiva.<\/p>\n\n\n\n<h2 class=\"wp-block-heading\">M\u00e1s Noticias<\/h2>\n\n\n\n<ul class=\"wp-block-list\">\n<li><a href=\"https:\/\/www.larazon.es\/cultura\/toros\/santander-premia-excelencia-feria-santiago-2025_2026022869a2cd151817b41eb6683eea.html\">ReconocimientoSantander premia la excelencia en la Feria de Santiago 2025<\/a><\/li>\n\n\n\n<li><a href=\"https:\/\/www.larazon.es\/cultura\/toros\/olivenza-abre-temporada-television-extremena_2026022869a2c8651817b41eb66838f4.html\">Toros y TVOlivenza abre la temporada en televisi\u00f3n extreme\u00f1a<\/a><\/li>\n\n\n\n<li><a href=\"https:\/\/www.larazon.es\/cultura\/toros\/tres-recursos-bloquean-pliego-zaragoza_2026022869a2afca9243cc133c687e02.html\">ConcursoTres recursos bloquean el pliego de Zaragoza<\/a><\/li>\n<\/ul>\n\n\n\n<p>El reconocimiento de la Junta de Andaluc\u00eda llega en un momento donde el esfuerzo acumulado empieza a pesar m\u00e1s que el propio traje de luces. En un v\u00eddeo cargado de simbolismo, el cigarrero reivindic\u00f3 su ADN:<strong>&nbsp;\u00abSoy andaluz, soy de mi pueblo y espa\u00f1ol por encima de todo\u00bb.&nbsp;<\/strong>Es el orgullo de quien sabe que llevar el nombre de su localidad no es un adorno, sino un lastre bendito que le obliga a la excelencia en cada tarde.&nbsp;<a href=\"https:\/\/www.larazon.es\/tags\/morante\/\" target=\"_blank\" rel=\"noreferrer noopener\">Morante<\/a>&nbsp;no entiende el arte sin el arraigo, y su discurso fue una defensa cerrada de una tierra que ha parido a los m\u00e1s grandes, situando al toro en el centro de la conversaci\u00f3n cultural sin pedir permiso ni perd\u00f3n frente a los sectores m\u00e1s esc\u00e9pticos.<\/p>\n\n\n\n<p>La t\u00e9cnica de su oratoria, siempre pausada y con ese toque de misterio que envuelve su figura, dej\u00f3 ver las grietas de un hombre que reconoce sufrir mucho por dentro.&nbsp;<strong>\u00abEsa gracia que tiene Andaluc\u00eda convierte una pena en una alegr\u00eda\u00bb,&nbsp;<\/strong>sentenci\u00f3 el torero, resumiendo en diez palabras la antropolog\u00eda de un pueblo que se reconoce en su propia fragilidad. No es habitual que un matador de toros abra su b\u00fanker emocional con tanta nitidez, pero la medalla parec\u00eda actuar como un b\u00e1lsamo para un esp\u00edritu que vive en tensi\u00f3n permanente con el \u00e9xito y la responsabilidad. Ver al genio de La Puebla despojarse de la m\u00e1scara de figura para mostrar al hombre fue, posiblemente, la mejor faena de la jornada institucional.<\/p>\n\n\n\n<figure class=\"wp-block-embed is-type-rich is-provider-twitter wp-block-embed-twitter\"><div class=\"wp-block-embed__wrapper\">\n<blockquote class=\"twitter-tweet\" data-width=\"500\" data-dnt=\"true\"><p lang=\"es\" dir=\"ltr\">\u00a1Grande, Maestro!<br><br>Leyenda viva del toreo, arte, cultura, superaci\u00f3n constante,  faenas memorables&#8230;<br><br>Morante de la Puebla es Medalla de Andaluc\u00eda.<a href=\"https:\/\/twitter.com\/hashtag\/28F?src=hash&amp;ref_src=twsrc%5Etfw\">#28F<\/a> <a href=\"https:\/\/t.co\/Pg8TaLuak4\">pic.twitter.com\/Pg8TaLuak4<\/a><\/p>&mdash; Juanma Moreno (@JuanMa_Moreno) <a href=\"https:\/\/twitter.com\/JuanMa_Moreno\/status\/2027731166611341766?ref_src=twsrc%5Etfw\">February 28, 2026<\/a><\/blockquote><script async src=\"https:\/\/platform.twitter.com\/widgets.js\" charset=\"utf-8\"><\/script>\n<\/div><\/figure>\n\n\n\n<p>La ceremonia sirvi\u00f3 tambi\u00e9n para recordar que la tauromaquia es la viga maestra de la identidad andaluza, una \u00abprofesi\u00f3n honrada\u00bb que exige un tributo de sangre y alma que pocos est\u00e1n dispuestos a pagar en la era de la inmediatez.<strong>&nbsp;El respaldo del gobierno regional a&nbsp;<a href=\"https:\/\/www.larazon.es\/tags\/morante\/\" target=\"_blank\" rel=\"noreferrer noopener\">Morante<\/a>&nbsp;es un mensaje n\u00edtido hacia quienes intentan orillar el rito: en Andaluc\u00eda, el torero es cultura con may\u00fasculas.&nbsp;<\/strong>Mientras el resto de premiados desfilaba por las tablas, la presencia de&nbsp;<a href=\"https:\/\/www.larazon.es\/tags\/morante\/\" target=\"_blank\" rel=\"noreferrer noopener\">Jos\u00e9 Antonio<\/a>&nbsp;destacaba por esa elegancia natural que no se compra en los despachos y que le permite habitar el siglo XXI con la est\u00e9tica de un rom\u00e1ntico del XIX. Es la resistencia de lo aut\u00e9ntico frente a la inercia de lo puramente ef\u00edmero.<\/p>\n\n\n\n<p><strong>Para el mundo del toro, esta medalla es un salvoconducto de prestigio que airea el escalaf\u00f3n en un momento decisivo.<\/strong><a href=\"https:\/\/www.larazon.es\/tags\/morante\/\" target=\"_blank\" rel=\"noreferrer noopener\">Morante<\/a>&nbsp;la celebr\u00f3 con sus compa\u00f1eros, entendiendo que el premio es un reconocimiento colectivo a una forma de vida que se juega el tipo en cada muletazo. Su compromiso con el triunfo, ese que le persigue cada vez que pisa una plaza, se vio recompensado ayer con el aplauso de una sociedad que, m\u00e1s all\u00e1 de los tendidos, valora la coherencia de un tipo que quiso ser torero \u00abpr\u00e1cticamente desde que naci\u00f3\u00bb. Es la historia de una vocaci\u00f3n indomable que ha encontrado en la seda de la bandera blanca y verde su mejor capote de paseo para la posteridad.<\/p>\n\n\n\n<p>Al final, la gala de la Maestranza nos dej\u00f3 la imagen de un hombre en paz con su destino, aunque sea por una tarde.&nbsp;<a href=\"https:\/\/www.larazon.es\/tags\/morante\/\" target=\"_blank\" rel=\"noreferrer noopener\">Morante de la Puebla<\/a>&nbsp;ya tiene el metal que acredita su peso en la historia de Andaluc\u00eda, pero lo que realmente importa es el eco de sus palabras sobre la honradez de su oficio. Con la mente ya puesta en los pr\u00f3ximos compromisos de la temporada, el maestro abandona el teatro con la medalla en el pecho y la responsabilidad multiplicada por diez.<strong>&nbsp;La suerte est\u00e1 echada para un 2026 donde el cigarrero deber\u00e1 seguir convirtiendo las penas en alegr\u00edas,<\/strong>&nbsp;demostrando que su raz\u00f3n de existir es, en definitiva, la raz\u00f3n por la que muchos seguimos creyendo en la verdad del ruedo.<\/p>\n\n\n\n<p>Fuente: <a href=\"https:\/\/www.larazon.es\/cultura\/toros\/morante-luce-medalla-tierra_2026022869a2f1692f00a046882d68e0.html#goog_rewarded\">https:\/\/www.larazon.es\/cultura\/toros\/morante-luce-medalla-tierra_2026022869a2f1692f00a046882d68e0.html#goog_rewarded<\/a><\/p>\n","protected":false},"excerpt":{"rendered":"<p>El Teatro de la Maestranza se rinde al genio de La Puebla en una gala donde la Junta de Andaluc\u00eda [&hellip;]<\/p>\n","protected":false},"author":1,"featured_media":117514,"comment_status":"open","ping_status":"open","sticky":false,"template":"","format":"standard","meta":{"site-sidebar-layout":"default","site-content-layout":"","ast-site-content-layout":"default","site-content-style":"default","site-sidebar-style":"default","ast-global-header-display":"","ast-banner-title-visibility":"","ast-main-header-display":"","ast-hfb-above-header-display":"","ast-hfb-below-header-display":"","ast-hfb-mobile-header-display":"","site-post-title":"","ast-breadcrumbs-content":"","ast-featured-img":"","footer-sml-layout":"","theme-transparent-header-meta":"","adv-header-id-meta":"","stick-header-meta":"","header-above-stick-meta":"","header-main-stick-meta":"","header-below-stick-meta":"","astra-migrate-meta-layouts":"default","ast-page-background-enabled":"default","ast-page-background-meta":{"desktop":{"background-color":"var(--ast-global-color-4)","background-image":"","background-repeat":"repeat","background-position":"center center","background-size":"auto","background-attachment":"scroll","background-type":"","background-media":"","overlay-type":"","overlay-color":"","overlay-opacity":"","overlay-gradient":""},"tablet":{"background-color":"","background-image":"","background-repeat":"repeat","background-position":"center center","background-size":"auto","background-attachment":"scroll","background-type":"","background-media":"","overlay-type":"","overlay-color":"","overlay-opacity":"","overlay-gradient":""},"mobile":{"background-color":"","background-image":"","background-repeat":"repeat","background-position":"center center","background-size":"auto","background-attachment":"scroll","background-type":"","background-media":"","overlay-type":"","overlay-color":"","overlay-opacity":"","overlay-gradient":""}},"ast-content-background-meta":{"desktop":{"background-color":"var(--ast-global-color-5)","background-image":"","background-repeat":"repeat","background-position":"center center","background-size":"auto","background-attachment":"scroll","background-type":"","background-media":"","overlay-type":"","overlay-color":"","overlay-opacity":"","overlay-gradient":""},"tablet":{"background-color":"var(--ast-global-color-5)","background-image":"","background-repeat":"repeat","background-position":"center center","background-size":"auto","background-attachment":"scroll","background-type":"","background-media":"","overlay-type":"","overlay-color":"","overlay-opacity":"","overlay-gradient":""},"mobile":{"background-color":"var(--ast-global-color-5)","background-image":"","background-repeat":"repeat","background-position":"center center","background-size":"auto","background-attachment":"scroll","background-type":"","background-media":"","overlay-type":"","overlay-color":"","overlay-opacity":"","overlay-gradient":""}},"footnotes":""},"categories":[8],"tags":[46687,2746],"class_list":["post-117513","post","type-post","status-publish","format-standard","has-post-thumbnail","hentry","category-noticias","tag-medalla-de-andalucia-a-la-cultura-y-el-patrimonio-2026","tag-morante-de-la-puebla"],"_links":{"self":[{"href":"https:\/\/losperiodistas.com.mx\/portal\/wp-json\/wp\/v2\/posts\/117513","targetHints":{"allow":["GET"]}}],"collection":[{"href":"https:\/\/losperiodistas.com.mx\/portal\/wp-json\/wp\/v2\/posts"}],"about":[{"href":"https:\/\/losperiodistas.com.mx\/portal\/wp-json\/wp\/v2\/types\/post"}],"author":[{"embeddable":true,"href":"https:\/\/losperiodistas.com.mx\/portal\/wp-json\/wp\/v2\/users\/1"}],"replies":[{"embeddable":true,"href":"https:\/\/losperiodistas.com.mx\/portal\/wp-json\/wp\/v2\/comments?post=117513"}],"version-history":[{"count":1,"href":"https:\/\/losperiodistas.com.mx\/portal\/wp-json\/wp\/v2\/posts\/117513\/revisions"}],"predecessor-version":[{"id":117515,"href":"https:\/\/losperiodistas.com.mx\/portal\/wp-json\/wp\/v2\/posts\/117513\/revisions\/117515"}],"wp:featuredmedia":[{"embeddable":true,"href":"https:\/\/losperiodistas.com.mx\/portal\/wp-json\/wp\/v2\/media\/117514"}],"wp:attachment":[{"href":"https:\/\/losperiodistas.com.mx\/portal\/wp-json\/wp\/v2\/media?parent=117513"}],"wp:term":[{"taxonomy":"category","embeddable":true,"href":"https:\/\/losperiodistas.com.mx\/portal\/wp-json\/wp\/v2\/categories?post=117513"},{"taxonomy":"post_tag","embeddable":true,"href":"https:\/\/losperiodistas.com.mx\/portal\/wp-json\/wp\/v2\/tags?post=117513"}],"curies":[{"name":"wp","href":"https:\/\/api.w.org\/{rel}","templated":true}]}}