{"id":117507,"date":"2026-02-28T08:00:39","date_gmt":"2026-02-28T14:00:39","guid":{"rendered":"https:\/\/losperiodistas.com.mx\/portal\/?p=117507"},"modified":"2026-02-28T08:00:41","modified_gmt":"2026-02-28T14:00:41","slug":"branko-milanovic-economista-las-clases-medias-occidentales-esperaban-que-la-globalizacion-les-funcionase-y-no-lo-ha-hecho-ideas","status":"publish","type":"post","link":"https:\/\/losperiodistas.com.mx\/portal\/branko-milanovic-economista-las-clases-medias-occidentales-esperaban-que-la-globalizacion-les-funcionase-y-no-lo-ha-hecho-ideas\/","title":{"rendered":"Branko Milanovi\u0107, economista: \u201cLas clases medias occidentales esperaban que la globalizaci\u00f3n les funcionase. Y no lo ha hecho\u201d | ideas"},"content":{"rendered":"\n<p>El investigador nacido en la antigua Yugoslavia, especialista en desigualdad, se\u00f1ala que la educaci\u00f3n y la sanidad p\u00fablicas aseguran la igualdad de oportunidades<\/p>\n\n\n\n<figure class=\"wp-block-image size-large\"><img fetchpriority=\"high\" decoding=\"async\" width=\"1024\" height=\"739\" src=\"https:\/\/losperiodistas.com.mx\/portal\/wp-content\/uploads\/2026\/02\/RKFEYSDGNFDITM4XHXBPP2PNM4-1024x739.avif\" alt=\"\" class=\"wp-image-117508\" srcset=\"https:\/\/losperiodistas.com.mx\/portal\/wp-content\/uploads\/2026\/02\/RKFEYSDGNFDITM4XHXBPP2PNM4-1024x739.avif 1024w, https:\/\/losperiodistas.com.mx\/portal\/wp-content\/uploads\/2026\/02\/RKFEYSDGNFDITM4XHXBPP2PNM4-300x217.avif 300w, https:\/\/losperiodistas.com.mx\/portal\/wp-content\/uploads\/2026\/02\/RKFEYSDGNFDITM4XHXBPP2PNM4-768x554.avif 768w, https:\/\/losperiodistas.com.mx\/portal\/wp-content\/uploads\/2026\/02\/RKFEYSDGNFDITM4XHXBPP2PNM4.avif 1200w\" sizes=\"(max-width: 1024px) 100vw, 1024px\" \/><figcaption class=\"wp-element-caption\">Branko Milanovic en la Residencia de Estudiantes en Madrid, este 20 de febrero. Jaime Villanueva<\/figcaption><\/figure>\n\n\n\n<p class=\"has-medium-font-size\"><strong><a href=\"https:\/\/elpais.com\/autor\/sergio-cuadrado-fanjul\/#?rel=author_top\">Sergio C. Fanjul<\/a> \/ ideas<\/strong><\/p>\n\n\n\n<p><\/p>\n\n\n\n<p>Cuando&nbsp;<a href=\"https:\/\/elpais.com\/economia\/negocios\/2024-12-01\/branko-milanovic-la-covid-nos-enseno-que-medidas-tomar-para-reducir-la-desigualdad.html\">Branko Milanovi\u0107<\/a>&nbsp;(Belgrado, actual Serbia, 72 a\u00f1os) se puso a estudiar la desigualdad global se le apareci\u00f3, como a un explorador selv\u00e1tico, un paquidermo. Su famoso gr\u00e1fico del elefante (porque tiene esa forma) muestra los resultados de la globalizaci\u00f3n: ha hecho crecer sobre todo a las clases medias emergentes (como la china) y al 1% m\u00e1s rico. Las menos favorecidas son las clases medias occidentales. Los m\u00e1s pobres, en \u00c1frica, siguen en el vag\u00f3n de cola.<\/p>\n\n\n\n<p>Formado como economista de investigaci\u00f3n en el Banco Mundial, Milanovi\u0107 es uno de los mayores expertos en desigualdad. La ha tratado cuantitativamente, como en el citado caso, y tambi\u00e9n ha rastreado las ideas que diferentes pensadores (Marx, Smith, David Ricardo\u2026) han tenido sobre ella (en el libro&nbsp;<em>Miradas sobre la desigualdad).<\/em>&nbsp;Ha estudiado el futuro del capitalismo, y c\u00f3mo mejorarlo (en&nbsp;<a href=\"https:\/\/elpais.com\/ideas\/2020-04-14\/es-china-realmente-comunista.html\"><em>Capitalismo, nada m\u00e1s<\/em><\/a><em>),<\/em>&nbsp;o el fin del comunismo, del que tiene recuerdo personal, pues se crio en la Yugoslavia de Tito. Su \u00faltima obra,&nbsp;<em>The Great Global Transformation&nbsp;<\/em>(la gran transformaci\u00f3n global, sin edici\u00f3n en espa\u00f1ol), relata c\u00f3mo el neoliberalismo se debilita en favor de un \u201cliberalismo de mercado nacional\u201d, en un orden mundial multipolar.<\/p>\n\n\n\n<p>Milanovi\u0107 recibe en la Residencia de Estudiantes de Madrid, donde se hospeda invitado por Moncloa. Es cercano y hablador, ha vivido en Espa\u00f1a, y sabe pedir un caf\u00e9 solo y un agua con gas.<\/p>\n\n\n\n<p><strong>Pregunta.<\/strong>&nbsp;\u00bfC\u00f3mo se interes\u00f3 por la desigualdad?<\/p>\n\n\n\n<p><strong>Respuesta.&nbsp;<\/strong>Siempre he estado interesado en las cuestiones sociales y la estructura de clases. Luego, en la carrera, estudi\u00e9 estad\u00edstica matem\u00e1tica, aunque sin aplicaci\u00f3n real. Vi que las distribuciones que estudiaba ten\u00edan mucho que ver precisamente con la estructura de clases, con ricos y pobres.<\/p>\n\n\n\n<p><strong>P.<\/strong>&nbsp;\u00bfY de d\u00f3nde ven\u00eda su inter\u00e9s por lo social?<\/p>\n\n\n\n<p><strong>R.&nbsp;<\/strong>Estas cuestiones tambi\u00e9n exist\u00edan en&nbsp;<a href=\"https:\/\/elpais.com\/babelia\/2024-12-03\/la-caida-del-comunismo-la-cuentan-las-ninas.html\">sistemas socialistas<\/a>, como en el que me crie: tambi\u00e9n eran sociedades de clases. La eliminaci\u00f3n de la propiedad privada de los medios de producci\u00f3n no eliminaba las clases. Eran estructuras diferentes, pero la movilidad social tambi\u00e9n estaba determinada por los ingresos y el origen familiar.<\/p>\n\n\n\n<p><strong>P.<\/strong>&nbsp;La desigualdad: \u00bffallo o motor del sistema?<\/p>\n\n\n\n<p><strong>R.<\/strong>&nbsp;Es como la gasolina del motor, porque sin ella no habr\u00eda gente trabajando duro o inventando. La necesitas, pero debes tener cuidado de que no se mezcle con otras cosas o haya demasiada.<\/p>\n\n\n\n<p><strong>P.&nbsp;<\/strong>\u00bfPor qu\u00e9 la necesitamos?<\/p>\n\n\n\n<p><strong>R.<\/strong>&nbsp;Necesitamos incentivos. Uno de los&nbsp;<a href=\"https:\/\/elpais.com\/opinion\/2022-09-17\/gorbachov-y-los-fracasos-del-siglo-xx.html\">problemas del comunismo<\/a>&nbsp;era la falta de estos cuando todos cobraban m\u00e1s o menos lo mismo. \u00bfPara qu\u00e9 innovar? Te pod\u00edan dar una medalla al m\u00e9rito, pero nada m\u00e1s.<\/p>\n\n\n\n<p><strong>P.<\/strong>&nbsp;<a href=\"https:\/\/elpais.com\/babelia\/2025-06-30\/una-novela-sobre-el-destino-de-una-generacion-el-trauma-de-genova.html\">El movimiento antiglobalizaci\u00f3n<\/a>, a principios de siglo, avisaba contra los riesgos del neoliberalismo. \u00bfTen\u00eda raz\u00f3n?<\/p>\n\n\n\n<p><strong>R.<\/strong>&nbsp;Simpatic\u00e9 con aquel movimiento altermundista. Estaba contra<a href=\"https:\/\/elpais.com\/cultura\/2020\/02\/28\/babelia\/1582891433_869353.html\">&nbsp;la gran financiarizaci\u00f3n<\/a>&nbsp;y ten\u00eda raz\u00f3n, porque el poder del sector financiero realmente creci\u00f3. Pero no definieron qu\u00e9 m\u00e1s quer\u00edan hacer. Adem\u00e1s, la globalizaci\u00f3n, tal y como sabemos ahora, empoder\u00f3 y gener\u00f3 mayores ingresos a muchas personas pobres en pa\u00edses como China, India, Indonesia o Vietnam. En ese caso fue para bien. Pero tambi\u00e9n dej\u00f3 a las clases medias occidentales insatisfechas. Y al 1% en la cima le fue muy bien.<\/p>\n\n\n\n<p><strong>P.<\/strong>&nbsp;Las clases medias occidentales fueron convencidas de las bondades de la globalizaci\u00f3n. \u00bfFue una estafa?<\/p>\n\n\n\n<p><strong>R.<\/strong>&nbsp;S\u00ed, algo as\u00ed\u2026 Reagan y Thatcher no dijeron a la poblaci\u00f3n que iba a ser<a href=\"https:\/\/elpais.com\/economia\/2025-12-10\/el-fmi-insta-a-china-a-tomar-decisiones-valientes-para-corregir-los-importantes-desequilibrios-de-su-economia.html\">&nbsp;alcanzada por China en 40 a\u00f1os<\/a>, que las f\u00e1bricas se iban a ir a China, que iban a ser invadidos por productos baratos de all\u00ed, que iban a tener televisiones baratas pero que no iban a tener un empleo\u2026 Nunca lo explicaron as\u00ed, supongo que porque nunca pensaron que eso iba a pasar.<\/p>\n\n\n\n<p><strong>P.<\/strong>&nbsp;\u00bfNadie pensaba que ese elefante pod\u00eda aparecer?<\/p>\n\n\n\n<p><strong>R.<\/strong>&nbsp;No, las clases medias occidentales esperaban que la globalizaci\u00f3n funcionase para ellas. Y no lo ha hecho.<\/p>\n\n\n\n<p><strong>P.<\/strong>&nbsp;\u00bfEs esta la causa del auge de la extrema derecha?<\/p>\n\n\n\n<p><strong>R.<\/strong>&nbsp;Eso pienso. Estas clases medias no es que se hayan hecho pobres, pero han crecido menos que las asi\u00e1ticas, por ejemplo. Ese resentimiento se traslada en voto de derechas por la idea de que as\u00ed van a volver los empleos o se va a mantener fuera a la gente que compite por ellos. Con este auge de la extrema derecha, la desigualdad puede ser una amenaza para la democracia.<\/p>\n\n\n\n<p><strong>P.<\/strong>&nbsp;Es curioso el caso chino: el Partido Comunista ha metido el capitalismo en una jaula y juega mejor que los verdaderos capitalistas.<\/p>\n\n\n\n<p><strong>R.<\/strong>&nbsp;Precisamente, uno de los l\u00edderes chinos dijo que la empresa de libre mercado es como un p\u00e1jaro. Si lo asfixias, el p\u00e1jaro muere; si le das libertad, el p\u00e1jaro se va. Debes tener la jaula \u00f3ptima. As\u00ed han crecido m\u00e1s que los pa\u00edses occidentales. Ahora su preocupaci\u00f3n es que los ricos no dominen el Partido Comunista, cosa que antes de Xi Jinping pod\u00eda suceder.<\/p>\n\n\n\n<p><strong>P.<\/strong>&nbsp;\u00bfLa extrema derecha va a traer de vuelta los empleos?<\/p>\n\n\n\n<p><strong>R.<\/strong>&nbsp;Tambi\u00e9n la izquierda apuesta por la reindustrializaci\u00f3n, pero no creo que Europa vuelva a los viejos tiempos industriales. Con la tecnolog\u00eda, con la IA, no volveremos a tener empresas con miles de trabajadores.<\/p>\n\n\n\n<p><strong>P.<\/strong>&nbsp;La&nbsp;<a href=\"https:\/\/elpais.com\/internacional\/2023-12-24\/mano-dura-con-la-inmigracion-victoria-de-la-extrema-derecha-o-antidoto.html\">extrema derecha combate la inmigraci\u00f3n<\/a>.<\/p>\n\n\n\n<p><strong>R.<\/strong>&nbsp;Piensan que los inmigrantes les van a quitar sus trabajos. No es descabellado, pero muchos estudios muestran que la inmigraci\u00f3n hace crecer la econom\u00eda y genera m\u00e1s puestos de trabajo. Creo que la extrema derecha no est\u00e1 loca en este asunto, pero no sabe ver el cuadro completo. Y es natural que los trabajadores afectados no lo vean y que persigan su inter\u00e9s personal.<\/p>\n\n\n\n<p><strong>P.<\/strong>&nbsp;Hay quien dice que la tecnolog\u00eda actual acabar\u00e1 con el crecimiento econ\u00f3mico.<\/p>\n\n\n\n<p><strong>R.<\/strong>&nbsp;Espa\u00f1a es uno de los tres o cuatro casos de \u00e9xito en el mundo donde hay a la vez democracia, alto crecimiento y creciente relevancia en el panorama internacional. Respecto al crecimiento general, no podemos saberlo, pero no creo que sea por la tecnolog\u00eda en s\u00ed misma.<\/p>\n\n\n\n<p><strong>P.<\/strong>&nbsp;Pero la desigualdad crece en Espa\u00f1a.<\/p>\n\n\n\n<p><strong>R.<\/strong>&nbsp;S\u00ed, pero dentro del marco europeo, es una desigualdad razonable.<\/p>\n\n\n\n<p><strong>P.<\/strong>&nbsp;\u00bfQui\u00e9nes son esas&nbsp;<a href=\"https:\/\/elpais.com\/economia\/negocios\/2025-06-07\/estas-son-las-nuevas-elites-que-dominan-el-mundo-mas-poderosas-e-intervencionistas-que-nunca.html\">\u00e9lites globales<\/a>?<\/p>\n\n\n\n<p><strong>R.<\/strong>&nbsp;Son grandes capitalistas, porque tienen mucha propiedad, y \u2014esto es muy interesante\u2014 son trabajadores muy bien pagados. Esto es algo que Marx, por ejemplo, no pudo prever. Consejeros delegados, pero tambi\u00e9n ingenieros o doctores. Lo llamo&nbsp;<em>homoplutia<\/em>&nbsp;(del griego&nbsp;<em>homo,<\/em>&nbsp;lo mismo, y&nbsp;<em>plutia,<\/em>&nbsp;riqueza). En Estados Unidos supone el 3%. En Espa\u00f1a y otros pa\u00edses europeos es el 2,5%. Son gente que transmite su privilegio a sus descendientes y estos piensan que se lo merecen, porque han estudiado en los mejores sitios y se han esforzado.<\/p>\n\n\n\n<p><strong>P.<\/strong>&nbsp;La meritocracia.<\/p>\n\n\n\n<p><strong>R.<\/strong>&nbsp;Efectivamente, pero olvidan que la mayor\u00eda de sus ingresos vienen del capital y que la mayor\u00eda de sus oportunidades vienen de sus padres.<\/p>\n\n\n\n<p><strong>P.<\/strong>&nbsp;\u00bfA la gente le preocupa la desigualdad?<\/p>\n\n\n\n<p><strong>R.<\/strong>&nbsp;El&nbsp;<a href=\"https:\/\/google.com\/search?q=China+el+Partido+Comunista+el+capitalismo+en+una+jaula+site%3Aelpais.com&amp;sca_esv=5f09d3ac69940124&amp;rlz=1C1GCEA_enES1185ES1186&amp;biw=1920&amp;bih=911&amp;sxsrf=ANbL-n4ETh0PSlFxB4jgv_Ml1iOZ2jiVIw%3A1772116484357&amp;ei=BFqgabfEFbmG9u8PzbfT0Qo&amp;ved=0ahUKEwi31rOssPeSAxU5g_0HHc3bNKoQ4dUDCBE&amp;uact=5&amp;oq=China+el+Partido+Comunista+el+capitalismo+en+una+jaula+site%3Aelpais.com&amp;gs_lp=Egxnd3Mtd2l6LXNlcnAiRkNoaW5hIGVsIFBhcnRpZG8gQ29tdW5pc3RhIGVsIGNhcGl0YWxpc21vIGVuIHVuYSBqYXVsYSBzaXRlOmVscGFpcy5jb21IxRRQ1Q5Y1Q5wAXgAkAEAmAGKAaABigGqAQMwLjG4AQPIAQD4AQGYAgCgAgCYAwCIBgGSBwCgBwyyBwC4BwDCBwDIBwCACAE&amp;sclient=gws-wiz-serp\">capitalismo&nbsp;<\/a>actual es extremadamente competitivo. Y empuja a la gente a ser extremadamente competitiva, a ganar mucho dinero y a proyectar su \u00e9xito en las redes sociales. \u201cNo quiero disfrutar de esta comida cara, sino ense\u00f1\u00e1rtela\u201d. As\u00ed es dif\u00edcil que la gente quiera limitar la desigualdad.<\/p>\n\n\n\n<p><strong>P.<\/strong>&nbsp;Pero \u00bfpodemos reducirla?<\/p>\n\n\n\n<p><strong>R.<\/strong>&nbsp;S\u00ed, eso es todav\u00eda es posible, mediante la educaci\u00f3n y sanidad p\u00fablicas, transferencias sociales.<\/p>\n\n\n\n<p><strong>P.<\/strong>&nbsp;Vamos en direcci\u00f3n opuesta.<\/p>\n\n\n\n<p><strong>R.<\/strong>&nbsp;S\u00ed, justamente en la opuesta.<\/p>\n\n\n\n<p>Fuente: <a href=\"https:\/\/elpais.com\/ideas\/2026-02-28\/branko-milanovic-economista-las-clases-medias-occidentales-esperaban-que-la-globalizacion-les-funcionase-y-no-lo-ha-hecho.html\">https:\/\/elpais.com\/ideas\/2026-02-28\/branko-milanovic-economista-las-clases-medias-occidentales-esperaban-que-la-globalizacion-les-funcionase-y-no-lo-ha-hecho.html<\/a><\/p>\n","protected":false},"excerpt":{"rendered":"<p>El investigador nacido en la antigua Yugoslavia, especialista en desigualdad, se\u00f1ala que la educaci\u00f3n y la sanidad p\u00fablicas aseguran la [&hellip;]<\/p>\n","protected":false},"author":1,"featured_media":117508,"comment_status":"open","ping_status":"open","sticky":false,"template":"","format":"standard","meta":{"site-sidebar-layout":"default","site-content-layout":"","ast-site-content-layout":"default","site-content-style":"default","site-sidebar-style":"default","ast-global-header-display":"","ast-banner-title-visibility":"","ast-main-header-display":"","ast-hfb-above-header-display":"","ast-hfb-below-header-display":"","ast-hfb-mobile-header-display":"","site-post-title":"","ast-breadcrumbs-content":"","ast-featured-img":"","footer-sml-layout":"","theme-transparent-header-meta":"","adv-header-id-meta":"","stick-header-meta":"","header-above-stick-meta":"","header-main-stick-meta":"","header-below-stick-meta":"","astra-migrate-meta-layouts":"default","ast-page-background-enabled":"default","ast-page-background-meta":{"desktop":{"background-color":"var(--ast-global-color-4)","background-image":"","background-repeat":"repeat","background-position":"center center","background-size":"auto","background-attachment":"scroll","background-type":"","background-media":"","overlay-type":"","overlay-color":"","overlay-opacity":"","overlay-gradient":""},"tablet":{"background-color":"","background-image":"","background-repeat":"repeat","background-position":"center center","background-size":"auto","background-attachment":"scroll","background-type":"","background-media":"","overlay-type":"","overlay-color":"","overlay-opacity":"","overlay-gradient":""},"mobile":{"background-color":"","background-image":"","background-repeat":"repeat","background-position":"center center","background-size":"auto","background-attachment":"scroll","background-type":"","background-media":"","overlay-type":"","overlay-color":"","overlay-opacity":"","overlay-gradient":""}},"ast-content-background-meta":{"desktop":{"background-color":"var(--ast-global-color-5)","background-image":"","background-repeat":"repeat","background-position":"center center","background-size":"auto","background-attachment":"scroll","background-type":"","background-media":"","overlay-type":"","overlay-color":"","overlay-opacity":"","overlay-gradient":""},"tablet":{"background-color":"var(--ast-global-color-5)","background-image":"","background-repeat":"repeat","background-position":"center center","background-size":"auto","background-attachment":"scroll","background-type":"","background-media":"","overlay-type":"","overlay-color":"","overlay-opacity":"","overlay-gradient":""},"mobile":{"background-color":"var(--ast-global-color-5)","background-image":"","background-repeat":"repeat","background-position":"center center","background-size":"auto","background-attachment":"scroll","background-type":"","background-media":"","overlay-type":"","overlay-color":"","overlay-opacity":"","overlay-gradient":""}},"footnotes":""},"categories":[1],"tags":[],"class_list":["post-117507","post","type-post","status-publish","format-standard","has-post-thumbnail","hentry","category-sin-categoria"],"_links":{"self":[{"href":"https:\/\/losperiodistas.com.mx\/portal\/wp-json\/wp\/v2\/posts\/117507","targetHints":{"allow":["GET"]}}],"collection":[{"href":"https:\/\/losperiodistas.com.mx\/portal\/wp-json\/wp\/v2\/posts"}],"about":[{"href":"https:\/\/losperiodistas.com.mx\/portal\/wp-json\/wp\/v2\/types\/post"}],"author":[{"embeddable":true,"href":"https:\/\/losperiodistas.com.mx\/portal\/wp-json\/wp\/v2\/users\/1"}],"replies":[{"embeddable":true,"href":"https:\/\/losperiodistas.com.mx\/portal\/wp-json\/wp\/v2\/comments?post=117507"}],"version-history":[{"count":1,"href":"https:\/\/losperiodistas.com.mx\/portal\/wp-json\/wp\/v2\/posts\/117507\/revisions"}],"predecessor-version":[{"id":117509,"href":"https:\/\/losperiodistas.com.mx\/portal\/wp-json\/wp\/v2\/posts\/117507\/revisions\/117509"}],"wp:featuredmedia":[{"embeddable":true,"href":"https:\/\/losperiodistas.com.mx\/portal\/wp-json\/wp\/v2\/media\/117508"}],"wp:attachment":[{"href":"https:\/\/losperiodistas.com.mx\/portal\/wp-json\/wp\/v2\/media?parent=117507"}],"wp:term":[{"taxonomy":"category","embeddable":true,"href":"https:\/\/losperiodistas.com.mx\/portal\/wp-json\/wp\/v2\/categories?post=117507"},{"taxonomy":"post_tag","embeddable":true,"href":"https:\/\/losperiodistas.com.mx\/portal\/wp-json\/wp\/v2\/tags?post=117507"}],"curies":[{"name":"wp","href":"https:\/\/api.w.org\/{rel}","templated":true}]}}