{"id":117500,"date":"2026-02-28T07:51:08","date_gmt":"2026-02-28T13:51:08","guid":{"rendered":"https:\/\/losperiodistas.com.mx\/portal\/?p=117500"},"modified":"2026-02-28T07:51:09","modified_gmt":"2026-02-28T13:51:09","slug":"los-mapas-del-ataque-de-israel-y-estados-unidos-y-la-respuesta-de-iran-el-pais","status":"publish","type":"post","link":"https:\/\/losperiodistas.com.mx\/portal\/los-mapas-del-ataque-de-israel-y-estados-unidos-y-la-respuesta-de-iran-el-pais\/","title":{"rendered":"Los mapas del ataque de Israel y Estados Unidos y la respuesta de Ir\u00e1n | El Pa\u00eds"},"content":{"rendered":"\n<p class=\"has-medium-font-size\">Tras decenas de bombardeos sobre varias ciudades de la Rep\u00fablica Isl\u00e1mica, han sido golpeadas las bases norteamericanas en Kuwait, Qatar, Emiratos \u00c1rabes y Bahr\u00e9in<\/p>\n\n\n\n<p><\/p>\n\n\n\n<p><a href=\"https:\/\/elpais.com\/autor\/daniele-grasso\/#?rel=author_top\">Daniele Grasso<\/a><a href=\"https:\/\/elpais.com\/autor\/luis-sevillano-pires\/#?rel=author_top\"> \/ <\/a><a href=\"https:\/\/elpais.com\/autor\/luis-sevillano-pires\/#?rel=author_top\">Luis Sevillano Pires<\/a><a href=\"https:\/\/elpais.com\/autor\/yolanda-clemente-pomeda\/#?rel=author_top\"> \/ <\/a><a href=\"https:\/\/elpais.com\/autor\/yolanda-clemente-pomeda\/#?rel=author_top\">Yolanda Clemente Pomeda<\/a> \/ El Pa\u00eds<\/p>\n\n\n\n<p><\/p>\n\n\n\n<p>Israel y Estados Unidos&nbsp;<a href=\"https:\/\/elpais.com\/internacional\/2026-02-28\/ultima-hora-del-conflicto-en-oriente-proximo-en-directo.html\">han lanzado un ataque militar<\/a>&nbsp;conjunto contra Ir\u00e1n. Los primeros misiles han ca\u00eddo en Teher\u00e1n, capital del pa\u00eds, donde se han registrado explosiones ya desde las 8 de la ma\u00f1ana de este s\u00e1bado (hora local, las 7.00 en la Espa\u00f1a peninsular). V\u00eddeos de medios y agencias locales han confirmado bombardeos sobre al menos una docena de ciudades del pa\u00eds.<\/p>\n\n\n\n<p><strong>Lugares atacados en Ir\u00e1n<\/strong><\/p>\n\n\n\n<figure class=\"wp-block-image size-large\"><img fetchpriority=\"high\" decoding=\"async\" width=\"1024\" height=\"963\" src=\"https:\/\/losperiodistas.com.mx\/portal\/wp-content\/uploads\/2026\/02\/Captura-de-pantalla-2026-02-28-a-las-7.44.07-1024x963.png\" alt=\"\" class=\"wp-image-117501\" srcset=\"https:\/\/losperiodistas.com.mx\/portal\/wp-content\/uploads\/2026\/02\/Captura-de-pantalla-2026-02-28-a-las-7.44.07-1024x963.png 1024w, https:\/\/losperiodistas.com.mx\/portal\/wp-content\/uploads\/2026\/02\/Captura-de-pantalla-2026-02-28-a-las-7.44.07-300x282.png 300w, https:\/\/losperiodistas.com.mx\/portal\/wp-content\/uploads\/2026\/02\/Captura-de-pantalla-2026-02-28-a-las-7.44.07-768x722.png 768w, https:\/\/losperiodistas.com.mx\/portal\/wp-content\/uploads\/2026\/02\/Captura-de-pantalla-2026-02-28-a-las-7.44.07.png 1280w\" sizes=\"(max-width: 1024px) 100vw, 1024px\" \/><\/figure>\n\n\n\n<p>El ataque habr\u00eda alcanzado la residencia del Ali Jamene\u00ed, el l\u00edder supremo de Ir\u00e1n. As\u00ed lo han indicado las autoridades de Estados Unidos y lo confirmar\u00eda la siguiente imagen satelital tomada por Airbus y difundidad por&nbsp;<em>The New York Times<\/em>. El edificio golpeado suele ser la residencia principal de Jamene\u00ed y de los altos cargos del r\u00e9gimen. Por su parte, las autoridades iran\u00edes han dicho que la m\u00e1xima autoridad del pa\u00eds se encuentra a salvo y est\u00e1 dirigiendo las fuerzas armadas.<\/p>\n\n\n\n<figure class=\"wp-block-embed is-type-rich is-provider-twitter wp-block-embed-twitter\"><div class=\"wp-block-embed__wrapper\">\n<blockquote class=\"twitter-tweet\" data-width=\"500\" data-dnt=\"true\"><p lang=\"en\" dir=\"ltr\">We obtained the first known satellite image of Ayatollah Ali Khamenei&#39;s compound in Tehran. There are several destroyed buildings. While the current whereabouts of Iran&#39;s supreme leader are unknown, the compound is generally used as his official residence. \ud83d\udef0\ufe0f\ud83d\udcf8: <a href=\"https:\/\/twitter.com\/Airbus?ref_src=twsrc%5Etfw\">@Airbus<\/a> <a href=\"https:\/\/t.co\/48krjclMBL\">pic.twitter.com\/48krjclMBL<\/a><\/p>&mdash; Christiaan Triebert (@trbrtc) <a href=\"https:\/\/twitter.com\/trbrtc\/status\/2027703248887427576?ref_src=twsrc%5Etfw\">February 28, 2026<\/a><\/blockquote><script async src=\"https:\/\/platform.twitter.com\/widgets.js\" charset=\"utf-8\"><\/script>\n<\/div><\/figure>\n\n\n\n<p>La primera medida iran\u00ed ha sido el cierre del espacio a\u00e9reo, aplicado en pocas horas tambi\u00e9n por Irak y por el propio Israel, que ha declarado el estado de emergencia. A media ma\u00f1ana de este s\u00e1bado, el tr\u00e1fico a\u00e9reo en la zona estaba ya totalmente alterado por la situaci\u00f3n, como se aprecia con los datos de FilightRadar24.<\/p>\n\n\n\n<h2 class=\"wp-block-heading\">Ir\u00e1n cierra su espacio a\u00e9reo tras el ataque<\/h2>\n\n\n\n<figure class=\"wp-block-image size-large\"><img decoding=\"async\" width=\"986\" height=\"1024\" src=\"https:\/\/losperiodistas.com.mx\/portal\/wp-content\/uploads\/2026\/02\/Captura-de-pantalla-2026-02-28-a-las-7.45.37-986x1024.png\" alt=\"\" class=\"wp-image-117502\" srcset=\"https:\/\/losperiodistas.com.mx\/portal\/wp-content\/uploads\/2026\/02\/Captura-de-pantalla-2026-02-28-a-las-7.45.37-986x1024.png 986w, https:\/\/losperiodistas.com.mx\/portal\/wp-content\/uploads\/2026\/02\/Captura-de-pantalla-2026-02-28-a-las-7.45.37-289x300.png 289w, https:\/\/losperiodistas.com.mx\/portal\/wp-content\/uploads\/2026\/02\/Captura-de-pantalla-2026-02-28-a-las-7.45.37-768x798.png 768w, https:\/\/losperiodistas.com.mx\/portal\/wp-content\/uploads\/2026\/02\/Captura-de-pantalla-2026-02-28-a-las-7.45.37.png 1296w\" sizes=\"(max-width: 986px) 100vw, 986px\" \/><\/figure>\n\n\n\n<p>La respuesta militar de Ir\u00e1n no se ha hecho esperar. Menos de tres horas despu\u00e9s del ataque, los misiles de largo alcance de&nbsp;<a href=\"https:\/\/elpais.com\/internacional\/2026-02-28\/iran-ataca-bases-militares-de-estados-unidos-en-oriente-proximo.html\">Teher\u00e1n han golpeado al menos cuatro emplazamientos norteamericanos en<\/a>&nbsp;la regi\u00f3n. Se trata de tres bases a\u00e9reas (en Kuwait, Qatar y Emiratos \u00c1rabes) y de una base naval (en Bahr\u00e9in). Era una de las amenazas declaradas de Teher\u00e1n en caso de que se produjera el ataque.<\/p>\n\n\n\n<p><\/p>\n\n\n\n<figure class=\"wp-block-image size-large\"><img decoding=\"async\" width=\"915\" height=\"1024\" src=\"https:\/\/losperiodistas.com.mx\/portal\/wp-content\/uploads\/2026\/02\/Captura-de-pantalla-2026-02-28-a-las-7.46.28-915x1024.png\" alt=\"\" class=\"wp-image-117503\" srcset=\"https:\/\/losperiodistas.com.mx\/portal\/wp-content\/uploads\/2026\/02\/Captura-de-pantalla-2026-02-28-a-las-7.46.28-915x1024.png 915w, https:\/\/losperiodistas.com.mx\/portal\/wp-content\/uploads\/2026\/02\/Captura-de-pantalla-2026-02-28-a-las-7.46.28-268x300.png 268w, https:\/\/losperiodistas.com.mx\/portal\/wp-content\/uploads\/2026\/02\/Captura-de-pantalla-2026-02-28-a-las-7.46.28-768x860.png 768w, https:\/\/losperiodistas.com.mx\/portal\/wp-content\/uploads\/2026\/02\/Captura-de-pantalla-2026-02-28-a-las-7.46.28.png 1324w\" sizes=\"(max-width: 915px) 100vw, 915px\" \/><\/figure>\n\n\n\n<p><\/p>\n\n\n\n<p>Ir\u00e1n ha asegurado haber lanzado m\u00e1s ataques hacia Qatar e Israel. En la capital del pa\u00eds, Tel Aviv, se han escuchado desde primera hora las alarmas antia\u00e9reas y el Gobierno de Benjamin Netanyahu ha asegurado haber derribado ya varios misiles lanzados desde Ir\u00e1n (el sistema antimisiles israel\u00ed es&nbsp;<a href=\"https:\/\/elpais.com\/internacional\/2025-06-18\/iran-encuentra-grietas-en-el-escudo-antimisiles-de-israel.html\">uno de los m\u00e1s avanzado del mundo<\/a>).<\/p>\n\n\n\n<h2 class=\"wp-block-heading\"><strong>El despliegue de EEUU en la regi\u00f3n y los aliados de Ir\u00e1n<\/strong><\/h2>\n\n\n\n<p>El ataque no llega del todo por sorpresa. El jueves&nbsp;<a href=\"https:\/\/elpais.com\/internacional\/2026-02-26\/iran-y-estados-unidos-se-reunen-en-ginebra-para-tratar-de-evitar-la-guerra.html\">se cerraron sin acuerdo<\/a>&nbsp;las conversaciones en Ginebra entre las delegaciones de Estados Unidos e Ir\u00e1n y la presi\u00f3n en la regi\u00f3n ven\u00eda aumentando desde hace meses.<\/p>\n\n\n\n<p>Washington hab\u00eda desplegado una amplia flota en la zona, incluyendo dos portaaviones, el Gerald R. Fold y el Abraham Lincoln, con una capacidad conjunta para m\u00e1s de 150 aviones y m\u00e1s de 5.000 tripulantes. Ambos, protegidos por barcos destructores. En las \u00faltimas semanas adem\u00e1s se hab\u00edan desplazado decenas de cazas estadounidenses en las bases operativas y de apoyo en la regi\u00f3n (tambi\u00e9n en la espa\u00f1ola de Rota).<\/p>\n\n\n\n<figure class=\"wp-block-image size-large\"><img loading=\"lazy\" decoding=\"async\" width=\"828\" height=\"1024\" src=\"https:\/\/losperiodistas.com.mx\/portal\/wp-content\/uploads\/2026\/02\/Captura-de-pantalla-2026-02-28-a-las-7.47.44-828x1024.png\" alt=\"\" class=\"wp-image-117504\" srcset=\"https:\/\/losperiodistas.com.mx\/portal\/wp-content\/uploads\/2026\/02\/Captura-de-pantalla-2026-02-28-a-las-7.47.44-828x1024.png 828w, https:\/\/losperiodistas.com.mx\/portal\/wp-content\/uploads\/2026\/02\/Captura-de-pantalla-2026-02-28-a-las-7.47.44-242x300.png 242w, https:\/\/losperiodistas.com.mx\/portal\/wp-content\/uploads\/2026\/02\/Captura-de-pantalla-2026-02-28-a-las-7.47.44-768x950.png 768w, https:\/\/losperiodistas.com.mx\/portal\/wp-content\/uploads\/2026\/02\/Captura-de-pantalla-2026-02-28-a-las-7.47.44-1241x1536.png 1241w, https:\/\/losperiodistas.com.mx\/portal\/wp-content\/uploads\/2026\/02\/Captura-de-pantalla-2026-02-28-a-las-7.47.44.png 1500w\" sizes=\"(max-width: 828px) 100vw, 828px\" \/><\/figure>\n\n\n\n<p>Las tropas norteamericanas desplegadas en Oriente Pr\u00f3ximo sumar\u00edan entre 40.000 y 50.000 efectivos, que tendr\u00e1n que protegerse de otra baza de Ir\u00e1n:&nbsp;<a href=\"https:\/\/elpais.com\/internacional\/2026-02-28\/la-red-de-milicias-chiies-que-iran-puede-activar-contra-ee-uu-e-israel.html\">las milicias chi\u00edes<\/a>&nbsp;que la Rep\u00fablica Isl\u00e1mica puede activar contra sus enemigos. Hay que tener en cuenta que la agresiva guerra que ha librado Israel en la regi\u00f3n tras los atentados de Ham\u00e1s en octubre de 2023, con&nbsp;<a href=\"https:\/\/elpais.com\/internacional\/2023-12-31\/iran-y-los-siete-frentes-de-israel.html\">bombardeos en L\u00edbano, Siria, Irak, Ir\u00e1n, Qatar y Yemen, adem\u00e1s de Gaza<\/a>, ha mermado claramente la capacidad de respuesta de sus aliados, pero no la ha eliminado del todo.<\/p>\n\n\n\n<h2 class=\"wp-block-heading\">Despliegue de capacidades militares de EE. UU. frente a la red de influencia y milicias chi\u00edes aliadas de Ir\u00e1n<\/h2>\n\n\n\n<p>Capacidades de respuesta regional de Ir\u00e1n mediante el eje de la resistencia ante un posible ataque de EE UU<\/p>\n\n\n\n<figure class=\"wp-block-image size-large\"><img loading=\"lazy\" decoding=\"async\" width=\"946\" height=\"1024\" src=\"https:\/\/losperiodistas.com.mx\/portal\/wp-content\/uploads\/2026\/02\/Captura-de-pantalla-2026-02-28-a-las-7.48.51-946x1024.png\" alt=\"\" class=\"wp-image-117505\" srcset=\"https:\/\/losperiodistas.com.mx\/portal\/wp-content\/uploads\/2026\/02\/Captura-de-pantalla-2026-02-28-a-las-7.48.51-946x1024.png 946w, https:\/\/losperiodistas.com.mx\/portal\/wp-content\/uploads\/2026\/02\/Captura-de-pantalla-2026-02-28-a-las-7.48.51-277x300.png 277w, https:\/\/losperiodistas.com.mx\/portal\/wp-content\/uploads\/2026\/02\/Captura-de-pantalla-2026-02-28-a-las-7.48.51-768x831.png 768w, https:\/\/losperiodistas.com.mx\/portal\/wp-content\/uploads\/2026\/02\/Captura-de-pantalla-2026-02-28-a-las-7.48.51.png 1334w\" sizes=\"(max-width: 946px) 100vw, 946px\" \/><\/figure>\n\n\n\n<p>Fuente: <a href=\"https:\/\/elpais.com\/internacional\/2026-02-28\/los-mapas-del-ataque-de-israel-y-estados-unidos-y-la-respuesta-de-iran.html\">https:\/\/elpais.com\/internacional\/2026-02-28\/los-mapas-del-ataque-de-israel-y-estados-unidos-y-la-respuesta-de-iran.html<\/a><\/p>\n","protected":false},"excerpt":{"rendered":"<p>Tras decenas de bombardeos sobre varias ciudades de la Rep\u00fablica Isl\u00e1mica, han sido golpeadas las bases norteamericanas en Kuwait, Qatar, [&hellip;]<\/p>\n","protected":false},"author":1,"featured_media":117501,"comment_status":"open","ping_status":"open","sticky":false,"template":"","format":"standard","meta":{"site-sidebar-layout":"default","site-content-layout":"","ast-site-content-layout":"default","site-content-style":"default","site-sidebar-style":"default","ast-global-header-display":"","ast-banner-title-visibility":"","ast-main-header-display":"","ast-hfb-above-header-display":"","ast-hfb-below-header-display":"","ast-hfb-mobile-header-display":"","site-post-title":"","ast-breadcrumbs-content":"","ast-featured-img":"","footer-sml-layout":"","theme-transparent-header-meta":"","adv-header-id-meta":"","stick-header-meta":"","header-above-stick-meta":"","header-main-stick-meta":"","header-below-stick-meta":"","astra-migrate-meta-layouts":"default","ast-page-background-enabled":"default","ast-page-background-meta":{"desktop":{"background-color":"var(--ast-global-color-4)","background-image":"","background-repeat":"repeat","background-position":"center center","background-size":"auto","background-attachment":"scroll","background-type":"","background-media":"","overlay-type":"","overlay-color":"","overlay-opacity":"","overlay-gradient":""},"tablet":{"background-color":"","background-image":"","background-repeat":"repeat","background-position":"center center","background-size":"auto","background-attachment":"scroll","background-type":"","background-media":"","overlay-type":"","overlay-color":"","overlay-opacity":"","overlay-gradient":""},"mobile":{"background-color":"","background-image":"","background-repeat":"repeat","background-position":"center center","background-size":"auto","background-attachment":"scroll","background-type":"","background-media":"","overlay-type":"","overlay-color":"","overlay-opacity":"","overlay-gradient":""}},"ast-content-background-meta":{"desktop":{"background-color":"var(--ast-global-color-5)","background-image":"","background-repeat":"repeat","background-position":"center center","background-size":"auto","background-attachment":"scroll","background-type":"","background-media":"","overlay-type":"","overlay-color":"","overlay-opacity":"","overlay-gradient":""},"tablet":{"background-color":"var(--ast-global-color-5)","background-image":"","background-repeat":"repeat","background-position":"center center","background-size":"auto","background-attachment":"scroll","background-type":"","background-media":"","overlay-type":"","overlay-color":"","overlay-opacity":"","overlay-gradient":""},"mobile":{"background-color":"var(--ast-global-color-5)","background-image":"","background-repeat":"repeat","background-position":"center center","background-size":"auto","background-attachment":"scroll","background-type":"","background-media":"","overlay-type":"","overlay-color":"","overlay-opacity":"","overlay-gradient":""}},"footnotes":""},"categories":[8],"tags":[46685,46686,36810,1582],"class_list":["post-117500","post","type-post","status-publish","format-standard","has-post-thumbnail","hentry","category-noticias","tag-ataque-a-iranb","tag-bombardeos-iran","tag-ee-uu-2","tag-israel"],"_links":{"self":[{"href":"https:\/\/losperiodistas.com.mx\/portal\/wp-json\/wp\/v2\/posts\/117500","targetHints":{"allow":["GET"]}}],"collection":[{"href":"https:\/\/losperiodistas.com.mx\/portal\/wp-json\/wp\/v2\/posts"}],"about":[{"href":"https:\/\/losperiodistas.com.mx\/portal\/wp-json\/wp\/v2\/types\/post"}],"author":[{"embeddable":true,"href":"https:\/\/losperiodistas.com.mx\/portal\/wp-json\/wp\/v2\/users\/1"}],"replies":[{"embeddable":true,"href":"https:\/\/losperiodistas.com.mx\/portal\/wp-json\/wp\/v2\/comments?post=117500"}],"version-history":[{"count":1,"href":"https:\/\/losperiodistas.com.mx\/portal\/wp-json\/wp\/v2\/posts\/117500\/revisions"}],"predecessor-version":[{"id":117506,"href":"https:\/\/losperiodistas.com.mx\/portal\/wp-json\/wp\/v2\/posts\/117500\/revisions\/117506"}],"wp:featuredmedia":[{"embeddable":true,"href":"https:\/\/losperiodistas.com.mx\/portal\/wp-json\/wp\/v2\/media\/117501"}],"wp:attachment":[{"href":"https:\/\/losperiodistas.com.mx\/portal\/wp-json\/wp\/v2\/media?parent=117500"}],"wp:term":[{"taxonomy":"category","embeddable":true,"href":"https:\/\/losperiodistas.com.mx\/portal\/wp-json\/wp\/v2\/categories?post=117500"},{"taxonomy":"post_tag","embeddable":true,"href":"https:\/\/losperiodistas.com.mx\/portal\/wp-json\/wp\/v2\/tags?post=117500"}],"curies":[{"name":"wp","href":"https:\/\/api.w.org\/{rel}","templated":true}]}}