{"id":11747,"date":"2021-08-18T06:08:38","date_gmt":"2021-08-18T11:08:38","guid":{"rendered":"http:\/\/losperiodistas.com.mx\/portal\/?p=11747"},"modified":"2021-08-18T06:01:40","modified_gmt":"2021-08-18T11:01:40","slug":"hernan-cortes-encuentro-y-conquista","status":"publish","type":"post","link":"https:\/\/losperiodistas.com.mx\/portal\/hernan-cortes-encuentro-y-conquista\/","title":{"rendered":"Hern\u00e1n Cort\u00e9s: Encuentro y Conquista"},"content":{"rendered":"\n<p><\/p>\n\n\n\n<figure class=\"wp-block-image size-large\"><img fetchpriority=\"high\" decoding=\"async\" width=\"1024\" height=\"930\" src=\"https:\/\/losperiodistas.com.mx\/portal\/wp-content\/uploads\/2021\/08\/Captura-de-Pantalla-2021-08-18-a-las-5.56.39-1024x930.jpg\" alt=\"\" class=\"wp-image-11748\" srcset=\"https:\/\/losperiodistas.com.mx\/portal\/wp-content\/uploads\/2021\/08\/Captura-de-Pantalla-2021-08-18-a-las-5.56.39-1024x930.jpg 1024w, https:\/\/losperiodistas.com.mx\/portal\/wp-content\/uploads\/2021\/08\/Captura-de-Pantalla-2021-08-18-a-las-5.56.39-300x272.jpg 300w, https:\/\/losperiodistas.com.mx\/portal\/wp-content\/uploads\/2021\/08\/Captura-de-Pantalla-2021-08-18-a-las-5.56.39-768x697.jpg 768w, https:\/\/losperiodistas.com.mx\/portal\/wp-content\/uploads\/2021\/08\/Captura-de-Pantalla-2021-08-18-a-las-5.56.39-1536x1394.jpg 1536w, https:\/\/losperiodistas.com.mx\/portal\/wp-content\/uploads\/2021\/08\/Captura-de-Pantalla-2021-08-18-a-las-5.56.39-396x360.jpg 396w, https:\/\/losperiodistas.com.mx\/portal\/wp-content\/uploads\/2021\/08\/Captura-de-Pantalla-2021-08-18-a-las-5.56.39.jpg 1628w\" sizes=\"(max-width: 1024px) 100vw, 1024px\" \/><\/figure>\n\n\n\n<p class=\"has-vivid-cyan-blue-color has-text-color\" style=\"font-size:26px\"><strong><em>Por Humberto Aguilar Coronado*<\/em><\/strong><\/p>\n\n\n\n<p>Hace unos meses me regalaron un extraordinario libro, que no quise leer hasta que hubiera pasado el 13 de agosto, d\u00eda en que se cumplieron 500 a\u00f1os de lo que se conoce como la ca\u00edda de M\u00e9xico-Tenochtitlan, dando paso a conmemorar el nacimiento de una nueva Naci\u00f3n.<\/p>\n\n\n\n<p>No lo quise leer porque quise esperar a conocer las reacciones que seguramente iban a venir desde el poder, dado que ya hab\u00edamos conocido la exigencia del presidente para la reivindicaci\u00f3n de los pueblos originarios, comenzando con una expresi\u00f3n de perd\u00f3n exigida al Rey de Espa\u00f1a y al Papa en Roma, por lo que \u00e9l llama los abusos comedos contra los pueblos ind\u00edgenas.<\/p>\n\n\n\n<p>El libro no ene desperdicio, est\u00e1 escrito por qui\u00e9n se autodefine como un \u201cciudadano del mundo\u201d, Juan Miguel Zunzunegui y lleva por tulo, Hern\u00e1n Cort\u00e9s, encuentro y conquista, editado por Grijalbo.<\/p>\n\n\n\n<p>Desde el pr\u00f3logo, el primer p\u00e1rrafo es el que atrapa a su lectura y disfrute de la misma con la pregunta: \u201c\u00bfQui\u00e9n nos ense\u00f1\u00f3 a odiarnos a nosotros mismos?<\/p>\n\n\n\n<p>Afirma el autor que \u00e9sa es la pregunta m\u00e1s importante que debemos responder, pues es el origen de todas nuestras derrotas.<\/p>\n\n\n\n<p>Esta pregunta nos debe movar a la reflexi\u00f3n de todo aquello que en el pasado y m\u00e1s en el presente, culpa a Espa\u00f1a, a los espa\u00f1oles y en especial a Hern\u00e1n Cort\u00e9s de todo lo malo que nos ha pasado, para responder si M\u00e9xico y los mexicanos debemos seguir recordando y viviendo en una lucha constante entre buenos y malos; entre descendientes de espa\u00f1oles o descendientes de mexicas; entre conquistadores y conquistados; entre vencedores y vencidos.<\/p>\n\n\n\n<p>Eso es lo que ha provocado el presidente al tratar de cambiar la historia para afirmar que el 13 de agos to de 1521 no se llev\u00f3 a cabo la conquista de M\u00e9xico, sino que, a 500 a\u00f1os de distancia, lo que se debe celebrar es la resistencia de los pueblos ind\u00edgenas.<\/p>\n\n\n\n<p>Coincido con el autor del libro mencionado que las condiciones de pobreza en la que se encuentran los pueblos ind\u00edgenas, no es culpa de la conquista, sino de todos los gobiernos que han pasado a lo largo de 500 a\u00f1os y que no pudieron, ni han sabido como integrar a los pueblos ind\u00edgenas al desarrollo, pero eso s\u00ed, ahora se encuentra una excusa perfecta en el discurso maniqueo de la conquista.<\/p>\n\n\n\n<p>A mi me parece que \u201cya chole\u201d con seguir promoviendo discursos de odio y polarizaci\u00f3n, para concentrarnos en lo realmente importante, como salir adelante.<\/p>\n\n\n\n<p>S\u00ed, hay que sanar las heridas del pasado sin avergonzarnos y avocarnos en la construcci\u00f3n del presente.<\/p>\n\n\n\n<p>M\u00e9xico, el nuevo M\u00e9xico, no podr\u00eda explicarse sin Espa\u00f1a. Los mexicanos no podr\u00edamos explicarnos sin la riqueza cultural de los espa\u00f1oles.<\/p>\n\n\n\n<p>Prefiero empezar a construir una relaci\u00f3n de respeto mutuo para preocuparnos por los problemas presentes, que muchos de ellos, por cierto, no exisan en 1521.<\/p>\n\n\n\n<p>Por eso me quedo con el cart\u00f3n rictus publicado en el financiero el lunes 16 de agosto, en donde el fan tasma de Hern\u00e1n Cort\u00e9s se aparece en palacio nacional al presidente L\u00f3pez Obrador y le dice: \u201c\u00bfY si me jor liberas a tu pueblo del narco, la corrupci\u00f3n, la pandemia, la inseguridad y la crisis que lo enen conquistado, y a m\u00ed me dejas en paz?<\/p>\n\n\n\n<p>Por lo pronto a seguir con la lectura. Se los recomiendo ampliamente.<\/p>\n\n\n\n<p>*Es un pol\u00edco mexicano. Diputado Federal electo para la LXV Legislatura Federal en M\u00e9xico. Polit\u00f3logo y Maestro en Negociaci\u00f3n por la Universidad Carlos III de Madrid, Espa\u00f1a.<\/p>\n\n\n\n<p>Facebook: hps:\/\/www.facebook.com\/TigreAguilarC Instagram: humbertoaguilarelgre Twier: @Tigre_Aguilar_C<\/p>\n","protected":false},"excerpt":{"rendered":"<p>Por Humberto Aguilar Coronado* Hace unos meses me regalaron un extraordinario libro, que no quise leer hasta que hubiera pasado [&hellip;]<\/p>\n","protected":false},"author":1,"featured_media":11748,"comment_status":"open","ping_status":"open","sticky":false,"template":"","format":"standard","meta":{"site-sidebar-layout":"default","site-content-layout":"","ast-site-content-layout":"default","site-content-style":"default","site-sidebar-style":"default","ast-global-header-display":"","ast-banner-title-visibility":"","ast-main-header-display":"","ast-hfb-above-header-display":"","ast-hfb-below-header-display":"","ast-hfb-mobile-header-display":"","site-post-title":"","ast-breadcrumbs-content":"","ast-featured-img":"","footer-sml-layout":"","theme-transparent-header-meta":"","adv-header-id-meta":"","stick-header-meta":"","header-above-stick-meta":"","header-main-stick-meta":"","header-below-stick-meta":"","astra-migrate-meta-layouts":"default","ast-page-background-enabled":"default","ast-page-background-meta":{"desktop":{"background-color":"var(--ast-global-color-4)","background-image":"","background-repeat":"repeat","background-position":"center center","background-size":"auto","background-attachment":"scroll","background-type":"","background-media":"","overlay-type":"","overlay-color":"","overlay-opacity":"","overlay-gradient":""},"tablet":{"background-color":"","background-image":"","background-repeat":"repeat","background-position":"center center","background-size":"auto","background-attachment":"scroll","background-type":"","background-media":"","overlay-type":"","overlay-color":"","overlay-opacity":"","overlay-gradient":""},"mobile":{"background-color":"","background-image":"","background-repeat":"repeat","background-position":"center center","background-size":"auto","background-attachment":"scroll","background-type":"","background-media":"","overlay-type":"","overlay-color":"","overlay-opacity":"","overlay-gradient":""}},"ast-content-background-meta":{"desktop":{"background-color":"var(--ast-global-color-5)","background-image":"","background-repeat":"repeat","background-position":"center center","background-size":"auto","background-attachment":"scroll","background-type":"","background-media":"","overlay-type":"","overlay-color":"","overlay-opacity":"","overlay-gradient":""},"tablet":{"background-color":"var(--ast-global-color-5)","background-image":"","background-repeat":"repeat","background-position":"center center","background-size":"auto","background-attachment":"scroll","background-type":"","background-media":"","overlay-type":"","overlay-color":"","overlay-opacity":"","overlay-gradient":""},"mobile":{"background-color":"var(--ast-global-color-5)","background-image":"","background-repeat":"repeat","background-position":"center center","background-size":"auto","background-attachment":"scroll","background-type":"","background-media":"","overlay-type":"","overlay-color":"","overlay-opacity":"","overlay-gradient":""}},"footnotes":""},"categories":[8,18],"tags":[3148],"class_list":["post-11747","post","type-post","status-publish","format-standard","has-post-thumbnail","hentry","category-noticias","category-palabra-de-tigre","tag-500-anos-conquista-mexico"],"_links":{"self":[{"href":"https:\/\/losperiodistas.com.mx\/portal\/wp-json\/wp\/v2\/posts\/11747","targetHints":{"allow":["GET"]}}],"collection":[{"href":"https:\/\/losperiodistas.com.mx\/portal\/wp-json\/wp\/v2\/posts"}],"about":[{"href":"https:\/\/losperiodistas.com.mx\/portal\/wp-json\/wp\/v2\/types\/post"}],"author":[{"embeddable":true,"href":"https:\/\/losperiodistas.com.mx\/portal\/wp-json\/wp\/v2\/users\/1"}],"replies":[{"embeddable":true,"href":"https:\/\/losperiodistas.com.mx\/portal\/wp-json\/wp\/v2\/comments?post=11747"}],"version-history":[{"count":1,"href":"https:\/\/losperiodistas.com.mx\/portal\/wp-json\/wp\/v2\/posts\/11747\/revisions"}],"predecessor-version":[{"id":11749,"href":"https:\/\/losperiodistas.com.mx\/portal\/wp-json\/wp\/v2\/posts\/11747\/revisions\/11749"}],"wp:featuredmedia":[{"embeddable":true,"href":"https:\/\/losperiodistas.com.mx\/portal\/wp-json\/wp\/v2\/media\/11748"}],"wp:attachment":[{"href":"https:\/\/losperiodistas.com.mx\/portal\/wp-json\/wp\/v2\/media?parent=11747"}],"wp:term":[{"taxonomy":"category","embeddable":true,"href":"https:\/\/losperiodistas.com.mx\/portal\/wp-json\/wp\/v2\/categories?post=11747"},{"taxonomy":"post_tag","embeddable":true,"href":"https:\/\/losperiodistas.com.mx\/portal\/wp-json\/wp\/v2\/tags?post=11747"}],"curies":[{"name":"wp","href":"https:\/\/api.w.org\/{rel}","templated":true}]}}