{"id":11744,"date":"2021-08-18T06:26:27","date_gmt":"2021-08-18T11:26:27","guid":{"rendered":"http:\/\/losperiodistas.com.mx\/portal\/?p=11744"},"modified":"2021-08-18T05:26:42","modified_gmt":"2021-08-18T10:26:42","slug":"facebook-prohibe-los-perfiles-de-los-talibanes-tambien-en-whatsapp-e-instagram-mientras-twitter-los-permite-ser","status":"publish","type":"post","link":"https:\/\/losperiodistas.com.mx\/portal\/facebook-prohibe-los-perfiles-de-los-talibanes-tambien-en-whatsapp-e-instagram-mientras-twitter-los-permite-ser\/","title":{"rendered":"Facebook proh\u00edbe los perfiles de los talibanes, tambi\u00e9n en WhatsApp e Instagram, mientras Twitter los permite | SER"},"content":{"rendered":"\n<p style=\"font-size:18px\"><em>Los l\u00edderes talibanes aprovechan la propaganda r\u00e1pida y eficaz que se puede hacer por las redes sociales para difundir su discurso<\/em><\/p>\n\n\n\n<figure class=\"wp-block-image size-large\"><img fetchpriority=\"high\" decoding=\"async\" width=\"1024\" height=\"791\" src=\"https:\/\/losperiodistas.com.mx\/portal\/wp-content\/uploads\/2021\/08\/Captura-de-Pantalla-2021-08-18-a-las-5.23.05-1024x791.jpg\" alt=\"\" class=\"wp-image-11745\" srcset=\"https:\/\/losperiodistas.com.mx\/portal\/wp-content\/uploads\/2021\/08\/Captura-de-Pantalla-2021-08-18-a-las-5.23.05-1024x791.jpg 1024w, https:\/\/losperiodistas.com.mx\/portal\/wp-content\/uploads\/2021\/08\/Captura-de-Pantalla-2021-08-18-a-las-5.23.05-300x232.jpg 300w, https:\/\/losperiodistas.com.mx\/portal\/wp-content\/uploads\/2021\/08\/Captura-de-Pantalla-2021-08-18-a-las-5.23.05-768x593.jpg 768w, https:\/\/losperiodistas.com.mx\/portal\/wp-content\/uploads\/2021\/08\/Captura-de-Pantalla-2021-08-18-a-las-5.23.05-1536x1187.jpg 1536w, https:\/\/losperiodistas.com.mx\/portal\/wp-content\/uploads\/2021\/08\/Captura-de-Pantalla-2021-08-18-a-las-5.23.05.jpg 1548w\" sizes=\"(max-width: 1024px) 100vw, 1024px\" \/><\/figure>\n\n\n\n<p class=\"has-vivid-cyan-blue-color has-text-color has-medium-font-size\">E.P. CADENA SER<\/p>\n\n\n\n<p>La compa\u00f1\u00eda&nbsp;<a href=\"https:\/\/cadenaser.com\/tag\/facebook\/a\/\" rel=\"noreferrer noopener\" target=\"_blank\">Facebook<\/a>&nbsp;ha prohibido este martes los perfiles de los&nbsp;<a href=\"https:\/\/cadenaser.com\/tag\/guerrilla_taliban\/a\/\" rel=\"noreferrer noopener\" target=\"_blank\">talib\u00e1n<\/a>&nbsp;y de aquellos que los apoyen o alaben en la red social, adem\u00e1s de en la aplicaci\u00f3n de mensajer\u00eda&nbsp;<a href=\"https:\/\/cadenaser.com\/tag\/whatsapp\/a\/\" rel=\"noreferrer noopener\" target=\"_blank\">WhatsApp<\/a>&nbsp;y en&nbsp;<a href=\"https:\/\/cadenaser.com\/tag\/instagram\/a\/\" rel=\"noreferrer noopener\" target=\"_blank\">Instagram<\/a>, seg\u00fan ha informado en un comunicado.<\/p>\n\n\n\n<p>M\u00c1S INFORMACI\u00d3N<\/p>\n\n\n\n<ul class=\"wp-block-list\"><li class=\"\"><a href=\"https:\/\/cadenaser.com\/ser\/2021\/08\/17\/internacional\/1629207963_275418.html?int=masinfo\">Qui\u00e9nes son los l\u00edderes de los talibanes que se han hecho con Afganist\u00e1n tras 20 a\u00f1os<\/a><\/li><li class=\"\"><a href=\"https:\/\/cadenaser.com\/ser\/2021\/08\/17\/internacional\/1629177730_327171.html?int=masinfo\">\u00abHa sido heroico\u00bb: la historia detr\u00e1s de una de las evacuaciones m\u00e1s impactantes en Afganist\u00e1n<\/a><\/li><\/ul>\n\n\n\n<p>La empresa ha amparado su decisi\u00f3n en su pol\u00edtica referente a organizaciones peligrosas, que les permitir\u00e1 bloquear los perfiles gestionados por los talib\u00e1n o que hablen en su nombre.<\/p>\n\n\n\n<h2 class=\"wp-block-heading\">Facebook pretende combatir contra los discursos de odio<\/h2>\n\n\n\n<p>\u00abLos talib\u00e1n son una organizaci\u00f3n terrorista sancionada bajo la ley de Estados Unidos\u00bb, ha agregado Facebook, seg\u00fan ha recogido la prensa estadounidense. No obstante, los talib\u00e1n no est\u00e1n oficialmente designados como una organizaci\u00f3n terrorista extranjera por Estados Unidos.<\/p>\n\n\n\n<p>La compa\u00f1\u00eda ha detallado que emplea a un \u00abgrupo de expertos en&nbsp;<a href=\"https:\/\/cadenaser.com\/tag\/afganistan\/a\/\" rel=\"noreferrer noopener\" target=\"_blank\">Afganist\u00e1n<\/a>, cuyo idioma nativo son el past\u00fan o el persa dar\u00ed, que tienen conocimiento del contexto local\u00bb. Su tarea consiste en retirar el material no permitido.<\/p>\n\n\n\n<h2 class=\"wp-block-heading\">Twitter mantiene sus perfiles<\/h2>\n\n\n\n<p>Mientras tanto, Twitter todav\u00eda no se ha pronunciado por el auge de los perfiles de l\u00edderes talibanes, que los aprovechan para difundir sus mensajes a la sociedad. Como\u00a0<a href=\"https:\/\/twitter.com\/IeaOffice\" rel=\"noreferrer noopener\" target=\"_blank\">Mohamed Naeem<\/a>, portavoz de la oficina pol\u00edtica del Emirato \u00c1rabe de Afganist\u00e1n, que cuenta con hasta 206 mil seguidores y tiene una faceta muy activa en la red social. En uno de sus mensajes cuando cay\u00f3 la ciudad de Kabul en manos de los insurgentes, public\u00f3:\u00a0\u00abAseguramos a todas las embajadas, misiones diplom\u00e1ticas, instituciones y residencias de ciudadanos extranjeros en Kabul que no corren ning\u00fan peligro. Todos en Kabul deben tener total confianza, y las fuerzas del Emirato Isl\u00e1mico tienen la tarea de mantener la seguridad en Kabul y otras ciudades del pa\u00eds\u00bb.<\/p>\n\n\n\n<figure class=\"wp-block-embed is-type-rich is-provider-twitter wp-block-embed-twitter\"><div class=\"wp-block-embed__wrapper\">\n<blockquote class=\"twitter-tweet\" data-width=\"500\" data-dnt=\"true\"><p lang=\"ar\" dir=\"rtl\">\u0646\u0624\u0643\u062f \u0644\u062c\u0645\u064a\u0639 \u0627\u0644\u0633\u0641\u0627\u0631\u0627\u062a \u0648\u0627\u0644\u0628\u0639\u062b\u0627\u062a \u0627\u0644\u062f\u0628\u0644\u0648\u0645\u0627\u0633\u064a\u0629 \u0648\u0627\u0644\u0645\u0624\u0633\u0633\u0627\u062a \u0648\u0645\u0633\u0627\u0643\u0646 \u0627\u0644\u0631\u0639\u0627\u064a\u0627 \u0627\u0644\u0623\u062c\u0627\u0646\u0628 \u0641\u064a \u0643\u0627\u0628\u0648\u0644 \u0623\u0646\u0647 \u0644\u0627 \u064a\u0648\u062c\u062f \u062e\u0637\u0631 \u0639\u0644\u064a\u0647\u0645. \u064a\u062c\u0628 \u0623\u0646 \u064a\u0643\u0648\u0646 \u0627\u0644\u062c\u0645\u064a\u0639 \u0641\u064a \u0643\u0627\u0628\u0648\u0644 \u0628\u062b\u0642\u0629 \u062a\u0627\u0645\u0629 \u060c \u0648\u0642\u0648\u0627\u062a \u0627\u0644\u0625\u0645\u0627\u0631\u0629 \u0627\u0644\u0625\u0633\u0644\u0627\u0645\u064a\u0629 \u0645\u0643\u0644\u0641\u0629 \u0628\u0627\u0644\u062d\u0641\u0627\u0638 \u0639\u0644\u0649 \u0627\u0644\u0623\u0645\u0646 \u0641\u064a \u0643\u0627\u0628\u0648\u0644 \u0648\u0645\u062f\u0646 \u0623\u062e\u0631\u0649 \u0641\u064a \u0627\u0644\u0628\u0644\u0627\u062f<\/p>&mdash; Dr.M.Naeem (@IeaOffice) <a href=\"https:\/\/twitter.com\/IeaOffice\/status\/1426964064106860545?ref_src=twsrc%5Etfw\">August 15, 2021<\/a><\/blockquote><script async src=\"https:\/\/platform.twitter.com\/widgets.js\" charset=\"utf-8\"><\/script>\n<\/div><\/figure>\n\n\n\n<p>La raz\u00f3n por la que se permiten estos mensajes es porque la pol\u00edtica de seguridad y privacidad de Twitter es diferente a la de Facebook, y dice que elimina aquellos mensajes que incitan al odio y a la violencia, pero permite los perfiles de los l\u00edderes. En la misma l\u00ednea se encuentran otros perfiles de l\u00edderes talibanes, como\u00a0\u00a0<a href=\"https:\/\/twitter.com\/Zabehulah_M33\" rel=\"noreferrer noopener\" target=\"_blank\">Zabihullah Mujahid<\/a>, que cuenta con m\u00e1s de 299.000 o\u00a0<a href=\"https:\/\/twitter.com\/suhailshaheen1\/status\/1427287905635024907\" rel=\"noreferrer noopener\" target=\"_blank\">Suhail Shaheen<\/a>, que tiene casi 350.000 seguidores en la red social.<\/p>\n\n\n\n<figure class=\"wp-block-embed is-type-rich is-provider-twitter wp-block-embed-twitter\"><div class=\"wp-block-embed__wrapper\">\n<blockquote class=\"twitter-tweet\" data-width=\"500\" data-dnt=\"true\"><p lang=\"ps\" dir=\"rtl\">\u062e\u0628\u0631\u062a\u06cc\u0627:<br>\u0646\u0646 \u0645\u0627\u0632\u062f\u06cc\u06ab\u0631 \u06f6:\u06f3\u06f0 \u0628\u062c\u06d0 \u067e\u0647 \u06a9\u0627\u0628\u0644 \u06a9\u06d0 \u062f \u0631\u0633\u0646\u06cc\u0648 \u067e\u0647 \u0645\u0631\u06a9\u0632 \u06a9\u06d0 \u0632\u0647 \u0630\u0628\u06cc\u062d \u0627\u0644\u0644\u0647 \u0645\u062c\u0627\u0647\u062f \u062f \u0627\u0633\u0644\u0627\u0645\u064a \u0627\u0645\u0627\u0631\u062a \u0648\u06cc\u0627\u0646\u062f \u062e\u067e\u0644 \u0644\u0648\u0645\u0693\u0646\u06cc \u0645\u0637\u0628\u0648\u0639\u0627\u062a\u064a \u06a9\u0646\u0641\u0631\u0627\u0646\u0633 \u0644\u0631\u0645\u060c \u062f \u0631\u0633\u0646\u06cc\u0648 \u0627\u0633\u062a\u0627\u0632\u064a \u0627\u0648 \u0698\u0648\u0631\u0646\u0627\u0644\u0633\u062a\u0627\u0646 \u06a9\u0648\u0644\u0627\u06cc \u0634\u064a \u06cc\u0627\u062f \u0645\u0631\u06a9\u0632 \u062a\u0647 \u062a\u0634\u0631\u06cc\u0641 \u0631\u0627\u0648\u0693\u064a.<\/p>&mdash; Zabihullah (..\u0630\u0628\u0640\u0640\u0640\u0640\u0640\u06cc\u062d \u0627\u0644\u0644\u0647 \u0645 ) (@Zabehulah_M33) <a href=\"https:\/\/twitter.com\/Zabehulah_M33\/status\/1427608430672597005?ref_src=twsrc%5Etfw\">August 17, 2021<\/a><\/blockquote><script async src=\"https:\/\/platform.twitter.com\/widgets.js\" charset=\"utf-8\"><\/script>\n<\/div><\/figure>\n\n\n\n<p>Fuente: https:\/\/cadenaser.com\/ser\/2021\/08\/17\/internacional\/1629211445_479513.html<\/p>\n","protected":false},"excerpt":{"rendered":"<p>Los l\u00edderes talibanes aprovechan la propaganda r\u00e1pida y eficaz que se puede hacer por las redes sociales para difundir su [&hellip;]<\/p>\n","protected":false},"author":1,"featured_media":11745,"comment_status":"open","ping_status":"open","sticky":false,"template":"","format":"standard","meta":{"site-sidebar-layout":"default","site-content-layout":"","ast-site-content-layout":"default","site-content-style":"default","site-sidebar-style":"default","ast-global-header-display":"","ast-banner-title-visibility":"","ast-main-header-display":"","ast-hfb-above-header-display":"","ast-hfb-below-header-display":"","ast-hfb-mobile-header-display":"","site-post-title":"","ast-breadcrumbs-content":"","ast-featured-img":"","footer-sml-layout":"","theme-transparent-header-meta":"","adv-header-id-meta":"","stick-header-meta":"","header-above-stick-meta":"","header-main-stick-meta":"","header-below-stick-meta":"","astra-migrate-meta-layouts":"default","ast-page-background-enabled":"default","ast-page-background-meta":{"desktop":{"background-color":"var(--ast-global-color-4)","background-image":"","background-repeat":"repeat","background-position":"center center","background-size":"auto","background-attachment":"scroll","background-type":"","background-media":"","overlay-type":"","overlay-color":"","overlay-opacity":"","overlay-gradient":""},"tablet":{"background-color":"","background-image":"","background-repeat":"repeat","background-position":"center center","background-size":"auto","background-attachment":"scroll","background-type":"","background-media":"","overlay-type":"","overlay-color":"","overlay-opacity":"","overlay-gradient":""},"mobile":{"background-color":"","background-image":"","background-repeat":"repeat","background-position":"center center","background-size":"auto","background-attachment":"scroll","background-type":"","background-media":"","overlay-type":"","overlay-color":"","overlay-opacity":"","overlay-gradient":""}},"ast-content-background-meta":{"desktop":{"background-color":"var(--ast-global-color-5)","background-image":"","background-repeat":"repeat","background-position":"center center","background-size":"auto","background-attachment":"scroll","background-type":"","background-media":"","overlay-type":"","overlay-color":"","overlay-opacity":"","overlay-gradient":""},"tablet":{"background-color":"var(--ast-global-color-5)","background-image":"","background-repeat":"repeat","background-position":"center center","background-size":"auto","background-attachment":"scroll","background-type":"","background-media":"","overlay-type":"","overlay-color":"","overlay-opacity":"","overlay-gradient":""},"mobile":{"background-color":"var(--ast-global-color-5)","background-image":"","background-repeat":"repeat","background-position":"center center","background-size":"auto","background-attachment":"scroll","background-type":"","background-media":"","overlay-type":"","overlay-color":"","overlay-opacity":"","overlay-gradient":""}},"footnotes":""},"categories":[8],"tags":[3341,3340],"class_list":["post-11744","post","type-post","status-publish","format-standard","has-post-thumbnail","hentry","category-noticias","tag-perfiles-talibanes","tag-redes-sociales-talibanes"],"_links":{"self":[{"href":"https:\/\/losperiodistas.com.mx\/portal\/wp-json\/wp\/v2\/posts\/11744","targetHints":{"allow":["GET"]}}],"collection":[{"href":"https:\/\/losperiodistas.com.mx\/portal\/wp-json\/wp\/v2\/posts"}],"about":[{"href":"https:\/\/losperiodistas.com.mx\/portal\/wp-json\/wp\/v2\/types\/post"}],"author":[{"embeddable":true,"href":"https:\/\/losperiodistas.com.mx\/portal\/wp-json\/wp\/v2\/users\/1"}],"replies":[{"embeddable":true,"href":"https:\/\/losperiodistas.com.mx\/portal\/wp-json\/wp\/v2\/comments?post=11744"}],"version-history":[{"count":1,"href":"https:\/\/losperiodistas.com.mx\/portal\/wp-json\/wp\/v2\/posts\/11744\/revisions"}],"predecessor-version":[{"id":11746,"href":"https:\/\/losperiodistas.com.mx\/portal\/wp-json\/wp\/v2\/posts\/11744\/revisions\/11746"}],"wp:featuredmedia":[{"embeddable":true,"href":"https:\/\/losperiodistas.com.mx\/portal\/wp-json\/wp\/v2\/media\/11745"}],"wp:attachment":[{"href":"https:\/\/losperiodistas.com.mx\/portal\/wp-json\/wp\/v2\/media?parent=11744"}],"wp:term":[{"taxonomy":"category","embeddable":true,"href":"https:\/\/losperiodistas.com.mx\/portal\/wp-json\/wp\/v2\/categories?post=11744"},{"taxonomy":"post_tag","embeddable":true,"href":"https:\/\/losperiodistas.com.mx\/portal\/wp-json\/wp\/v2\/tags?post=11744"}],"curies":[{"name":"wp","href":"https:\/\/api.w.org\/{rel}","templated":true}]}}