{"id":1174,"date":"2020-11-14T09:32:54","date_gmt":"2020-11-14T15:32:54","guid":{"rendered":"http:\/\/losperiodistas.com.mx\/portal\/?p=1174"},"modified":"2020-11-14T09:32:54","modified_gmt":"2020-11-14T15:32:54","slug":"sabina-berman-hasta-ocho-veces-denuncie-a-la-direccion-de-canal-once-el-acoso-laboral-de-john-ackerman","status":"publish","type":"post","link":"https:\/\/losperiodistas.com.mx\/portal\/sabina-berman-hasta-ocho-veces-denuncie-a-la-direccion-de-canal-once-el-acoso-laboral-de-john-ackerman\/","title":{"rendered":"Sabina Berman: \u201cHasta ocho veces denunci\u00e9 a la direcci\u00f3n de Canal Once el acoso laboral de John Ackerman\u201d"},"content":{"rendered":"\n<p><em>La conductora acus\u00f3 en directo a su compa\u00f1ero de tener una actitud machista al ignorarla y no cederle la palabra<\/em><\/p>\n\n\n\n<p class=\"has-vivid-cyan-blue-color has-text-color has-medium-font-size\">ALMUDENA BARRAG\u00c1N\/ VERNE\/ EL PA\u00cdS<\/p>\n\n\n\n<p>La escritora Sabina Berman acudi\u00f3 hasta en ocho ocasiones a la direcci\u00f3n de Canal Once para denunciar el acoso laboral horizontal que estaba viviendo por parte de su compa\u00f1ero, John Ackerman, con el que hasta esta semana compart\u00eda el programa &#8216;John y Sabina&#8217;.<\/p>\n\n\n\n<p>Las desavenencias entre ambos conductores ven\u00edan arrastr\u00e1ndose desde hace tiempo, sin embargo, este martes se produjo el choque final cuando la escritora acus\u00f3 al acad\u00e9mico de tener una actitud machista con ella al ignorarla y no cederle la palabra.<\/p>\n\n\n\n<figure class=\"wp-block-embed-twitter wp-block-embed is-type-rich is-provider-twitter\"><div class=\"wp-block-embed__wrapper\">\n<blockquote class=\"twitter-tweet\" data-width=\"500\" data-dnt=\"true\"><p lang=\"es\" dir=\"ltr\">Nivel de pataner\u00eda&#8230; <a href=\"https:\/\/twitter.com\/JohnMAckerman?ref_src=twsrc%5Etfw\">@JohnMAckerman<\/a> ignora deliberadamente en vivo a <a href=\"https:\/\/twitter.com\/sabinaberman?ref_src=twsrc%5Etfw\">@sabinaberman<\/a> en el programa <a href=\"https:\/\/twitter.com\/hashtag\/JohnYSabina?src=hash&amp;ref_src=twsrc%5Etfw\">#JohnYSabina<\/a> de <a href=\"https:\/\/twitter.com\/CanalOnceTV?ref_src=twsrc%5Etfw\">@CanalOnceTV<\/a>, luego de una discusi\u00f3n en redes sociales donde la escritora y coconductora lo acus\u00f3 de tratar de apropiarse del programa y marginarla. (Sin edici\u00f3n) <a href=\"https:\/\/t.co\/fRXbOb8vR8\">pic.twitter.com\/fRXbOb8vR8<\/a><\/p>&mdash; Amado Avenda\u00f1o (@Amadoelquelolea) <a href=\"https:\/\/twitter.com\/Amadoelquelolea\/status\/1326415454114635776?ref_src=twsrc%5Etfw\">November 11, 2020<\/a><\/blockquote><script async src=\"https:\/\/platform.twitter.com\/widgets.js\" charset=\"utf-8\"><\/script>\n<\/div><\/figure>\n\n\n\n<p>\u00ab[Al comienzo del programa] John me ignor\u00f3 y pas\u00f3 a entrevistar al secretario de Educaci\u00f3n y habl\u00f3 con \u00e9l seis minutos seguidos, que en la tele es mucho tiempo\u00bb, explicaba Berman en entrevista este jueves con Carmen Aristegui. \u00abEstaba esperando a que me cediera la palabra y no suced\u00eda entonces pens\u00e9:&nbsp;<em>\u00bfQu\u00e9 hago, me someto a esta ofensa, a este acoso laboral horizontal o lo paro?<\/em>\u00ab. Berman cuenta que antes ya hab\u00eda pedido ayuda a sus jefes en la televisora p\u00fablica pero que nunca obtuvo respuesta, \u00ables advert\u00ed lo que estaba pasando y que estaba inc\u00f3moda\u00bb, ha se\u00f1alado la exconductora.<\/p>\n\n\n\n<p>Durante el programa, la escritora tambi\u00e9n lleg\u00f3 a pedir ayuda al invitado de esa noche, Esteban Moctezuma, secretario de Educaci\u00f3n: \u00abSecretario, le quiero decir una cosa: tenemos un problema de paridad en este programa. John y yo somos co conductores de este programa, pero no tiene remedio, John ya ve usted que apenas me acaba de turnar la palabra. Acons\u00e9jeme usted, \u00bfqu\u00e9 hacemos con este problema de machismo?. Esto es flagrante. \u00bfQu\u00e9 hace una mujer como yo, respetuosa de los acuerdos y los contratos en una situaci\u00f3n as\u00ed? John, sencillamente, no me deja participar\u00bb, expres\u00f3 la dramaturga. Ackerman ante las palabras de su compa\u00f1era empez\u00f3 a re\u00edrse de manera nerviosa y espet\u00f3 que el micr\u00f3fono estaba abierto para que la conductora hablara cuando quisiera.<\/p>\n\n\n\n<p>\u00abLa soluci\u00f3n fue hacerlo p\u00fablico, ponerle nombre y evidenciarlo\u00bb, explicaba Berman en entrevista este jueves. \u00abEn esos seis largos minutos pens\u00e9 en mis sobrinas y en las mujeres j\u00f3venes que pasan acosos laborales en sus trabajos y decid\u00ed regalarles una imagen para recordar en esos momentos dif\u00edciles. Decid\u00ed parar el acoso laboral, por eso no me sorprende la reacci\u00f3n que hubo en redes de muchas mujeres y hombres\u00bb, concluy\u00f3.PUBLICIDAD<\/p>\n\n\n\n<p>Sabina Berman adem\u00e1s cont\u00f3 que el final del programa de este martes fue editado y grabado de nuevo ya que John Ackerman decidi\u00f3 esa misma noche renunciar en directo a su puesto como conductor de &#8216;John y Sabina&#8217;. \u00abJohn grab\u00f3 la parte final, despidi\u00f3 el programa y no se despidi\u00f3 de m\u00ed. Eso es lo que sucedi\u00f3\u00bb.&nbsp;<\/p>\n\n\n\n<p>Un d\u00eda despu\u00e9s, Canal Once, a trav\u00e9s de un comunicado, explicaba que el programa llegaba a su fin antes de tiempo \u00abde mutuo acuerdo\u00bb y que John Ackerman tendr\u00e1 un nuevo espacio de opini\u00f3n en la televisora en 2021. Tambi\u00e9n se\u00f1al\u00f3 que \u00abha iniciado conversaciones\u00bb con Sabina Berman para una coproducci\u00f3n.<\/p>\n\n\n\n<figure class=\"wp-block-embed-twitter wp-block-embed is-type-rich is-provider-twitter\"><div class=\"wp-block-embed__wrapper\">\n<blockquote class=\"twitter-tweet\" data-width=\"500\" data-dnt=\"true\"><p lang=\"ca\" dir=\"ltr\">El Once informa sobre el programa \u201cJohn &amp; Sabina\u201d. <a href=\"https:\/\/t.co\/4aeCAmXJLa\">pic.twitter.com\/4aeCAmXJLa<\/a><\/p>&mdash; El Once (@CanalOnceTV) <a href=\"https:\/\/twitter.com\/CanalOnceTV\/status\/1327013273712156677?ref_src=twsrc%5Etfw\">November 12, 2020<\/a><\/blockquote><script async src=\"https:\/\/platform.twitter.com\/widgets.js\" charset=\"utf-8\"><\/script>\n<\/div><\/figure>\n\n\n\n<p>\u00abMe parece una soluci\u00f3n salom\u00f3nica. No era posible seguir teniendo el programa juntos, no hab\u00eda voluntad [de John Ackerman] de tener ese formato igualitario juntos y de mi parte, hab\u00eda la decisi\u00f3n de no someterme a ese acoso laboral. Yo fui contratada por Canal Once para tener un programa como coconductora donde debat\u00eda haciendo gala de mi libertad de expresi\u00f3n\u00bb, ha dicho la presentadora.<\/p>\n\n\n\n<p>Sigue a Verne M\u00e9xico en\u00a0<a rel=\"noreferrer noopener\" href=\"https:\/\/www.facebook.com\/vernemexico\" target=\"_blank\">Facebook<\/a>,\u00a0<a rel=\"noreferrer noopener\" href=\"https:\/\/twitter.com\/vernemexico\" target=\"_blank\">Twitter<\/a>\u00a0e\u00a0<a rel=\"noreferrer noopener\" href=\"https:\/\/www.instagram.com\/verne.elpais\/\" target=\"_blank\">Instagram<\/a>\u00a0y no te pierdas tu raci\u00f3n diaria de maravillas de Internet.<\/p>\n\n\n\n<p>Fuente: https:\/\/verne.elpais.com\/verne\/2020\/11\/13\/mexico\/1605302757_675484.html<\/p>\n","protected":false},"excerpt":{"rendered":"<p>La conductora acus\u00f3 en directo a su compa\u00f1ero de tener una actitud machista al ignorarla y no cederle la palabra [&hellip;]<\/p>\n","protected":false},"author":1,"featured_media":1175,"comment_status":"open","ping_status":"open","sticky":false,"template":"","format":"standard","meta":{"site-sidebar-layout":"default","site-content-layout":"","ast-site-content-layout":"default","site-content-style":"default","site-sidebar-style":"default","ast-global-header-display":"","ast-banner-title-visibility":"","ast-main-header-display":"","ast-hfb-above-header-display":"","ast-hfb-below-header-display":"","ast-hfb-mobile-header-display":"","site-post-title":"","ast-breadcrumbs-content":"","ast-featured-img":"","footer-sml-layout":"","theme-transparent-header-meta":"","adv-header-id-meta":"","stick-header-meta":"","header-above-stick-meta":"","header-main-stick-meta":"","header-below-stick-meta":"","astra-migrate-meta-layouts":"default","ast-page-background-enabled":"default","ast-page-background-meta":{"desktop":{"background-color":"var(--ast-global-color-4)","background-image":"","background-repeat":"repeat","background-position":"center center","background-size":"auto","background-attachment":"scroll","background-type":"","background-media":"","overlay-type":"","overlay-color":"","overlay-opacity":"","overlay-gradient":""},"tablet":{"background-color":"","background-image":"","background-repeat":"repeat","background-position":"center center","background-size":"auto","background-attachment":"scroll","background-type":"","background-media":"","overlay-type":"","overlay-color":"","overlay-opacity":"","overlay-gradient":""},"mobile":{"background-color":"","background-image":"","background-repeat":"repeat","background-position":"center center","background-size":"auto","background-attachment":"scroll","background-type":"","background-media":"","overlay-type":"","overlay-color":"","overlay-opacity":"","overlay-gradient":""}},"ast-content-background-meta":{"desktop":{"background-color":"var(--ast-global-color-5)","background-image":"","background-repeat":"repeat","background-position":"center center","background-size":"auto","background-attachment":"scroll","background-type":"","background-media":"","overlay-type":"","overlay-color":"","overlay-opacity":"","overlay-gradient":""},"tablet":{"background-color":"var(--ast-global-color-5)","background-image":"","background-repeat":"repeat","background-position":"center center","background-size":"auto","background-attachment":"scroll","background-type":"","background-media":"","overlay-type":"","overlay-color":"","overlay-opacity":"","overlay-gradient":""},"mobile":{"background-color":"var(--ast-global-color-5)","background-image":"","background-repeat":"repeat","background-position":"center center","background-size":"auto","background-attachment":"scroll","background-type":"","background-media":"","overlay-type":"","overlay-color":"","overlay-opacity":"","overlay-gradient":""}},"footnotes":""},"categories":[8],"tags":[],"class_list":["post-1174","post","type-post","status-publish","format-standard","has-post-thumbnail","hentry","category-noticias"],"_links":{"self":[{"href":"https:\/\/losperiodistas.com.mx\/portal\/wp-json\/wp\/v2\/posts\/1174","targetHints":{"allow":["GET"]}}],"collection":[{"href":"https:\/\/losperiodistas.com.mx\/portal\/wp-json\/wp\/v2\/posts"}],"about":[{"href":"https:\/\/losperiodistas.com.mx\/portal\/wp-json\/wp\/v2\/types\/post"}],"author":[{"embeddable":true,"href":"https:\/\/losperiodistas.com.mx\/portal\/wp-json\/wp\/v2\/users\/1"}],"replies":[{"embeddable":true,"href":"https:\/\/losperiodistas.com.mx\/portal\/wp-json\/wp\/v2\/comments?post=1174"}],"version-history":[{"count":1,"href":"https:\/\/losperiodistas.com.mx\/portal\/wp-json\/wp\/v2\/posts\/1174\/revisions"}],"predecessor-version":[{"id":1176,"href":"https:\/\/losperiodistas.com.mx\/portal\/wp-json\/wp\/v2\/posts\/1174\/revisions\/1176"}],"wp:featuredmedia":[{"embeddable":true,"href":"https:\/\/losperiodistas.com.mx\/portal\/wp-json\/wp\/v2\/media\/1175"}],"wp:attachment":[{"href":"https:\/\/losperiodistas.com.mx\/portal\/wp-json\/wp\/v2\/media?parent=1174"}],"wp:term":[{"taxonomy":"category","embeddable":true,"href":"https:\/\/losperiodistas.com.mx\/portal\/wp-json\/wp\/v2\/categories?post=1174"},{"taxonomy":"post_tag","embeddable":true,"href":"https:\/\/losperiodistas.com.mx\/portal\/wp-json\/wp\/v2\/tags?post=1174"}],"curies":[{"name":"wp","href":"https:\/\/api.w.org\/{rel}","templated":true}]}}