{"id":117373,"date":"2026-02-25T09:07:04","date_gmt":"2026-02-25T15:07:04","guid":{"rendered":"https:\/\/losperiodistas.com.mx\/portal\/?p=117373"},"modified":"2026-02-25T09:07:05","modified_gmt":"2026-02-25T15:07:05","slug":"opinion-comentarios-sobre-el-golpe-al-cjng","status":"publish","type":"post","link":"https:\/\/losperiodistas.com.mx\/portal\/opinion-comentarios-sobre-el-golpe-al-cjng\/","title":{"rendered":"Opini\u00f3n | Comentarios sobre el golpe al CJNG"},"content":{"rendered":"\n<figure class=\"wp-block-image aligncenter size-full is-resized\"><img fetchpriority=\"high\" decoding=\"async\" width=\"500\" height=\"500\" src=\"https:\/\/losperiodistas.com.mx\/portal\/wp-content\/uploads\/2024\/04\/Fidencio-Aguilar.jpeg\" alt=\"\" class=\"wp-image-71831\" style=\"width:286px;height:auto\" srcset=\"https:\/\/losperiodistas.com.mx\/portal\/wp-content\/uploads\/2024\/04\/Fidencio-Aguilar.jpeg 500w, https:\/\/losperiodistas.com.mx\/portal\/wp-content\/uploads\/2024\/04\/Fidencio-Aguilar-300x300.jpeg 300w, https:\/\/losperiodistas.com.mx\/portal\/wp-content\/uploads\/2024\/04\/Fidencio-Aguilar-150x150.jpeg 150w\" sizes=\"(max-width: 500px) 100vw, 500px\" \/><\/figure>\n\n\n\n<p class=\"has-text-align-left has-vivid-red-color has-text-color has-link-color has-medium-font-size wp-elements-d9b7b98c462b0a362ce5d0c826da0046\"><strong><em>Por el Dr. Fidencio Aguilar V\u00edquez<\/em><\/strong><\/p>\n\n\n\n<p>El golpe del<strong>&nbsp;gobierno de<\/strong>&nbsp;<strong>Claudia Sheinbaum<\/strong>&nbsp;infligido al&nbsp;<strong>C\u00e1rtel Jalisco Nueva Generaci\u00f3n<\/strong>&nbsp;(CJNG), que culmin\u00f3 con la captura y muerte de Nemesio Oseguera,&nbsp;<em>El Mencho<\/em>, deja varias heridas sociales abiertas e inc\u00f3gnitas pol\u00edticas latentes. Si bien se reconoce el m\u00e9rito t\u00e1ctico y log\u00edstico de las&nbsp;<strong>fuerzas de seguridad<\/strong>&nbsp;en esa operaci\u00f3n castrense, no deja de llamar la atenci\u00f3n una serie de c<strong>ontradicciones&nbsp;<\/strong>que terminan lastimando a partes sensibles tanto del gobierno como de la sociedad misma.<\/p>\n\n\n\n<p>Lo primero que lastima es la situaci\u00f3n de&nbsp;<strong>inseguridad general<\/strong>&nbsp;que vive el pa\u00eds, o al menos enclaves importantes. La situaci\u00f3n social y pol\u00edtica del pa\u00eds muestra, en los \u00faltimos a\u00f1os, un&nbsp;<strong>incremento de los delitos<\/strong>&nbsp;tanto del fuero com\u00fan como del crimen organizado, particularmente las desapariciones y los homicidios dolosos. La semana pasada&nbsp;<strong>Puebla vivi\u00f3 un clima de angustia<\/strong>&nbsp;por los asesinatos de varias personas, entre ellos,&nbsp;<strong>Alexandro Tello<\/strong>&nbsp;y&nbsp;<strong>Karina Ruiz<\/strong>, quienes dejaron hu\u00e9rfanos a tres hijos j\u00f3venes.<\/p>\n\n\n\n<p>Los m\u00e1s de&nbsp;<strong>250 eventos<\/strong>&nbsp;que acaecieron despu\u00e9s de conocerse la muerte de&nbsp;<em>El Mencho<\/em>&nbsp;en plan de boicot y de afectaci\u00f3n a terceros por parte de c\u00e9lulas criminales en diversos estados del pa\u00eds tambi\u00e9n terminaron&nbsp;<strong>lastimando la din\u00e1mica social<\/strong>; adem\u00e1s de los muertos que produjo la incursi\u00f3n castrense (27 agentes de seguridad y al menos 30 delincuentes) hay que considerar al menos a 16 personas m\u00e1s que murieron debido a las&nbsp;<strong>acciones de reacci\u00f3n del CJNG<\/strong>, entre ellas una embarazada.<\/p>\n\n\n\n<p>La herida social est\u00e1 abierta desde hace tiempo; la historia reciente habla de&nbsp;<strong>Teuchitl\u00e1n<\/strong>, que mostr\u00f3 el&nbsp;<strong>rostro inhumano del CJNG<\/strong>. Las investigaciones al respecto no continuaron ni culminaron con resultados. Lo \u00fanico que parec\u00eda interesarle al&nbsp;<strong>gobierno federal<\/strong>&nbsp;era sostener que no era un campo de exterminio, sino de entrenamiento, como si eso quitara dolor y sufrimiento a las familias que han perdido a sus seres queridos. El ataque del gobierno a este c\u00e1rtel, si no contradice, s\u00ed corrige su&nbsp;<strong>postura anterior<\/strong>: los&nbsp;<strong><em>\u201cabrazos, no balazos\u201d<\/em><\/strong>&nbsp;pasaron el domingo a s\u00f3lo balazos.<\/p>\n\n\n\n<p>Si bien lo anterior se explica por la&nbsp;<strong>presi\u00f3n de los Estados Unidos<\/strong>&nbsp;al gobierno mexicano, no deja de ser una decisi\u00f3n de la presidenta Sheinbaum, lo que la hace similar a su archienemigo&nbsp;<strong>Felipe Calder\u00f3n<\/strong>&nbsp;que quiso enfrentar directamente a los c\u00e1rteles, al menos en la decisi\u00f3n del domingo 22. Que lo deb\u00eda hacer porque es obligaci\u00f3n del Estado proteger a sus habitantes y ciudadanos es algo incuestionable; pero el contexto de la pol\u00edtica tanto exterior como interior explican mejor las motivaciones.<\/p>\n\n\n\n<p>Vuelvo otra vez a las heridas. A la&nbsp;<strong>herida social<\/strong>&nbsp;puede a\u00f1adirse la herida de las mismas fuerzas castrenses. La mayor\u00eda de los uniformados que murieron en el enfrentamiento eran j\u00f3venes \u2014entre ellos un poblano,&nbsp;<strong>Juan V\u00e1zquez<\/strong>\u2014. Es loable morir cumpliendo el deber, sobre todo si \u00e9ste implica proteger a la sociedad de los criminales, pero, \u00bfese sacrificio ha valido la pena cuando el propio gobierno no es capaz de romper la alianza entre esos criminales y algunos actores de la clase pol\u00edtica? En otras palabras, \u00bfde qu\u00e9 sirve la ofrenda de esas vidas si, finalmente, el&nbsp;<strong>crimen organizado<\/strong>&nbsp;pervive en altas esferas del poder p\u00fablico?&nbsp;<strong>Otros capos<\/strong>&nbsp;y&nbsp;<strong>nuevas v\u00edctimas<\/strong>&nbsp;es el peor escenario del pa\u00eds.<\/p>\n\n\n\n<p>Si el&nbsp;<strong>gobierno de Claudia Sheinbaum<\/strong>&nbsp;se queda s\u00f3lo en satisfacer los apetitos del gigante del norte y no procede a desmantelar esa&nbsp;<strong>alianza nefasta<\/strong>&nbsp;del crimen organizado con actores relevantes del&nbsp;<strong>poder p\u00fablico<\/strong>, algunos de su propio movimiento, estaremos entrando en el reciclado de cada sexenio y en ese escenario nefasto antedicho. Si cumple su tarea constitucional, pol\u00edtica y moral de enfrentar al crimen organizado, la presidenta puede ayudar a&nbsp;<strong>sanar la herida de los j\u00f3venes<\/strong>&nbsp;forzados por aqu\u00e9l a servirlo.<\/p>\n\n\n\n<p>Desafortunadamente no parece ser as\u00ed. Como varios analistas lo han comentado, es necesario, ahora,&nbsp;<strong>desmantelar los recursos<\/strong>&nbsp;de las organizaciones criminales, especialmente los del CJNG, detectar sus nexos con los&nbsp;<strong>cerebros financieros<\/strong>&nbsp;que las sostienen. Esto \u00faltimo implicar\u00eda romper el flujo de esos recursos a las campa\u00f1as pol\u00edticas y electorales; el&nbsp;<strong><em>huachicol fiscal<\/em><\/strong>&nbsp;ha sido un c\u00e1ncer que, por lo visto, no est\u00e1 dispuesta a enfrentar; su propuesta de reforma electoral tampoco lo contempla.<\/p>\n\n\n\n<p>Ojal\u00e1 la necesidad que tenemos como&nbsp;<strong>sociedad de paz<\/strong>,&nbsp;<strong>de justicia<\/strong>, de verdad y de bien com\u00fan vaya despertando en todos una ciudadan\u00eda atenta, sensible, solidaria con los m\u00e1s vulnerables (j\u00f3venes, mujeres, pobres, ni\u00f1as y ni\u00f1os); a partir de ah\u00ed, es tarea la formaci\u00f3n de una&nbsp;<strong>conciencia cr\u00edtica y moral del poder.<\/strong>&nbsp;A \u00e9ste siempre hay que cuestionarle todo, porque a partir de la cr\u00edtica, brota la transparencia y con&nbsp;<strong>transparencia<\/strong>&nbsp;se oxigena la&nbsp;<strong>democracia<\/strong>, en&nbsp;<em>rictus mortis<\/em>&nbsp;hoy en d\u00eda.<\/p>\n\n\n\n<p><strong><em>Post-facio<\/em><\/strong><\/p>\n\n\n\n<p><strong>Una observaci\u00f3n<\/strong>: En Puebla, el domingo 22, hubo algunos incendios, bloqueos de la autopista M\u00e9xico-Puebla y del Arco Norte y suspensi\u00f3n de corridas de autobuses, incluso cierre de terminales, seg\u00fan algunos reportes. El&nbsp;<strong>gobernador Armenta<\/strong>&nbsp;se\u00f1al\u00f3 que no fue&nbsp;<strong>reacci\u00f3n del CJNG<\/strong>&nbsp;en la entidad, sino de grupos locales. Si confirm\u00f3 eso, \u00bfconoce a esos grupos? \u00bfPor qu\u00e9 no impidi\u00f3 que llevaran a cabo sus desmanes? \u00bfPor qu\u00e9 permiti\u00f3 esa par\u00e1lisis? Y lo m\u00e1s importante, \u00bfqu\u00e9 espera para desmantelarlos? Esos&nbsp;<strong>grupos andan en las calles<\/strong>, ya vimos a varias de sus v\u00edctimas. Los resultados son incompletos en algunos casos y en otros nulos.&nbsp;<strong>Eso no es pensar en grande<\/strong>.<\/p>\n\n\n\n<hr class=\"wp-block-separator has-alpha-channel-opacity\"\/>\n\n\n\n<p><strong>+ OPINI\u00d3N : Las opiniones expresadas son responsabilidad del autor<\/strong><\/p>\n","protected":false},"excerpt":{"rendered":"<p>Por el Dr. Fidencio Aguilar V\u00edquez El golpe del&nbsp;gobierno de&nbsp;Claudia Sheinbaum&nbsp;infligido al&nbsp;C\u00e1rtel Jalisco Nueva Generaci\u00f3n&nbsp;(CJNG), que culmin\u00f3 con la captura [&hellip;]<\/p>\n","protected":false},"author":1,"featured_media":71831,"comment_status":"open","ping_status":"open","sticky":false,"template":"","format":"standard","meta":{"site-sidebar-layout":"default","site-content-layout":"","ast-site-content-layout":"default","site-content-style":"default","site-sidebar-style":"default","ast-global-header-display":"","ast-banner-title-visibility":"","ast-main-header-display":"","ast-hfb-above-header-display":"","ast-hfb-below-header-display":"","ast-hfb-mobile-header-display":"","site-post-title":"","ast-breadcrumbs-content":"","ast-featured-img":"","footer-sml-layout":"","theme-transparent-header-meta":"","adv-header-id-meta":"","stick-header-meta":"","header-above-stick-meta":"","header-main-stick-meta":"","header-below-stick-meta":"","astra-migrate-meta-layouts":"default","ast-page-background-enabled":"default","ast-page-background-meta":{"desktop":{"background-color":"var(--ast-global-color-4)","background-image":"","background-repeat":"repeat","background-position":"center center","background-size":"auto","background-attachment":"scroll","background-type":"","background-media":"","overlay-type":"","overlay-color":"","overlay-opacity":"","overlay-gradient":""},"tablet":{"background-color":"","background-image":"","background-repeat":"repeat","background-position":"center center","background-size":"auto","background-attachment":"scroll","background-type":"","background-media":"","overlay-type":"","overlay-color":"","overlay-opacity":"","overlay-gradient":""},"mobile":{"background-color":"","background-image":"","background-repeat":"repeat","background-position":"center center","background-size":"auto","background-attachment":"scroll","background-type":"","background-media":"","overlay-type":"","overlay-color":"","overlay-opacity":"","overlay-gradient":""}},"ast-content-background-meta":{"desktop":{"background-color":"var(--ast-global-color-5)","background-image":"","background-repeat":"repeat","background-position":"center center","background-size":"auto","background-attachment":"scroll","background-type":"","background-media":"","overlay-type":"","overlay-color":"","overlay-opacity":"","overlay-gradient":""},"tablet":{"background-color":"var(--ast-global-color-5)","background-image":"","background-repeat":"repeat","background-position":"center center","background-size":"auto","background-attachment":"scroll","background-type":"","background-media":"","overlay-type":"","overlay-color":"","overlay-opacity":"","overlay-gradient":""},"mobile":{"background-color":"var(--ast-global-color-5)","background-image":"","background-repeat":"repeat","background-position":"center center","background-size":"auto","background-attachment":"scroll","background-type":"","background-media":"","overlay-type":"","overlay-color":"","overlay-opacity":"","overlay-gradient":""}},"footnotes":""},"categories":[8,22],"tags":[46614,372,892],"class_list":["post-117373","post","type-post","status-publish","format-standard","has-post-thumbnail","hentry","category-noticias","category-opinion-invitada","tag-alexandro-tello-y-karina-ruiz","tag-cjng","tag-el-mencho"],"_links":{"self":[{"href":"https:\/\/losperiodistas.com.mx\/portal\/wp-json\/wp\/v2\/posts\/117373","targetHints":{"allow":["GET"]}}],"collection":[{"href":"https:\/\/losperiodistas.com.mx\/portal\/wp-json\/wp\/v2\/posts"}],"about":[{"href":"https:\/\/losperiodistas.com.mx\/portal\/wp-json\/wp\/v2\/types\/post"}],"author":[{"embeddable":true,"href":"https:\/\/losperiodistas.com.mx\/portal\/wp-json\/wp\/v2\/users\/1"}],"replies":[{"embeddable":true,"href":"https:\/\/losperiodistas.com.mx\/portal\/wp-json\/wp\/v2\/comments?post=117373"}],"version-history":[{"count":1,"href":"https:\/\/losperiodistas.com.mx\/portal\/wp-json\/wp\/v2\/posts\/117373\/revisions"}],"predecessor-version":[{"id":117374,"href":"https:\/\/losperiodistas.com.mx\/portal\/wp-json\/wp\/v2\/posts\/117373\/revisions\/117374"}],"wp:featuredmedia":[{"embeddable":true,"href":"https:\/\/losperiodistas.com.mx\/portal\/wp-json\/wp\/v2\/media\/71831"}],"wp:attachment":[{"href":"https:\/\/losperiodistas.com.mx\/portal\/wp-json\/wp\/v2\/media?parent=117373"}],"wp:term":[{"taxonomy":"category","embeddable":true,"href":"https:\/\/losperiodistas.com.mx\/portal\/wp-json\/wp\/v2\/categories?post=117373"},{"taxonomy":"post_tag","embeddable":true,"href":"https:\/\/losperiodistas.com.mx\/portal\/wp-json\/wp\/v2\/tags?post=117373"}],"curies":[{"name":"wp","href":"https:\/\/api.w.org\/{rel}","templated":true}]}}