{"id":11734,"date":"2021-08-18T04:56:20","date_gmt":"2021-08-18T09:56:20","guid":{"rendered":"http:\/\/losperiodistas.com.mx\/portal\/?p=11734"},"modified":"2021-08-18T04:56:22","modified_gmt":"2021-08-18T09:56:22","slug":"las-promesas-de-los-taliban-amnistia-y-respeto-a-las-mujeres-pero-en-los-marcos-del-islam-ld","status":"publish","type":"post","link":"https:\/\/losperiodistas.com.mx\/portal\/las-promesas-de-los-taliban-amnistia-y-respeto-a-las-mujeres-pero-en-los-marcos-del-islam-ld\/","title":{"rendered":"Las promesas de los talib\u00e1n: \u00abamnist\u00eda\u00bb y respeto a las mujeres, pero en \u00ablos marcos del islam\u00bb | LD"},"content":{"rendered":"\n<p style=\"font-size:18px\"><em>La primera rueda de prensa de los talib\u00e1n despu\u00e9s de llegar al poder deja un rosario de promesas que parece muy dif\u00edcil que cumplan.<\/em><\/p>\n\n\n\n<p><\/p>\n\n\n\n<figure class=\"wp-block-image size-large\"><img fetchpriority=\"high\" decoding=\"async\" width=\"1024\" height=\"672\" src=\"https:\/\/losperiodistas.com.mx\/portal\/wp-content\/uploads\/2021\/08\/Captura-de-Pantalla-2021-08-18-a-las-4.53.56-1024x672.jpg\" alt=\"\" class=\"wp-image-11735\" srcset=\"https:\/\/losperiodistas.com.mx\/portal\/wp-content\/uploads\/2021\/08\/Captura-de-Pantalla-2021-08-18-a-las-4.53.56-1024x672.jpg 1024w, https:\/\/losperiodistas.com.mx\/portal\/wp-content\/uploads\/2021\/08\/Captura-de-Pantalla-2021-08-18-a-las-4.53.56-300x197.jpg 300w, https:\/\/losperiodistas.com.mx\/portal\/wp-content\/uploads\/2021\/08\/Captura-de-Pantalla-2021-08-18-a-las-4.53.56-768x504.jpg 768w, https:\/\/losperiodistas.com.mx\/portal\/wp-content\/uploads\/2021\/08\/Captura-de-Pantalla-2021-08-18-a-las-4.53.56.jpg 1476w\" sizes=\"(max-width: 1024px) 100vw, 1024px\" \/><\/figure>\n\n\n\n<p><\/p>\n\n\n\n<p class=\"has-vivid-cyan-blue-color has-text-color has-medium-font-size\">AGENCIAS \/ LIBERTAD DIGITAL<\/p>\n\n\n\n<p>El portavoz de los talibanes,&nbsp;<strong>Zabihul\u00e1 Muyahid<\/strong>&nbsp;ha ofrecido la primera rueda de prensa desde la&nbsp;<a href=\"https:\/\/www.libertaddigital.com\/internacional\/mundo\/2021-08-15\/el-presidente-de-afganistan-abandona-el-pais-6809919\/\"><strong>toma de Kabul<\/strong><\/a>&nbsp;el pasado fin de semana en la que ha insistido en que los talib\u00e1n no buscar\u00e1n venganza, sino que otorgar\u00e1n una&nbsp;<strong>\u00abamnist\u00eda\u00bb a aquellos ciudadanos afganos<\/strong>&nbsp;que sirvieron en las fuerzas de seguridad, o bien trabajaron para el Gobierno del presidente, Ashraf Ghani, o las delegaciones extranjeras, tal y como ha venido asegurando el grupo desde que tomaron Kabul tras una mete\u00f3rica reconquista.<\/p>\n\n\n\n<p>En unas palabras muy dif\u00edciles de creea a la luz de la&nbsp;<strong>criminal historia de los talib\u00e1n<\/strong>, Muyahid ha asegurado que han \u00ab<strong>perdonado a todos&nbsp;<\/strong>en beneficio de la estabilidad y la paz en Afganist\u00e1n\u00bb y ha prometido que \u00abnos aseguraremos de incluir a todos los dem\u00e1s bandos y facciones\u00bb.<\/p>\n\n\n\n<h3 class=\"wp-block-heading\">Las mujeres, en \u00ablos marcos del islam\u00bb<\/h3>\n\n\n\n<p>Conscientes de que esta primera rueda de prensa iba a tener un seguimiento enorme en medios internacionales, los talib\u00e1n han querido marcar distancias con el gobierno tir\u00e1nico y criminal que sostuvieron hasta la intervenci\u00f3n internacional de 2001 y han dicho que, pese a que \u00ab<strong>nuestro pa\u00eds es una naci\u00f3n musulmana\u00bb<\/strong>, tienen otra \u00abexperiencia, madurez y visi\u00f3n\u00bb que hace que haya \u00abuna<strong>\u00a0gran diferencia<\/strong>\u00a0entre el nosotros ahora y el de hace veinte a\u00f1os\u00bb y con ella \u00abuna diferencia en las acciones que vamos a tomar\u00bb.<\/p>\n\n\n\n<p>En este sentido y en relaci\u00f3n a la situaci\u00f3n de mujeres y ni\u00f1as -una de las grandes preocupaciones internacionales en este momento- el portavoz de los talib\u00e1n ha asegurado que\u00a0<strong>sus derechos ser\u00e1n respetados y ser\u00e1n \u00abuna parte muy activa\u00bb<\/strong>\u00a0de la sociedad afgana y podr\u00e1n estudiar y trabajar, pero siempre dentro de<strong>\u00a0\u00ablos marcos del islam\u00bb<\/strong>.<\/p>\n\n\n\n<p>Fuente: https:\/\/www.libertaddigital.com\/internacional\/mundo\/2021-08-17\/promesas-taliban-amnistia-respeto-mujeres-pero-en-los-marcos-del-islam-6810468\/<\/p>\n","protected":false},"excerpt":{"rendered":"<p>La primera rueda de prensa de los talib\u00e1n despu\u00e9s de llegar al poder deja un rosario de promesas que parece [&hellip;]<\/p>\n","protected":false},"author":1,"featured_media":11735,"comment_status":"open","ping_status":"open","sticky":false,"template":"","format":"standard","meta":{"site-sidebar-layout":"default","site-content-layout":"","ast-site-content-layout":"default","site-content-style":"default","site-sidebar-style":"default","ast-global-header-display":"","ast-banner-title-visibility":"","ast-main-header-display":"","ast-hfb-above-header-display":"","ast-hfb-below-header-display":"","ast-hfb-mobile-header-display":"","site-post-title":"","ast-breadcrumbs-content":"","ast-featured-img":"","footer-sml-layout":"","theme-transparent-header-meta":"","adv-header-id-meta":"","stick-header-meta":"","header-above-stick-meta":"","header-main-stick-meta":"","header-below-stick-meta":"","astra-migrate-meta-layouts":"default","ast-page-background-enabled":"default","ast-page-background-meta":{"desktop":{"background-color":"var(--ast-global-color-4)","background-image":"","background-repeat":"repeat","background-position":"center center","background-size":"auto","background-attachment":"scroll","background-type":"","background-media":"","overlay-type":"","overlay-color":"","overlay-opacity":"","overlay-gradient":""},"tablet":{"background-color":"","background-image":"","background-repeat":"repeat","background-position":"center center","background-size":"auto","background-attachment":"scroll","background-type":"","background-media":"","overlay-type":"","overlay-color":"","overlay-opacity":"","overlay-gradient":""},"mobile":{"background-color":"","background-image":"","background-repeat":"repeat","background-position":"center center","background-size":"auto","background-attachment":"scroll","background-type":"","background-media":"","overlay-type":"","overlay-color":"","overlay-opacity":"","overlay-gradient":""}},"ast-content-background-meta":{"desktop":{"background-color":"var(--ast-global-color-5)","background-image":"","background-repeat":"repeat","background-position":"center center","background-size":"auto","background-attachment":"scroll","background-type":"","background-media":"","overlay-type":"","overlay-color":"","overlay-opacity":"","overlay-gradient":""},"tablet":{"background-color":"var(--ast-global-color-5)","background-image":"","background-repeat":"repeat","background-position":"center center","background-size":"auto","background-attachment":"scroll","background-type":"","background-media":"","overlay-type":"","overlay-color":"","overlay-opacity":"","overlay-gradient":""},"mobile":{"background-color":"var(--ast-global-color-5)","background-image":"","background-repeat":"repeat","background-position":"center center","background-size":"auto","background-attachment":"scroll","background-type":"","background-media":"","overlay-type":"","overlay-color":"","overlay-opacity":"","overlay-gradient":""}},"footnotes":""},"categories":[8],"tags":[3228,3330,3329,3225],"class_list":["post-11734","post","type-post","status-publish","format-standard","has-post-thumbnail","hentry","category-noticias","tag-afganistan","tag-amnistia-afganistan","tag-islam-mujeres","tag-talibanes"],"_links":{"self":[{"href":"https:\/\/losperiodistas.com.mx\/portal\/wp-json\/wp\/v2\/posts\/11734","targetHints":{"allow":["GET"]}}],"collection":[{"href":"https:\/\/losperiodistas.com.mx\/portal\/wp-json\/wp\/v2\/posts"}],"about":[{"href":"https:\/\/losperiodistas.com.mx\/portal\/wp-json\/wp\/v2\/types\/post"}],"author":[{"embeddable":true,"href":"https:\/\/losperiodistas.com.mx\/portal\/wp-json\/wp\/v2\/users\/1"}],"replies":[{"embeddable":true,"href":"https:\/\/losperiodistas.com.mx\/portal\/wp-json\/wp\/v2\/comments?post=11734"}],"version-history":[{"count":1,"href":"https:\/\/losperiodistas.com.mx\/portal\/wp-json\/wp\/v2\/posts\/11734\/revisions"}],"predecessor-version":[{"id":11736,"href":"https:\/\/losperiodistas.com.mx\/portal\/wp-json\/wp\/v2\/posts\/11734\/revisions\/11736"}],"wp:featuredmedia":[{"embeddable":true,"href":"https:\/\/losperiodistas.com.mx\/portal\/wp-json\/wp\/v2\/media\/11735"}],"wp:attachment":[{"href":"https:\/\/losperiodistas.com.mx\/portal\/wp-json\/wp\/v2\/media?parent=11734"}],"wp:term":[{"taxonomy":"category","embeddable":true,"href":"https:\/\/losperiodistas.com.mx\/portal\/wp-json\/wp\/v2\/categories?post=11734"},{"taxonomy":"post_tag","embeddable":true,"href":"https:\/\/losperiodistas.com.mx\/portal\/wp-json\/wp\/v2\/tags?post=11734"}],"curies":[{"name":"wp","href":"https:\/\/api.w.org\/{rel}","templated":true}]}}