{"id":11725,"date":"2021-08-17T19:03:27","date_gmt":"2021-08-18T00:03:27","guid":{"rendered":"http:\/\/losperiodistas.com.mx\/portal\/?p=11725"},"modified":"2021-08-17T19:03:29","modified_gmt":"2021-08-18T00:03:29","slug":"la-cineasta-afgana-sahraa-karimi-graba-su-huida-tras-la-entrada-de-los-talibanes-en-kabul-rt","status":"publish","type":"post","link":"https:\/\/losperiodistas.com.mx\/portal\/la-cineasta-afgana-sahraa-karimi-graba-su-huida-tras-la-entrada-de-los-talibanes-en-kabul-rt\/","title":{"rendered":"La cineasta afgana Sahraa Karimi graba su huida tras la entrada de los talibanes en Kabul | RT"},"content":{"rendered":"\n<p style=\"font-size:18px\"><em>Hace unos d\u00edas, la respetada directora de cine lanz\u00f3 una llamada de socorro dirigida a la comunidad internacional cinematogr\u00e1fica.<\/em><\/p>\n\n\n\n<p><\/p>\n\n\n\n<figure class=\"wp-block-image size-large\"><img fetchpriority=\"high\" decoding=\"async\" width=\"1024\" height=\"578\" src=\"https:\/\/losperiodistas.com.mx\/portal\/wp-content\/uploads\/2021\/08\/Captura-de-Pantalla-2021-08-17-a-las-18.59.44-1024x578.jpg\" alt=\"\" class=\"wp-image-11726\" srcset=\"https:\/\/losperiodistas.com.mx\/portal\/wp-content\/uploads\/2021\/08\/Captura-de-Pantalla-2021-08-17-a-las-18.59.44-1024x578.jpg 1024w, https:\/\/losperiodistas.com.mx\/portal\/wp-content\/uploads\/2021\/08\/Captura-de-Pantalla-2021-08-17-a-las-18.59.44-300x169.jpg 300w, https:\/\/losperiodistas.com.mx\/portal\/wp-content\/uploads\/2021\/08\/Captura-de-Pantalla-2021-08-17-a-las-18.59.44-768x433.jpg 768w, https:\/\/losperiodistas.com.mx\/portal\/wp-content\/uploads\/2021\/08\/Captura-de-Pantalla-2021-08-17-a-las-18.59.44-1536x867.jpg 1536w, https:\/\/losperiodistas.com.mx\/portal\/wp-content\/uploads\/2021\/08\/Captura-de-Pantalla-2021-08-17-a-las-18.59.44-2048x1156.jpg 2048w\" sizes=\"(max-width: 1024px) 100vw, 1024px\" \/><figcaption>Twitter \/ Sahraa Karimi\/ \u0635\u062d\u0631\u0627 \u0643\u0631\u064a\u0645\u064a @sahraakarimi<\/figcaption><\/figure>\n\n\n\n<p class=\"has-vivid-cyan-blue-color has-text-color has-medium-font-size\">RT<\/p>\n\n\n\n<p>La renombrada directora de cine afgana Sahraa Karimi ha grabado un video en el que aparece corriendo aterrorizada y desesperada por una calle luego de que los talibanes entraran en Kabul.<\/p>\n\n\n\n<p>\u00ab<strong>No abandonar\u00e9 mi pa\u00eds hasta el \u00faltimo momento<\/strong>\u00ab, afirma la directora general de la compa\u00f1\u00eda cinematogr\u00e1fica nacional Afghan Film, sec\u00e1ndose las l\u00e1grimas, seg\u00fan&nbsp;<a href=\"https:\/\/www.livemint.com\/news\/world\/viral-video-shows-afghan-filmmaker-sahraa-karimi-running-on-kabul-street-following-taliban-takeover-11629121047254.html\" target=\"_blank\" rel=\"noreferrer noopener\">recoge<\/a>&nbsp;Livemint.<\/p>\n\n\n\n<p>En las im\u00e1genes publicadas el domingo en Instagram, Karimi, la \u00fanica mujer afgana con\u00a0<strong>doctorado en cine,<\/strong>\u00a0confirma la llegada de los talibanes y describe el hecho como una nueva realidad desastrosa.<\/p>\n\n\n\n<figure class=\"wp-block-image size-large\"><img decoding=\"async\" width=\"722\" height=\"1024\" src=\"https:\/\/losperiodistas.com.mx\/portal\/wp-content\/uploads\/2021\/08\/Captura-de-Pantalla-2021-08-17-a-las-19.01.32-722x1024.jpg\" alt=\"\" class=\"wp-image-11727\" srcset=\"https:\/\/losperiodistas.com.mx\/portal\/wp-content\/uploads\/2021\/08\/Captura-de-Pantalla-2021-08-17-a-las-19.01.32-722x1024.jpg 722w, https:\/\/losperiodistas.com.mx\/portal\/wp-content\/uploads\/2021\/08\/Captura-de-Pantalla-2021-08-17-a-las-19.01.32-212x300.jpg 212w, https:\/\/losperiodistas.com.mx\/portal\/wp-content\/uploads\/2021\/08\/Captura-de-Pantalla-2021-08-17-a-las-19.01.32-768x1089.jpg 768w, https:\/\/losperiodistas.com.mx\/portal\/wp-content\/uploads\/2021\/08\/Captura-de-Pantalla-2021-08-17-a-las-19.01.32-1083x1536.jpg 1083w, https:\/\/losperiodistas.com.mx\/portal\/wp-content\/uploads\/2021\/08\/Captura-de-Pantalla-2021-08-17-a-las-19.01.32.jpg 1100w\" sizes=\"(max-width: 722px) 100vw, 722px\" \/><figcaption><a href=\"https:\/\/www.instagram.com\/tv\/CSlhhninJoW\/?utm_source=ig_web_copy_link\">https:\/\/www.instagram.com\/tv\/CSlhhninJoW\/?utm_source=ig_web_copy_link<\/a><\/figcaption><\/figure>\n\n\n\n<p>El viernes pasado, Karimi&nbsp;<a href=\"https:\/\/twitter.com\/sahraakarimi\/status\/1426888656934088705?ref_src=twsrc%5Etfw%7Ctwcamp%5Etweetembed%7Ctwterm%5E1426888656934088705%7Ctwgr%5E%7Ctwcon%5Es1_&amp;ref_url=https%3A%2F%2Fwww.livemint.com%2Fnews%2Fworld%2Fviral-video-shows-afghan-filmmaker-sahraa-karimi-running-on-kabul-street-following-taliban-takeover-11629121047254.html\" target=\"_blank\" rel=\"noreferrer noopener\">public\u00f3<\/a>&nbsp;en Twitter una sentida petici\u00f3n dirigida a todas las comunidades cineastas y a todos los aficionados de este arte en la que cuenta las&nbsp;<strong>atrocidades<\/strong>&nbsp;que cometen los insurgentes contra su pueblo y las consecuencias de su llegada al poder para los derechos humanos en Afganist\u00e1n.<\/p>\n\n\n\n<figure class=\"wp-block-image\"><img decoding=\"async\" src=\"https:\/\/cdni.rt.com\/actualidad\/public_images\/2021.08\/thumbnail\/611a758f59bf5b259a127232.jpg\" alt=\"&quot;Yo podr\u00eda ser la siguiente asesinada&quot;: cineasta afgana clama contra el silencio del mundo ante &quot;reinado oscuro&quot; de los talibanes\"\/><\/figure>\n\n\n\n<p><a href=\"https:\/\/actualidad.rt.com\/actualidad\/401010-directora-cine-afganistan-publicar-grito-mundo-eventos\">\u00abYo podr\u00eda ser la siguiente asesinada\u00bb: cineasta afgana clama contra el silencio del mundo ante \u00abreinado oscuro\u00bb de los talibanes<\/a><\/p>\n\n\n\n<p>\u00abPor favor, no se queden callados.&nbsp;<strong>Vienen a matarnos<\/strong>\u00ab, expresa la cineasta&nbsp;mientras pide que se comparta su mensaje.<\/p>\n\n\n\n<p>El 15 de agosto, los talibanes&nbsp;tomaron el control&nbsp;de la capital y dieron por finalizada su ofensiva por todo&nbsp;Afganist\u00e1n. Tras su llegada,&nbsp;centenares de personas se apresuraran a huir de la naci\u00f3n. El&nbsp;<strong>presidente<\/strong>&nbsp;Ashraf Ghani&nbsp;<strong>renunci\u00f3 a su cargo<\/strong>&nbsp;y abandon\u00f3 el pa\u00eds.<\/p>\n\n\n\n<p>Los avances de la insurgencia en las \u00faltimas semanas siguieron a la retirada definitiva del contingente internacional liderado por EE.UU., iniciada en abril.<\/p>\n\n\n\n<p><em>* El movimiento talib\u00e1n, designado como \u00aborganizaci\u00f3n terrorista\u00bb por el Consejo de Seguridad de la ONU, est\u00e1 declarado como grupo terrorista y prohibido en Rusia.<\/em><\/p>\n\n\n\n<p>Fuente: https:\/\/actualidad.rt.com\/actualidad\/401168-video-cineasta-sahraa-karimi-filmar-huida-kabul<\/p>\n","protected":false},"excerpt":{"rendered":"<p>Hace unos d\u00edas, la respetada directora de cine lanz\u00f3 una llamada de socorro dirigida a la comunidad internacional cinematogr\u00e1fica. RT [&hellip;]<\/p>\n","protected":false},"author":1,"featured_media":11726,"comment_status":"open","ping_status":"open","sticky":false,"template":"","format":"standard","meta":{"site-sidebar-layout":"default","site-content-layout":"","ast-site-content-layout":"default","site-content-style":"default","site-sidebar-style":"default","ast-global-header-display":"","ast-banner-title-visibility":"","ast-main-header-display":"","ast-hfb-above-header-display":"","ast-hfb-below-header-display":"","ast-hfb-mobile-header-display":"","site-post-title":"","ast-breadcrumbs-content":"","ast-featured-img":"","footer-sml-layout":"","theme-transparent-header-meta":"","adv-header-id-meta":"","stick-header-meta":"","header-above-stick-meta":"","header-main-stick-meta":"","header-below-stick-meta":"","astra-migrate-meta-layouts":"default","ast-page-background-enabled":"default","ast-page-background-meta":{"desktop":{"background-color":"var(--ast-global-color-4)","background-image":"","background-repeat":"repeat","background-position":"center center","background-size":"auto","background-attachment":"scroll","background-type":"","background-media":"","overlay-type":"","overlay-color":"","overlay-opacity":"","overlay-gradient":""},"tablet":{"background-color":"","background-image":"","background-repeat":"repeat","background-position":"center center","background-size":"auto","background-attachment":"scroll","background-type":"","background-media":"","overlay-type":"","overlay-color":"","overlay-opacity":"","overlay-gradient":""},"mobile":{"background-color":"","background-image":"","background-repeat":"repeat","background-position":"center center","background-size":"auto","background-attachment":"scroll","background-type":"","background-media":"","overlay-type":"","overlay-color":"","overlay-opacity":"","overlay-gradient":""}},"ast-content-background-meta":{"desktop":{"background-color":"var(--ast-global-color-5)","background-image":"","background-repeat":"repeat","background-position":"center center","background-size":"auto","background-attachment":"scroll","background-type":"","background-media":"","overlay-type":"","overlay-color":"","overlay-opacity":"","overlay-gradient":""},"tablet":{"background-color":"var(--ast-global-color-5)","background-image":"","background-repeat":"repeat","background-position":"center center","background-size":"auto","background-attachment":"scroll","background-type":"","background-media":"","overlay-type":"","overlay-color":"","overlay-opacity":"","overlay-gradient":""},"mobile":{"background-color":"var(--ast-global-color-5)","background-image":"","background-repeat":"repeat","background-position":"center center","background-size":"auto","background-attachment":"scroll","background-type":"","background-media":"","overlay-type":"","overlay-color":"","overlay-opacity":"","overlay-gradient":""}},"footnotes":""},"categories":[8],"tags":[3325,3324,3225],"class_list":["post-11725","post","type-post","status-publish","format-standard","has-post-thumbnail","hentry","category-noticias","tag-ineasta-afgana","tag-sahraa-karimi","tag-talibanes"],"_links":{"self":[{"href":"https:\/\/losperiodistas.com.mx\/portal\/wp-json\/wp\/v2\/posts\/11725","targetHints":{"allow":["GET"]}}],"collection":[{"href":"https:\/\/losperiodistas.com.mx\/portal\/wp-json\/wp\/v2\/posts"}],"about":[{"href":"https:\/\/losperiodistas.com.mx\/portal\/wp-json\/wp\/v2\/types\/post"}],"author":[{"embeddable":true,"href":"https:\/\/losperiodistas.com.mx\/portal\/wp-json\/wp\/v2\/users\/1"}],"replies":[{"embeddable":true,"href":"https:\/\/losperiodistas.com.mx\/portal\/wp-json\/wp\/v2\/comments?post=11725"}],"version-history":[{"count":1,"href":"https:\/\/losperiodistas.com.mx\/portal\/wp-json\/wp\/v2\/posts\/11725\/revisions"}],"predecessor-version":[{"id":11728,"href":"https:\/\/losperiodistas.com.mx\/portal\/wp-json\/wp\/v2\/posts\/11725\/revisions\/11728"}],"wp:featuredmedia":[{"embeddable":true,"href":"https:\/\/losperiodistas.com.mx\/portal\/wp-json\/wp\/v2\/media\/11726"}],"wp:attachment":[{"href":"https:\/\/losperiodistas.com.mx\/portal\/wp-json\/wp\/v2\/media?parent=11725"}],"wp:term":[{"taxonomy":"category","embeddable":true,"href":"https:\/\/losperiodistas.com.mx\/portal\/wp-json\/wp\/v2\/categories?post=11725"},{"taxonomy":"post_tag","embeddable":true,"href":"https:\/\/losperiodistas.com.mx\/portal\/wp-json\/wp\/v2\/tags?post=11725"}],"curies":[{"name":"wp","href":"https:\/\/api.w.org\/{rel}","templated":true}]}}