{"id":11722,"date":"2021-08-17T18:57:00","date_gmt":"2021-08-17T23:57:00","guid":{"rendered":"http:\/\/losperiodistas.com.mx\/portal\/?p=11722"},"modified":"2021-08-17T18:57:02","modified_gmt":"2021-08-17T23:57:02","slug":"coronavirus-en-mexico-al-17-de-agosto-se-registraron-14814-contagios-y-877-muertes-en-las-ultimas-24-horas-infobae","status":"publish","type":"post","link":"https:\/\/losperiodistas.com.mx\/portal\/coronavirus-en-mexico-al-17-de-agosto-se-registraron-14814-contagios-y-877-muertes-en-las-ultimas-24-horas-infobae\/","title":{"rendered":"Coronavirus en M\u00e9xico al 17 de agosto: se registraron 14,814 contagios y 877 muertes en las \u00faltimas 24 horas | Infobae"},"content":{"rendered":"\n<p style=\"font-size:18px\"><em>La Ciudad de M\u00e9xico y el Estado de M\u00e9xico son las entidades con mayor n\u00famero de casos activos estimados del SARS-CoV-2<\/em><\/p>\n\n\n\n<p><\/p>\n\n\n\n<figure class=\"wp-block-image size-large\"><img fetchpriority=\"high\" decoding=\"async\" width=\"1024\" height=\"576\" src=\"https:\/\/losperiodistas.com.mx\/portal\/wp-content\/uploads\/2021\/08\/Captura-de-Pantalla-2021-08-17-a-las-18.53.34-1024x576.jpg\" alt=\"\" class=\"wp-image-11723\" srcset=\"https:\/\/losperiodistas.com.mx\/portal\/wp-content\/uploads\/2021\/08\/Captura-de-Pantalla-2021-08-17-a-las-18.53.34-1024x576.jpg 1024w, https:\/\/losperiodistas.com.mx\/portal\/wp-content\/uploads\/2021\/08\/Captura-de-Pantalla-2021-08-17-a-las-18.53.34-300x169.jpg 300w, https:\/\/losperiodistas.com.mx\/portal\/wp-content\/uploads\/2021\/08\/Captura-de-Pantalla-2021-08-17-a-las-18.53.34-768x432.jpg 768w, https:\/\/losperiodistas.com.mx\/portal\/wp-content\/uploads\/2021\/08\/Captura-de-Pantalla-2021-08-17-a-las-18.53.34.jpg 1522w\" sizes=\"(max-width: 1024px) 100vw, 1024px\" \/><figcaption>M\u00e9xico super\u00f3 los 3 millones de contagios por el SARS-CoV-2 (Foto: REUTERS\/Gustavo Graf)<\/figcaption><\/figure>\n\n\n\n<p class=\"has-vivid-cyan-blue-color has-text-color has-medium-font-size\">INFOBAE<\/p>\n\n\n\n<p>La Secretar\u00eda de Salud (SSa), a trav\u00e9s del comunicado t\u00e9cnico diario, inform\u00f3 que este martes 17 de agosto se registraron 877 muertes y 14,814 nuevos casos de COVID-19 en el pa\u00eds.<\/p>\n\n\n\n<p>Con tales cifras se acumularon&nbsp;<strong>3,123,252 contagios y 249,529 defunciones causadas por el SARS-CoV-2<\/strong>&nbsp;a nivel nacional. Aunado a lo anterior, se reportaron 483,464 casos sospechosos, 5,550,267 negativos, 133,159 activos estimados y 9,156,983 personas estudiadas desde que comenz\u00f3 la contingencia sanitaria.PUBLICIDAD&nbsp;&nbsp;<\/p>\n\n\n\n<p>De acuerdo con los datos demogr\u00e1ficos de la epidemia, los casos confirmados muestran&nbsp;<strong>predominio igual en hombres y mujeres con 50 por ciento.<\/strong>&nbsp;En tanto, la mediana de edad general es de 40 a\u00f1os.<\/p>\n\n\n\n<p>La dependencia tambi\u00e9n se\u00f1al\u00f3 que&nbsp;<strong>la Ciudad de M\u00e9xico y el Estado de M\u00e9xico son las entidades con mayor n\u00famero de casos activos<\/strong>&nbsp;estimados (con fecha de inicio de los \u00faltimos 14 d\u00edas por el \u00edndice de positividad, por entidad y semana epidemiol\u00f3gica). A nivel nacional se calculan 123,226 contagios de este tipo.<img decoding=\"async\" alt=\"M\u00e9xico est\u00e1 cerca de las 250 mil muertes en la pandemia a causa del virus (Foto: SSa)\" height=\"514\" width=\"980\" src=\"https:\/\/www.infobae.com\/new-resizer\/otmNCp6Nv9vTk2_fl8AWekEHpvI=\/420x236\/filters:format(jpg):quality(85)\/cloudfront-us-east-1.images.arcpublishing.com\/infobae\/XZISQOTNZVA5ZH32P2VAQLE5CA.png%20420w\" srcset=\"https:\/\/www.infobae.com\/new-resizer\/otmNCp6Nv9vTk2_fl8AWekEHpvI=\/420x236\/filters:format(jpg):quality(85)\/cloudfront-us-east-1.images.arcpublishing.com\/infobae\/XZISQOTNZVA5ZH32P2VAQLE5CA.png 420w,https:\/\/www.infobae.com\/new-resizer\/6eSu29VYpzaE4GR0JElEvIhBpZU=\/768x432\/filters:format(jpg):quality(85)\/cloudfront-us-east-1.images.arcpublishing.com\/infobae\/XZISQOTNZVA5ZH32P2VAQLE5CA.png 768w,https:\/\/www.infobae.com\/new-resizer\/uW3aMzwpRvAlCb6z1e_PGQuNjBE=\/992x558\/filters:format(jpg):quality(85)\/cloudfront-us-east-1.images.arcpublishing.com\/infobae\/XZISQOTNZVA5ZH32P2VAQLE5CA.png 992w,https:\/\/www.infobae.com\/new-resizer\/2NGc-615q1_wuoqJpItR3aM1Uug=\/1200x675\/filters:format(jpg):quality(85)\/cloudfront-us-east-1.images.arcpublishing.com\/infobae\/XZISQOTNZVA5ZH32P2VAQLE5CA.png 1200w\">M\u00e9xico est\u00e1 cerca de las 250 mil muertes en la pandemia a causa del virus (Foto: SSa)<\/p>\n\n\n\n<p>El Estado mexicano, desde marzo de 2020, ha registrado el total de contagios por lugar de residencia, con lo cual la&nbsp;<strong>Ciudad de M\u00e9xico<\/strong>&nbsp;ha reportado 850,361; el&nbsp;<strong>Estado de M\u00e9xico<\/strong>&nbsp;317,821;&nbsp;<strong>Nuevo Le\u00f3n<\/strong>&nbsp;161,334;&nbsp;<strong>Guanajuato<\/strong>&nbsp;145,764;&nbsp;<strong>Jalisco<\/strong>&nbsp;120,822;&nbsp;<strong>Tabasco<\/strong>&nbsp;100,223;&nbsp;<strong>Puebla<\/strong>&nbsp;98,712;&nbsp;<strong>Sonora<\/strong>&nbsp;95,712;&nbsp;<strong>Veracruz<\/strong>&nbsp;92,399; y&nbsp;<strong>San Luis Potos\u00ed<\/strong>&nbsp;ha presentado 80,834. En estas 10 entidades se concentran el mayor n\u00famero de contagios acumulados, con el 66% del total.<\/p>\n\n\n\n<p>De acuerdo a la dependencia federal asever\u00f3 que, en la \u00faltima semana, aumentaron un 4.4% los contagios en toda la Rep\u00fablica Mexicana.<\/p>\n\n\n\n<p>Asimismo, se inform\u00f3 que en las \u00faltimas cinco semanas&nbsp;<strong>se registr\u00f3 un aumento en los contagios de personas en el rango de edad de 18 a 29 a\u00f1os<\/strong>, coloc\u00e1ndose como el grupo m\u00e1s propenso a contraer el virus, seguido del grupo de 30 a 39 a\u00f1os y los de 40 a 49 a\u00f1os.<img decoding=\"async\" alt=\"No obstante, la dependencia de salud tambi\u00e9n comunic\u00f3 que los contagios han ido en aumento en todas las edades (Foto: SSa)\" height=\"500\" width=\"1148\" src=\"https:\/\/www.infobae.com\/new-resizer\/awjou3GQA2f5XJSCsAApdRJKC0k=\/420x187\/filters:format(jpg):quality(85)\/cloudfront-us-east-1.images.arcpublishing.com\/infobae\/JN7NKT6L7FHGNA4FE6BO6XEETE.png%20420w\" srcset=\"https:\/\/www.infobae.com\/new-resizer\/awjou3GQA2f5XJSCsAApdRJKC0k=\/420x187\/filters:format(jpg):quality(85)\/cloudfront-us-east-1.images.arcpublishing.com\/infobae\/JN7NKT6L7FHGNA4FE6BO6XEETE.png 420w,https:\/\/www.infobae.com\/new-resizer\/y-fGu7wjP0IYk8gHOsqQTLRwFCI=\/768x341\/filters:format(jpg):quality(85)\/cloudfront-us-east-1.images.arcpublishing.com\/infobae\/JN7NKT6L7FHGNA4FE6BO6XEETE.png 768w,https:\/\/www.infobae.com\/new-resizer\/yZWaa6t9yusqGNpIMtQ6HobiXzo=\/992x441\/filters:format(jpg):quality(85)\/cloudfront-us-east-1.images.arcpublishing.com\/infobae\/JN7NKT6L7FHGNA4FE6BO6XEETE.png 992w,https:\/\/www.infobae.com\/new-resizer\/Wxx1LpLl5A1lXrKjH9O1hbQlJE0=\/1200x533\/filters:format(jpg):quality(85)\/cloudfront-us-east-1.images.arcpublishing.com\/infobae\/JN7NKT6L7FHGNA4FE6BO6XEETE.png 1200w\">No obstante, la dependencia de salud tambi\u00e9n comunic\u00f3 que los contagios han ido en aumento en todas las edades (Foto: SSa)<\/p>\n\n\n\n<p>En tanto, en la distribuci\u00f3n por sexo y edad de las defunciones causadas por COVID-19, se observ\u00f3 un predominio del<strong>&nbsp;62% en hombres<\/strong>. El promedio de edad de los decesos por coronavirus es de 64 a\u00f1os.<\/p>\n\n\n\n<p>En este rubro,<strong>&nbsp;la Ciudad de M\u00e9xico se ubica a la cabeza con 47,179 fallecimientos<\/strong>, despu\u00e9s se encuentran el Estado de M\u00e9xico (29,628), Jalisco (13,754), Puebla (12,822), Guanajuato (11,245), Veracruz (11,091), Nuevo Le\u00f3n (10,749), Baja California (8,890), Chihuahua (7,718) y Sinaloa (7,493). El conjunto de las entidades mencionadas representan el 64.4% de las defunciones en el pa\u00eds.<img loading=\"lazy\" decoding=\"async\" alt=\"La secretar\u00eda tambi\u00e9n se\u00f1al\u00f3 que se contabilizaron 12,786 fallecimiento sospechosos en el pa\u00eds (Foto: SSa)\" height=\"457\" width=\"1073\" src=\"https:\/\/www.infobae.com\/new-resizer\/4G9trobilmJaz6LpjIEOU5_TXD0=\/420x187\/filters:format(jpg):quality(85)\/cloudfront-us-east-1.images.arcpublishing.com\/infobae\/6RV4Q3OFXVDH5M6GGDKAM3TKLY.png%20420w\" srcset=\"https:\/\/www.infobae.com\/new-resizer\/4G9trobilmJaz6LpjIEOU5_TXD0=\/420x187\/filters:format(jpg):quality(85)\/cloudfront-us-east-1.images.arcpublishing.com\/infobae\/6RV4Q3OFXVDH5M6GGDKAM3TKLY.png 420w,https:\/\/www.infobae.com\/new-resizer\/JF8CduvHeq00sVjODyEdZ2R6sS8=\/768x341\/filters:format(jpg):quality(85)\/cloudfront-us-east-1.images.arcpublishing.com\/infobae\/6RV4Q3OFXVDH5M6GGDKAM3TKLY.png 768w,https:\/\/www.infobae.com\/new-resizer\/0zQiJKYeJR_5idBdcUUkRny-gCw=\/992x441\/filters:format(jpg):quality(85)\/cloudfront-us-east-1.images.arcpublishing.com\/infobae\/6RV4Q3OFXVDH5M6GGDKAM3TKLY.png 992w,https:\/\/www.infobae.com\/new-resizer\/8mQy_H-Ld_o7gA1H1Q9bqKl2oxc=\/1200x533\/filters:format(jpg):quality(85)\/cloudfront-us-east-1.images.arcpublishing.com\/infobae\/6RV4Q3OFXVDH5M6GGDKAM3TKLY.png 1200w\">La secretar\u00eda tambi\u00e9n se\u00f1al\u00f3 que se contabilizaron 12,786 fallecimiento sospechosos en el pa\u00eds (Foto: SSa)<\/p>\n\n\n\n<p>Por otro lado, de acuerdo a la \u00faltima actualizaci\u00f3n del sem\u00e1foro epidemiol\u00f3gico COVID-19, el Gobierno de M\u00e9xico asegur\u00f3 que&nbsp;<strong>del 9 al 22 de agosto solo una entidad del pa\u00eds se encuentra en color verde<\/strong>, mientras que<strong>&nbsp;nueve est\u00e1n en amarillo<\/strong>,&nbsp;<strong>15 en naranja<\/strong>&nbsp;y&nbsp;<strong>siete en rojo<\/strong>.<\/p>\n\n\n\n<p>En<strong>&nbsp;color rojo&nbsp;<\/strong>se encuentran: Ciudad de M\u00e9xico, Colima, Jalisco, Nayarit, Nuevo Le\u00f3n, Guerrero y Sinaloa; en<strong>&nbsp;naranja<\/strong>: Baja California Sur, Durango, Estado de M\u00e9xico, Hidalgo, Michoac\u00e1n, Oaxaca, Puebla, Quer\u00e9taro, Quintana Roo, San Luis Potos\u00ed, Sonora, Tamaulipas, Tlaxcala, Veracruz y Zacatecas; en<strong>&nbsp;amarillo<\/strong>: Aguascalientes, Baja California, Campeche, Chihuahua, Coahuila, Guanajuato, Morelos, Tabasco y Yucat\u00e1n; en<strong>&nbsp;verde<\/strong>: Chiapas.<\/p>\n\n\n\n<p>Finalmente, la SSa tambi\u00e9n public\u00f3 los contagios confirmados de COVID-19 alrededor del mundo,&nbsp;<strong>hasta el 16 de agosto sumaron 207,784,507 casos<\/strong>. Adem\u00e1s, la tasa de letalidad global se ubic\u00f3 en 2.1%, puesto que la pandemia ha causado la muerte de 4,370,424 personas.<\/p>\n\n\n\n<h2 class=\"wp-block-heading\">Hugo L\u00f3pez-Gattel asegur\u00f3 que M\u00e9xico atraviesa la segunda semana con reducci\u00f3n de contagios<\/h2>\n\n\n\n<p>PlayM\u00e9xico en la segunda semana con reducci\u00f3n de casos COVID-19: Hugo L\u00f3pez-Gatell (Video: Gobierno de M\u00e9xico)<\/p>\n\n\n\n<p><strong>El Subsecretario de Salud, Hugo L\u00f3pez-Gatell, inform\u00f3 que el pa\u00eds lleva dos semanas consecutivas registrando una reducci\u00f3n en los casos positivos de COVID-19,&nbsp;<\/strong>lo cual, mencion\u00f3, figurar\u00eda como un antecedente a la posible&nbsp;<strong>estabilizaci\u00f3n<\/strong>&nbsp;<strong>de la tercera ola.<\/strong><\/p>\n\n\n\n<p>\u201cCuando la tendencia se establezca, lo cual seguramente ocurrir\u00e1&nbsp;<strong>dentro de los siguientes quince d\u00edas<\/strong>, estaremos viendo ya&nbsp;<strong>el declive de la tercera ola&nbsp;<\/strong>rumbo a la estabilizaci\u00f3n\u201d, anunci\u00f3 en la conferencia matutina.<\/p>\n\n\n\n<p>De acuerdo a datos de la Secretar\u00eda de Salud (<strong>Ssa<\/strong>), en lo que va del&nbsp;<strong>2021,<\/strong>&nbsp;<strong>93% de las personas hospitalizadas no estaba vacunada;<\/strong>&nbsp;4%ten\u00eda&nbsp;<strong>medio esquema<\/strong>&nbsp;y 3% recibieron el<strong>&nbsp;esquema completo.<\/strong><\/p>\n\n\n\n<p>En tanto, respecto a los n\u00fameros de\u00a0<strong>defunciones, 95.5%\u00a0<\/strong>se registraron en personas\u00a0<strong>no inoculadas;\u00a0<\/strong>2.5% en aquellas con\u00a0<strong>medio esquema\u00a0<\/strong>y 2% con\u00a0<strong>esquema<\/strong>\u00a0completo.<\/p>\n\n\n\n<p>Fuente: https:\/\/www.infobae.com\/america\/mexico\/2021\/08\/17\/coronavirus-en-mexico-al-17-de-agosto-se-registraron-14814-contagios-y-877-muertes-en-las-ultimas-24-horas\/<\/p>\n","protected":false},"excerpt":{"rendered":"<p>La Ciudad de M\u00e9xico y el Estado de M\u00e9xico son las entidades con mayor n\u00famero de casos activos estimados del [&hellip;]<\/p>\n","protected":false},"author":1,"featured_media":11723,"comment_status":"open","ping_status":"open","sticky":false,"template":"","format":"standard","meta":{"site-sidebar-layout":"default","site-content-layout":"","ast-site-content-layout":"default","site-content-style":"default","site-sidebar-style":"default","ast-global-header-display":"","ast-banner-title-visibility":"","ast-main-header-display":"","ast-hfb-above-header-display":"","ast-hfb-below-header-display":"","ast-hfb-mobile-header-display":"","site-post-title":"","ast-breadcrumbs-content":"","ast-featured-img":"","footer-sml-layout":"","theme-transparent-header-meta":"","adv-header-id-meta":"","stick-header-meta":"","header-above-stick-meta":"","header-main-stick-meta":"","header-below-stick-meta":"","astra-migrate-meta-layouts":"default","ast-page-background-enabled":"default","ast-page-background-meta":{"desktop":{"background-color":"var(--ast-global-color-4)","background-image":"","background-repeat":"repeat","background-position":"center center","background-size":"auto","background-attachment":"scroll","background-type":"","background-media":"","overlay-type":"","overlay-color":"","overlay-opacity":"","overlay-gradient":""},"tablet":{"background-color":"","background-image":"","background-repeat":"repeat","background-position":"center center","background-size":"auto","background-attachment":"scroll","background-type":"","background-media":"","overlay-type":"","overlay-color":"","overlay-opacity":"","overlay-gradient":""},"mobile":{"background-color":"","background-image":"","background-repeat":"repeat","background-position":"center center","background-size":"auto","background-attachment":"scroll","background-type":"","background-media":"","overlay-type":"","overlay-color":"","overlay-opacity":"","overlay-gradient":""}},"ast-content-background-meta":{"desktop":{"background-color":"var(--ast-global-color-5)","background-image":"","background-repeat":"repeat","background-position":"center center","background-size":"auto","background-attachment":"scroll","background-type":"","background-media":"","overlay-type":"","overlay-color":"","overlay-opacity":"","overlay-gradient":""},"tablet":{"background-color":"var(--ast-global-color-5)","background-image":"","background-repeat":"repeat","background-position":"center center","background-size":"auto","background-attachment":"scroll","background-type":"","background-media":"","overlay-type":"","overlay-color":"","overlay-opacity":"","overlay-gradient":""},"mobile":{"background-color":"var(--ast-global-color-5)","background-image":"","background-repeat":"repeat","background-position":"center center","background-size":"auto","background-attachment":"scroll","background-type":"","background-media":"","overlay-type":"","overlay-color":"","overlay-opacity":"","overlay-gradient":""}},"footnotes":""},"categories":[8],"tags":[1536,3322,3323],"class_list":["post-11722","post","type-post","status-publish","format-standard","has-post-thumbnail","hentry","category-noticias","tag-covid-19-mexico","tag-mexico-3-millones-de-contagios","tag-puebla-98712-contagiaos"],"_links":{"self":[{"href":"https:\/\/losperiodistas.com.mx\/portal\/wp-json\/wp\/v2\/posts\/11722","targetHints":{"allow":["GET"]}}],"collection":[{"href":"https:\/\/losperiodistas.com.mx\/portal\/wp-json\/wp\/v2\/posts"}],"about":[{"href":"https:\/\/losperiodistas.com.mx\/portal\/wp-json\/wp\/v2\/types\/post"}],"author":[{"embeddable":true,"href":"https:\/\/losperiodistas.com.mx\/portal\/wp-json\/wp\/v2\/users\/1"}],"replies":[{"embeddable":true,"href":"https:\/\/losperiodistas.com.mx\/portal\/wp-json\/wp\/v2\/comments?post=11722"}],"version-history":[{"count":1,"href":"https:\/\/losperiodistas.com.mx\/portal\/wp-json\/wp\/v2\/posts\/11722\/revisions"}],"predecessor-version":[{"id":11724,"href":"https:\/\/losperiodistas.com.mx\/portal\/wp-json\/wp\/v2\/posts\/11722\/revisions\/11724"}],"wp:featuredmedia":[{"embeddable":true,"href":"https:\/\/losperiodistas.com.mx\/portal\/wp-json\/wp\/v2\/media\/11723"}],"wp:attachment":[{"href":"https:\/\/losperiodistas.com.mx\/portal\/wp-json\/wp\/v2\/media?parent=11722"}],"wp:term":[{"taxonomy":"category","embeddable":true,"href":"https:\/\/losperiodistas.com.mx\/portal\/wp-json\/wp\/v2\/categories?post=11722"},{"taxonomy":"post_tag","embeddable":true,"href":"https:\/\/losperiodistas.com.mx\/portal\/wp-json\/wp\/v2\/tags?post=11722"}],"curies":[{"name":"wp","href":"https:\/\/api.w.org\/{rel}","templated":true}]}}