{"id":117168,"date":"2026-02-22T11:18:59","date_gmt":"2026-02-22T17:18:59","guid":{"rendered":"https:\/\/losperiodistas.com.mx\/portal\/?p=117168"},"modified":"2026-02-22T11:42:04","modified_gmt":"2026-02-22T17:42:04","slug":"puebla-esta-de-luto","status":"publish","type":"post","link":"https:\/\/losperiodistas.com.mx\/portal\/puebla-esta-de-luto\/","title":{"rendered":"Puebla est\u00e1 de luto"},"content":{"rendered":"\n<p class=\"has-medium-font-size\"><strong>#PorSoleares | <em>Si la autoridad deja crecer la desinformaci\u00f3n, sobre la inseguridad, se estar\u00e1 abonando en un caldo de cultivo que puede modificar las percepciones electorales de 2027.<\/em><\/strong><\/p>\n\n\n\n<figure class=\"wp-block-embed is-type-video is-provider-youtube wp-block-embed-youtube wp-embed-aspect-16-9 wp-has-aspect-ratio\"><div class=\"wp-block-embed__wrapper\">\n<iframe title=\"Puebla est\u00e1 de luto | Febrero 22 de 2026\" width=\"500\" height=\"281\" src=\"https:\/\/www.youtube.com\/embed\/o5CbzKZQYl0?feature=oembed\" frameborder=\"0\" allow=\"accelerometer; autoplay; clipboard-write; encrypted-media; gyroscope; picture-in-picture; web-share\" referrerpolicy=\"strict-origin-when-cross-origin\" allowfullscreen><\/iframe>\n<\/div><\/figure>\n\n\n\n<p><\/p>\n\n\n\n<p class=\"has-vivid-red-color has-text-color has-link-color has-medium-font-size wp-elements-aba772fb572aeca9b6eca77114fb8c80\"><strong><em>Por Jes\u00fas Manuel Hern\u00e1ndez<\/em><\/strong><\/p>\n\n\n\n<p>Los hechos violentos registrados en los \u00faltimos d\u00edas han dejado una huella muy profunda en la sociedad poblana y permitido a los medios de comunicaci\u00f3n y redes sociales fijar posturas, no siempre \u00e9ticas, muchas veces bajo el color amarillo.<\/p>\n\n\n\n<p>Pero los hechos en s\u00ed, el asesinato de tres j\u00f3venes a manos del crimen organizado y el hallazgo del matrimonio sin vida relacionado a la comunidad del Instituto Oriente, <strong>calaron profundamente en los c\u00edrculos de influencia de la sociedad<\/strong>.<\/p>\n\n\n\n<p>Se trata de dos hechos con registro en las p\u00e1ginas polic\u00edacas que por desgracia <strong>dejan m\u00e1s dudas que explicaciones aceptables<\/strong>.<\/p>\n\n\n\n<p>En el caso de los j\u00f3venes asesinados a la salida de la llamada \u201cSala de Despecho\u201d, las versiones oficiales no coinciden con las reveladas por los familiares. No se ha demostrado que los j\u00f3venes sean delincuentes, por el contrario, lo que lleva a la l\u00f3gica de que los confundieron, pero queda en el aire <strong>\u00bfY con qui\u00e9nes los confundieron?<\/strong> Nadie dice nada.<\/p>\n\n\n\n<p>Respecto al matrimonio desaparecido, tambi\u00e9n hay lagunas informativas. \u00bfSab\u00eda alg\u00fan familiar d\u00f3nde iba la pareja? Esta simple pregunta podr\u00eda ayudar a entender que les pas\u00f3. \u00bfLos asaltaron, los secuestraron, iban por ellos?<\/p>\n\n\n\n<p>La ausencia de informaci\u00f3n aumenta la especulaci\u00f3n sobre las actividades profesionales del matrimonio y deja huecos que se llenan con desinformaciones. O sea, <strong>la posverdad est\u00e1 inundando el mercado informativo<\/strong> formal e informal.<\/p>\n\n\n\n<p>Estos acontecimientos traen a la memoria lo sucedido el 24 de febrero de 2020 en Huejotzingo cuando fueron asesinados tres <strong>estudiantes de medicina<\/strong>.<\/p>\n\n\n\n<p>Este hecho provoc\u00f3 entre la comunidad universitaria una toma de conciencia traducida en una manifestaci\u00f3n gigante, sin precedentes, sin tintes pol\u00edticos o ideol\u00f3gicos, simplemente pedir justicia y <strong>garant\u00edas para la convivencia social<\/strong>.<\/p>\n\n\n\n<p><a>Los asesinatos de los tres j\u00f3venes de la zona de Angel\u00f3polis y el matrimonio desaparecido, dejan la misma sensaci\u00f3n, y si la autoridad deja crecer la <strong>desinformaci\u00f3n<\/strong>, se estar\u00e1 abonando en un caldo de cultivo que puede <strong>modificar las percepciones electorales de 2027<\/strong>.<\/a><\/p>\n\n\n\n<p>O por lo menos, as\u00ed me lo parece.<\/p>\n\n\n\n<p><a href=\"mailto:losperiodistas.com.mx@gmail.com\">losperiodistas.com.mx@gmail.com<\/a><\/p>\n","protected":false},"excerpt":{"rendered":"<p>#PorSoleares | Si la autoridad deja crecer la desinformaci\u00f3n, sobre la inseguridad, se estar\u00e1 abonando en un caldo de cultivo [&hellip;]<\/p>\n","protected":false},"author":1,"featured_media":117173,"comment_status":"open","ping_status":"open","sticky":false,"template":"","format":"standard","meta":{"site-sidebar-layout":"default","site-content-layout":"","ast-site-content-layout":"default","site-content-style":"default","site-sidebar-style":"default","ast-global-header-display":"","ast-banner-title-visibility":"","ast-main-header-display":"","ast-hfb-above-header-display":"","ast-hfb-below-header-display":"","ast-hfb-mobile-header-display":"","site-post-title":"","ast-breadcrumbs-content":"","ast-featured-img":"","footer-sml-layout":"","theme-transparent-header-meta":"","adv-header-id-meta":"","stick-header-meta":"","header-above-stick-meta":"","header-main-stick-meta":"","header-below-stick-meta":"","astra-migrate-meta-layouts":"default","ast-page-background-enabled":"default","ast-page-background-meta":{"desktop":{"background-color":"var(--ast-global-color-4)","background-image":"","background-repeat":"repeat","background-position":"center center","background-size":"auto","background-attachment":"scroll","background-type":"","background-media":"","overlay-type":"","overlay-color":"","overlay-opacity":"","overlay-gradient":""},"tablet":{"background-color":"","background-image":"","background-repeat":"repeat","background-position":"center center","background-size":"auto","background-attachment":"scroll","background-type":"","background-media":"","overlay-type":"","overlay-color":"","overlay-opacity":"","overlay-gradient":""},"mobile":{"background-color":"","background-image":"","background-repeat":"repeat","background-position":"center center","background-size":"auto","background-attachment":"scroll","background-type":"","background-media":"","overlay-type":"","overlay-color":"","overlay-opacity":"","overlay-gradient":""}},"ast-content-background-meta":{"desktop":{"background-color":"var(--ast-global-color-5)","background-image":"","background-repeat":"repeat","background-position":"center center","background-size":"auto","background-attachment":"scroll","background-type":"","background-media":"","overlay-type":"","overlay-color":"","overlay-opacity":"","overlay-gradient":""},"tablet":{"background-color":"var(--ast-global-color-5)","background-image":"","background-repeat":"repeat","background-position":"center center","background-size":"auto","background-attachment":"scroll","background-type":"","background-media":"","overlay-type":"","overlay-color":"","overlay-opacity":"","overlay-gradient":""},"mobile":{"background-color":"var(--ast-global-color-5)","background-image":"","background-repeat":"repeat","background-position":"center center","background-size":"auto","background-attachment":"scroll","background-type":"","background-media":"","overlay-type":"","overlay-color":"","overlay-opacity":"","overlay-gradient":""}},"footnotes":""},"categories":[8,5],"tags":[11036,46524],"class_list":["post-117168","post","type-post","status-publish","format-standard","has-post-thumbnail","hentry","category-noticias","category-por-soleares","tag-inseguridad-puebla","tag-puebla-esta-de-luto"],"_links":{"self":[{"href":"https:\/\/losperiodistas.com.mx\/portal\/wp-json\/wp\/v2\/posts\/117168","targetHints":{"allow":["GET"]}}],"collection":[{"href":"https:\/\/losperiodistas.com.mx\/portal\/wp-json\/wp\/v2\/posts"}],"about":[{"href":"https:\/\/losperiodistas.com.mx\/portal\/wp-json\/wp\/v2\/types\/post"}],"author":[{"embeddable":true,"href":"https:\/\/losperiodistas.com.mx\/portal\/wp-json\/wp\/v2\/users\/1"}],"replies":[{"embeddable":true,"href":"https:\/\/losperiodistas.com.mx\/portal\/wp-json\/wp\/v2\/comments?post=117168"}],"version-history":[{"count":1,"href":"https:\/\/losperiodistas.com.mx\/portal\/wp-json\/wp\/v2\/posts\/117168\/revisions"}],"predecessor-version":[{"id":117169,"href":"https:\/\/losperiodistas.com.mx\/portal\/wp-json\/wp\/v2\/posts\/117168\/revisions\/117169"}],"wp:featuredmedia":[{"embeddable":true,"href":"https:\/\/losperiodistas.com.mx\/portal\/wp-json\/wp\/v2\/media\/117173"}],"wp:attachment":[{"href":"https:\/\/losperiodistas.com.mx\/portal\/wp-json\/wp\/v2\/media?parent=117168"}],"wp:term":[{"taxonomy":"category","embeddable":true,"href":"https:\/\/losperiodistas.com.mx\/portal\/wp-json\/wp\/v2\/categories?post=117168"},{"taxonomy":"post_tag","embeddable":true,"href":"https:\/\/losperiodistas.com.mx\/portal\/wp-json\/wp\/v2\/tags?post=117168"}],"curies":[{"name":"wp","href":"https:\/\/api.w.org\/{rel}","templated":true}]}}