{"id":117155,"date":"2026-02-22T07:53:35","date_gmt":"2026-02-22T13:53:35","guid":{"rendered":"https:\/\/losperiodistas.com.mx\/portal\/?p=117155"},"modified":"2026-02-22T08:24:28","modified_gmt":"2026-02-22T14:24:28","slug":"la-exposicion-de-los-huesos-de-san-francisco-de-asis-confirma-el-atractivo-perdurable-de-las-reliquias-para-los-cristianos-ap","status":"publish","type":"post","link":"https:\/\/losperiodistas.com.mx\/portal\/la-exposicion-de-los-huesos-de-san-francisco-de-asis-confirma-el-atractivo-perdurable-de-las-reliquias-para-los-cristianos-ap\/","title":{"rendered":"La exposici\u00f3n de los huesos de San Francisco de As\u00eds confirma el atractivo perdurable de las reliquias para los cristianos | AP"},"content":{"rendered":"\n<figure class=\"wp-block-image size-full\"><img fetchpriority=\"high\" decoding=\"async\" width=\"980\" height=\"653\" src=\"https:\/\/losperiodistas.com.mx\/portal\/wp-content\/uploads\/2026\/02\/descarga-2.webp\" alt=\"\" class=\"wp-image-117156\" srcset=\"https:\/\/losperiodistas.com.mx\/portal\/wp-content\/uploads\/2026\/02\/descarga-2.webp 980w, https:\/\/losperiodistas.com.mx\/portal\/wp-content\/uploads\/2026\/02\/descarga-2-300x200.webp 300w, https:\/\/losperiodistas.com.mx\/portal\/wp-content\/uploads\/2026\/02\/descarga-2-768x512.webp 768w\" sizes=\"(max-width: 980px) 100vw, 980px\" \/><figcaption class=\"wp-element-caption\">Peregrinos honran los huesos de San Francisco durante la primera exhibici\u00b4\u00f3n p\u00fablica en la Bas\u00edlica de Francisco, en conmemoraci\u00f3n del 800 aniversario de su muerte, en As\u00eds, Italia, el domingo 22 de febrero de 2026. (Foto AP\/Gregorio Borgia)<\/figcaption><\/figure>\n\n\n\n<p class=\"has-vivid-red-color has-text-color has-link-color has-medium-font-size wp-elements-d1fdf68815bf04a54735e5dceda117c6\"><strong>Por\u00a0<a href=\"https:\/\/apnews.com\/author\/nicole-winfield\">NICOLE WINFIELD<\/a>\u00a0y\u00a0<a href=\"https:\/\/apnews.com\/author\/gregorio-borgia\">GREGORIO BORGIA<\/a> \/ AP<\/strong><\/p>\n\n\n\n<p>AS\u00cdS, Italia (AP) \u2014 Los huesos de&nbsp;<a href=\"https:\/\/apnews.com\/article\/italy-st-francis-bones-assisi-b5d8c3743509eaf7b5b00436e20bffd6\">San Francisco de As\u00eds<\/a>&nbsp;fueron exhibidos al p\u00fablico por primera vez el domingo, culminando una saga de 800 a\u00f1os sobre sus restos corporales y confirmando el atractivo perdurable para los cristianos de venerar las reliquias de un santo.<\/p>\n\n\n\n<p>Casi 400.000 personas se registraron con antelaci\u00f3n para ver los fragmentos de hueso, que est\u00e1n contenidos en una delgada caja de plexigl\u00e1s a prueba de balas en la Bas\u00edlica inferior de San Francisco, en la ciudad de Umbr\u00eda en la cima de una colina que el fraile medieval hizo famoso.<\/p>\n\n\n\n<p>Los franciscanos decidieron exhibir los huesos durante un mes, hasta el 22 de marzo, para honrar el 800 aniversario de la muerte de&nbsp;<a href=\"https:\/\/apnews.com\/article\/pope-francis-health-assisi-franciscan-peace-environment-poverty-catholic-43baff1f86243ed8d9cde6a6fdcf3359\">San Francisco<\/a>&nbsp;en 1226. El objetivo es revivir su mensaje de paz y fraternidad que lo convirti\u00f3 en uno de los santos cristianos m\u00e1s queridos e inspir\u00f3 al Papa Francisco a&nbsp;<a href=\"https:\/\/apnews.com\/f684920e3ec74a2fbe58371e09ae9112\">tomar su nombre<\/a>&nbsp;, el primer Papa en hacerlo.<\/p>\n\n\n\n<p>La exposici\u00f3n de sus restos mortales es particularmente notable dada la historia un tanto torturada del cuerpo de San Francisco, un hijo de un rico comerciante nacido en 1182 que renunci\u00f3 a todas sus posesiones para vivir como fraile mendicante.<\/p>\n\n\n\n<p>Se dice que al final de su vida, el cuerpo de San Francisco adquiri\u00f3 los estigmas, el primer caso documentado de un santo que adquiri\u00f3 las marcas de Cristo en la cruz.<a><\/a>Historias relacionadas<\/p>\n\n\n\n<figure class=\"wp-block-image\"><img decoding=\"async\" src=\"https:\/\/dims.apnews.com\/dims4\/default\/4b4ce21\/2147483647\/strip\/false\/crop\/8640x5760+0+0\/resize\/980x653!\/quality\/90\/?url=https%3A%2F%2Fassets.apnews.com%2Fd1%2F16%2F6da12506819382495cdc051a2e2b%2F542cdb9fff8b43cd9c846bd51ce6a0f1\" alt=\"Los huesos de San Francisco ser\u00e1n expuestos al p\u00fablico, una bendici\u00f3n mixta para As\u00eds\"\/><\/figure>\n\n\n\n<p><a href=\"https:\/\/apnews.com\/article\/italy-st-francis-bones-assisi-b5d8c3743509eaf7b5b00436e20bffd6\"><\/a><\/p>\n\n\n\n<p><a href=\"https:\/\/apnews.com\/article\/italy-st-francis-bones-assisi-b5d8c3743509eaf7b5b00436e20bffd6\">Los huesos de San Francisco ser\u00e1n expuestos al p\u00fablico, una bendici\u00f3n mixta para As\u00eds<\/a><\/p>\n\n\n\n<figure class=\"wp-block-image\"><img decoding=\"async\" src=\"https:\/\/dims.apnews.com\/dims4\/default\/506faca\/2147483647\/strip\/false\/crop\/3664x2440+0+0\/resize\/980x653!\/quality\/90\/?url=https%3A%2F%2Fassets.apnews.com%2F49%2F16%2F2a6672a943b9892f0a802e2856cd%2F836ca61f02104a32bc21cd9878b582d9\" alt=\"La gran gira del Papa por Italia durante los pr\u00f3ximos meses lo llevar\u00e1 a Lampedusa el 4 de julio.\"\/><\/figure>\n\n\n\n<p><a href=\"https:\/\/apnews.com\/article\/pope-travel-italy-migration-5696766ed6505fee702970ab2f00863a\"><\/a><\/p>\n\n\n\n<p><a href=\"https:\/\/apnews.com\/article\/pope-travel-italy-migration-5696766ed6505fee702970ab2f00863a\">La gran gira del Papa por Italia durante los pr\u00f3ximos meses lo llevar\u00e1 a Lampedusa el 4 de julio.<\/a><\/p>\n\n\n\n<figure class=\"wp-block-image\"><img decoding=\"async\" src=\"https:\/\/dims.apnews.com\/dims4\/default\/87c68ee\/2147483647\/strip\/false\/crop\/6599x4400+0+0\/resize\/1486x991!\/quality\/90\/?url=https%3A%2F%2Fassets.apnews.com%2F6f%2Ff0%2F1a44886ed8f3aeaf26ac39c5cffa%2Fa4eac599e6ef4b2b8357cc0847372635\" alt=\"El Papa visitar\u00e1 Espa\u00f1a este a\u00f1o, con paradas en Madrid, Barcelona y Canarias, dice el cardenal\"\/><\/figure>\n\n\n\n<p><a href=\"https:\/\/apnews.com\/article\/pope-visit-spain-vatican-travel-ab293ee12a897152475b63e3c5eb2343\"><\/a><\/p>\n\n\n\n<p><a href=\"https:\/\/apnews.com\/article\/pope-visit-spain-vatican-travel-ab293ee12a897152475b63e3c5eb2343\">El Papa visitar\u00e1 Espa\u00f1a este a\u00f1o, con paradas en Madrid, Barcelona y Canarias, dice el cardenal<\/a><\/p>\n\n\n\n<p>Al morir, su cuerpo se perdi\u00f3 durante cientos de a\u00f1os, despu\u00e9s de ser enterrado en secreto por uno de sus seguidores que tem\u00eda que fuera robado durante la pelea por las reliquias que era com\u00fan en el cristianismo en la Edad Media.<\/p>\n\n\n\n<p>Esa historia se cuenta en una exposici\u00f3n montada en el convento franciscano, adyacente a la bas\u00edlica, que los peregrinos pueden visitar como parte de su cita para pasar junto a los huesos.<\/p>\n\n\n\n<h2 class=\"wp-block-heading\">Una fascinaci\u00f3n por las reliquias que no es espantosa<\/h2>\n\n\n\n<p>El hermano Giulio Cesareo, portavoz de los franciscanos de As\u00eds, afirm\u00f3 que la exposici\u00f3n no era una celebraci\u00f3n macabra de los muertos. M\u00e1s bien, afirm\u00f3, formaba parte de la larga tradici\u00f3n cristiana de venerar los restos mortales de los santos para experimentar el esp\u00edritu que habitaba en ellos.<\/p>\n\n\n\n<p>\u201cNo se trata tanto de venerar a Francisco, sino de encontrar a Francisco venerando al Esp\u00edritu Santo que llen\u00f3 esa humanidad y la hizo capaz de entregarse\u201d, dijo. \u201cY es, al menos para un creyente, una forma de renovarse en esta \u00fanica vida\u201d.<\/p>\n\n\n\n<p>A lo largo de los siglos, la fascinaci\u00f3n por las reliquias ha dado lugar, por supuesto, a abusos, con robos, falsificaciones y, ahora, ventas en l\u00ednea, todo ello parte de su historia. Pero eso no disminuye su influencia sobre los fieles, afirm\u00f3 Sean Pilcher, director de Sacra: Reliquias de los Santos, que ofrece servicios de consultor\u00eda y autenticaci\u00f3n a la Iglesia Cat\u00f3lica.<\/p>\n\n\n\n<p>Si los santos son nuestros hermanos y hermanas en el cielo, \u00abentonces tiene sentido que tengamos cosas a las que aferrarnos\u00bb, dijo. \u00abY lo que hace la iglesia es simplemente tomar este deseo natural que todos tenemos de conexi\u00f3n y pertenencia y dirigirlo de una manera que nos lleve hacia Cristo\u00bb.<\/p>\n\n\n\n<p>Lo que llama la atenci\u00f3n al espectador de hoy es lo diminuto que parece San Francisco: era conocido por su mala salud y mala nutrici\u00f3n, y los delicados y ligeros huesos del esqueleto parecen confirmar su diminuta estatura.<\/p>\n\n\n\n<p>Para Fiorella Farina, una residente del norte de Reggio Emilia que es tan devota de San Francisco que compr\u00f3 una casa de campo en As\u00eds y llam\u00f3 a sus hijos Francesco y Francesca, la exposici\u00f3n es una oportunidad \u00fanica en la vida.<\/p>\n\n\n\n<p>\u201cSolo hablar de ello me pone la piel de gallina\u201d, dijo afuera de la bas\u00edlica. \u201cEs un evento que no pod\u00eda perderme\u201d.<\/p>\n\n\n\n<p>San Francisco, dijo, fue contra todas las normas sociales para vivir el mensaje evang\u00e9lico de paz, cuidado de los pobres y del medio ambiente.<\/p>\n\n\n\n<p>\u201cEn este momento hist\u00f3rico, lo necesitamos\u201d, dijo.<\/p>\n\n\n\n<h2 class=\"wp-block-heading\">Seguridad significativa pero discreta para proteger los huesos.<\/h2>\n\n\n\n<p>La seguridad fue estricta pero discreta el domingo por la ma\u00f1ana, cuando los primeros peregrinos pasaron por los detectores de metales antes de entrar en la bas\u00edlica. La polic\u00eda se neg\u00f3 a proporcionar detalles, pero afirm\u00f3 que se estaban utilizando agentes adicionales, perros rastreadores, polic\u00edas vestidos de civil, c\u00e1maras de televisi\u00f3n y otras medidas para proteger las reliquias.<\/p>\n\n\n\n<p>Dada la historia del cuerpo de San Francisco, tales medidas parecen apropiadas.<\/p>\n\n\n\n<p>Incluso antes de morir, San Francisco hab\u00eda ganado tal reputaci\u00f3n de santidad que viaj\u00f3 con una escolta armada cuando hizo su regreso definitivo a As\u00eds, dijo el hermano William Short, profesor de espiritualidad cristiana en la Escuela Franciscana de Teolog\u00eda de la Universidad de San Diego.<\/p>\n\n\n\n<p>Tambi\u00e9n hay referencias en relatos contempor\u00e1neos de personas que intentaron agarrar partes de su t\u00fanica mientras pasaba a caballo, creyendo que sus reliquias podr\u00edan ayudar a curar a los enfermos o prevenir calamidades, dijo Short en una entrevista en la residencia franciscana en Roma, donde dirige un centro internacional de estudios franciscanos.<\/p>\n\n\n\n<p>Cuando San Francisco falleci\u00f3 el 3 de octubre de 1226, fue enterrado inicialmente en una peque\u00f1a iglesia de As\u00eds, San Giorgio. Dos a\u00f1os despu\u00e9s, el papa Gregorio IX lo canoniz\u00f3 y coloc\u00f3 la primera piedra de una bas\u00edlica para albergar su tumba.<\/p>\n\n\n\n<p>Pero en v\u00edsperas del traslado, el ayudante de confianza de San Francisco, el hermano El\u00edas, tom\u00f3 el cuerpo y lo enterr\u00f3 en secreto en la bas\u00edlica, temiendo que lo robaran, dijo Short. El cuerpo permaneci\u00f3 all\u00ed, oculto en una columna, pero sin marcar, hasta 1818. Fue entonces cuando las excavaciones descubrieron los restos y el papa P\u00edo VII confirm\u00f3 que los huesos pertenec\u00edan a San Francisco.<\/p>\n\n\n\n<p>\u201cEra una cuesti\u00f3n de seguridad y econom\u00eda\u201d, explic\u00f3 Short. \u201cSi tienes un santo importante, un santo nuevo \u2014y este hombre ten\u00eda el potencial de ser un santo realmente importante\u2014, quien se quede con el cuerpo se lleva a los peregrinos\u201d.<\/p>\n\n\n\n<p>Y ahora As\u00eds los tiene, y a montones.<\/p>\n\n\n\n<p>Algunas personas se inscribieron para visitar las reliquias cuando se anunci\u00f3 por primera vez la exposici\u00f3n en octubre, y fueron asignadas a turnos de 10 minutos a partir del domingo por la ma\u00f1ana.<\/p>\n\n\n\n<p>Silvanella Tamos viaj\u00f3 a As\u00eds desde Pordenone, al norte de Venecia, con un grupo de 54 personas de su di\u00f3cesis. Hab\u00edan tenido uno de los primeros turnos el domingo, a las 9:30 a. m.<\/p>\n\n\n\n<p>\u00abEs un cuerpo vivo\u00bb, dijo. \u00abNo es un cuerpo muerto. Todav\u00eda tiene mucho que decirnos hoy\u00bb, a\u00f1adi\u00f3.<\/p>\n\n\n\n<p>___<\/p>\n\n\n\n<p>Winfield inform\u00f3 desde Roma.<\/p>\n\n\n\n<p>___<\/p>\n\n\n\n<p>La cobertura religiosa de Associated Press recibe apoyo a trav\u00e9s de la&nbsp;<a href=\"https:\/\/bit.ly\/ap-twir\" target=\"_blank\" rel=\"noreferrer noopener\">colaboraci\u00f3n<\/a>&nbsp;de AP con The Conversation US, con financiaci\u00f3n de Lilly Endowment Inc. AP es la \u00fanica responsable de este contenido<\/p>\n\n\n\n<p>Fuente: <a href=\"https:\/\/apnews.com\/article\/italy-assisi-pope-relics-st-francis-bones-f27251df916424e83c5a007c746f3477\">https:\/\/apnews.com\/article\/italy-assisi-pope-relics-st-francis-bones-f27251df916424e83c5a007c746f3477<\/a><\/p>\n","protected":false},"excerpt":{"rendered":"<p>Por\u00a0NICOLE WINFIELD\u00a0y\u00a0GREGORIO BORGIA \/ AP AS\u00cdS, Italia (AP) \u2014 Los huesos de&nbsp;San Francisco de As\u00eds&nbsp;fueron exhibidos al p\u00fablico por primera [&hellip;]<\/p>\n","protected":false},"author":1,"featured_media":117156,"comment_status":"open","ping_status":"open","sticky":false,"template":"","format":"standard","meta":{"site-sidebar-layout":"default","site-content-layout":"","ast-site-content-layout":"default","site-content-style":"default","site-sidebar-style":"default","ast-global-header-display":"","ast-banner-title-visibility":"","ast-main-header-display":"","ast-hfb-above-header-display":"","ast-hfb-below-header-display":"","ast-hfb-mobile-header-display":"","site-post-title":"","ast-breadcrumbs-content":"","ast-featured-img":"","footer-sml-layout":"","theme-transparent-header-meta":"","adv-header-id-meta":"","stick-header-meta":"","header-above-stick-meta":"","header-main-stick-meta":"","header-below-stick-meta":"","astra-migrate-meta-layouts":"default","ast-page-background-enabled":"default","ast-page-background-meta":{"desktop":{"background-color":"var(--ast-global-color-4)","background-image":"","background-repeat":"repeat","background-position":"center center","background-size":"auto","background-attachment":"scroll","background-type":"","background-media":"","overlay-type":"","overlay-color":"","overlay-opacity":"","overlay-gradient":""},"tablet":{"background-color":"","background-image":"","background-repeat":"repeat","background-position":"center center","background-size":"auto","background-attachment":"scroll","background-type":"","background-media":"","overlay-type":"","overlay-color":"","overlay-opacity":"","overlay-gradient":""},"mobile":{"background-color":"","background-image":"","background-repeat":"repeat","background-position":"center center","background-size":"auto","background-attachment":"scroll","background-type":"","background-media":"","overlay-type":"","overlay-color":"","overlay-opacity":"","overlay-gradient":""}},"ast-content-background-meta":{"desktop":{"background-color":"var(--ast-global-color-5)","background-image":"","background-repeat":"repeat","background-position":"center center","background-size":"auto","background-attachment":"scroll","background-type":"","background-media":"","overlay-type":"","overlay-color":"","overlay-opacity":"","overlay-gradient":""},"tablet":{"background-color":"var(--ast-global-color-5)","background-image":"","background-repeat":"repeat","background-position":"center center","background-size":"auto","background-attachment":"scroll","background-type":"","background-media":"","overlay-type":"","overlay-color":"","overlay-opacity":"","overlay-gradient":""},"mobile":{"background-color":"var(--ast-global-color-5)","background-image":"","background-repeat":"repeat","background-position":"center center","background-size":"auto","background-attachment":"scroll","background-type":"","background-media":"","overlay-type":"","overlay-color":"","overlay-opacity":"","overlay-gradient":""}},"footnotes":""},"categories":[8],"tags":[46517,31165],"class_list":["post-117155","post","type-post","status-publish","format-standard","has-post-thumbnail","hentry","category-noticias","tag-reliquias-de-san-francisco-de-asis","tag-san-francisco-de-asis"],"_links":{"self":[{"href":"https:\/\/losperiodistas.com.mx\/portal\/wp-json\/wp\/v2\/posts\/117155","targetHints":{"allow":["GET"]}}],"collection":[{"href":"https:\/\/losperiodistas.com.mx\/portal\/wp-json\/wp\/v2\/posts"}],"about":[{"href":"https:\/\/losperiodistas.com.mx\/portal\/wp-json\/wp\/v2\/types\/post"}],"author":[{"embeddable":true,"href":"https:\/\/losperiodistas.com.mx\/portal\/wp-json\/wp\/v2\/users\/1"}],"replies":[{"embeddable":true,"href":"https:\/\/losperiodistas.com.mx\/portal\/wp-json\/wp\/v2\/comments?post=117155"}],"version-history":[{"count":1,"href":"https:\/\/losperiodistas.com.mx\/portal\/wp-json\/wp\/v2\/posts\/117155\/revisions"}],"predecessor-version":[{"id":117157,"href":"https:\/\/losperiodistas.com.mx\/portal\/wp-json\/wp\/v2\/posts\/117155\/revisions\/117157"}],"wp:featuredmedia":[{"embeddable":true,"href":"https:\/\/losperiodistas.com.mx\/portal\/wp-json\/wp\/v2\/media\/117156"}],"wp:attachment":[{"href":"https:\/\/losperiodistas.com.mx\/portal\/wp-json\/wp\/v2\/media?parent=117155"}],"wp:term":[{"taxonomy":"category","embeddable":true,"href":"https:\/\/losperiodistas.com.mx\/portal\/wp-json\/wp\/v2\/categories?post=117155"},{"taxonomy":"post_tag","embeddable":true,"href":"https:\/\/losperiodistas.com.mx\/portal\/wp-json\/wp\/v2\/tags?post=117155"}],"curies":[{"name":"wp","href":"https:\/\/api.w.org\/{rel}","templated":true}]}}