{"id":11715,"date":"2021-08-17T18:48:08","date_gmt":"2021-08-17T23:48:08","guid":{"rendered":"http:\/\/losperiodistas.com.mx\/portal\/?p=11715"},"modified":"2021-08-17T18:48:09","modified_gmt":"2021-08-17T23:48:09","slug":"barrio-de-analco-obras-de-mantenimiento-y-preservacion","status":"publish","type":"post","link":"https:\/\/losperiodistas.com.mx\/portal\/barrio-de-analco-obras-de-mantenimiento-y-preservacion\/","title":{"rendered":"Barrio de Analco obras de mantenimiento y preservaci\u00f3n"},"content":{"rendered":"\n<p style=\"font-size:18px\"><em>Se realizar\u00e1 el retiro y reemplazo de 12 palmeras que se encuentran \u201cmuertes en pie\u201d a causa de una infecci\u00f3n por fitoplasma<\/em>, anuncia el Ayuntamiento de Puebla<\/p>\n\n\n\n<figure class=\"wp-block-image size-large\"><img fetchpriority=\"high\" decoding=\"async\" width=\"1024\" height=\"689\" src=\"https:\/\/losperiodistas.com.mx\/portal\/wp-content\/uploads\/2021\/08\/Captura-de-Pantalla-2021-08-17-a-las-18.43.23-1024x689.jpg\" alt=\"\" class=\"wp-image-11716\" srcset=\"https:\/\/losperiodistas.com.mx\/portal\/wp-content\/uploads\/2021\/08\/Captura-de-Pantalla-2021-08-17-a-las-18.43.23-1024x689.jpg 1024w, https:\/\/losperiodistas.com.mx\/portal\/wp-content\/uploads\/2021\/08\/Captura-de-Pantalla-2021-08-17-a-las-18.43.23-300x202.jpg 300w, https:\/\/losperiodistas.com.mx\/portal\/wp-content\/uploads\/2021\/08\/Captura-de-Pantalla-2021-08-17-a-las-18.43.23-768x517.jpg 768w, https:\/\/losperiodistas.com.mx\/portal\/wp-content\/uploads\/2021\/08\/Captura-de-Pantalla-2021-08-17-a-las-18.43.23-1536x1034.jpg 1536w, https:\/\/losperiodistas.com.mx\/portal\/wp-content\/uploads\/2021\/08\/Captura-de-Pantalla-2021-08-17-a-las-18.43.23.jpg 1628w\" sizes=\"(max-width: 1024px) 100vw, 1024px\" \/><\/figure>\n\n\n\n<p class=\"has-vivid-cyan-blue-color has-text-color has-medium-font-size\">REDACCI\u00d3N<\/p>\n\n\n\n<p>Este d\u00eda, el Ayuntamiento de Puebla anunci\u00f3 el arranque de una Macro jornada de servicios en el barrio de Analco, con la finalidad de consolidar el rescate de espacios p\u00fablicos, zonas de esparcimiento y \u00e1reas verdes de la zona, para el disfrute de las familias poblanas.\u00a0<\/p>\n\n\n\n<p>Sobre la creaci\u00f3n de mejores entornos de convivencia comunitaria, la Presidenta Municipal, Claudia Rivera Vivanco, declar\u00f3 esencial el trabajo colectivo con la ciudadan\u00eda para impulsar din\u00e1micas de empat\u00eda, colaboraci\u00f3n y de pertenencia en actividades de desarrollo sostenible.\u00a0<\/p>\n\n\n\n<p>Durante cinco d\u00edas, la Comuna ejecutar\u00e1 m\u00e1s de 10 acciones intersecretariales a favor de la dignificaci\u00f3n de las calles 3, 5, 7 y 9 Oriente, del Boulevard 5 de Mayo a la calle 18 Sur.\u00a0\u00a0<\/p>\n\n\n\n<p>Las actividades de rehabilitaci\u00f3n arrancaron el d\u00eda de ayer con el mantenimiento de fuentes en el Puente de Ovando y el Parque de Analco. Seguido del despliegue de servicios de poda, barrido, chapeo y aplicaci\u00f3n de hipoclorito en los jardines de Analco, camellones y zonas de comida, para este d\u00eda martes.\u00a0<\/p>\n\n\n\n<p>El mi\u00e9rcoles se dar\u00e1 mantenimiento a los puntos de luz que as\u00ed lo requieran, de un parque lum\u00ednico de 524 postes. El jueves, se acercar\u00e1n las brigadas de vacunaci\u00f3n antirr\u00e1bica para mascotas, en un horario de 10 a 14 horas.\u00a0<\/p>\n\n\n\n<p>El viernes, para el cierre de esta macro jornada de intervenci\u00f3n, se ejecutar\u00e1 el lavado a profundidad de la zona de comida de Analco, as\u00ed como labores de pintura en banquetas y para se\u00f1alamientos horizontales, de 9 a 14 horas. Todo esto, de la mano de vecinas, vecinos y locatarios.\u00a0<\/p>\n\n\n\n<p>El viernes tambi\u00e9n ser\u00e1 d\u00eda de bacheo y habr\u00e1 un taller de reciclado a las 10 horas, pl\u00e1ticas de preservaci\u00f3n de especies arb\u00f3reas a las 12 horas y capacitaciones en agricultura urbana a las 14 horas.\u00a0\u00a0<\/p>\n\n\n\n<p>De igual forma, a partir de este lunes y hasta el viernes se realizar\u00e1 el retiro y reemplazo de 12 palmeras que se encuentran \u201cmuertes en pie\u201d a causa de una infecci\u00f3n por fitoplasma. Esta medida se ejecuta con la finalidad de mitigar riesgos por una posible ca\u00edda de alguna de estas estructuras arb\u00f3reas.\u00a0<\/p>\n\n\n\n<p>Los 12 espec\u00edmenes ser\u00e1n sustituidos con jacarandas, magnolias y patas de vaca, a fin de repoblar la zona con agentes verdes que contribuyan a la captaci\u00f3n de carbono.\u00a0<\/p>\n\n\n\n<p>A lo largo de la semana, tambi\u00e9n se contar\u00e1 con el apoyo del equipo de barrido manual y mec\u00e1nico de naranjitas para realizar la limpieza de calles.\u00a0<\/p>\n\n\n\n<p>En estos trabajos de recuperaci\u00f3n del espacio p\u00fablico en el barrio de Analco se suman la Secretar\u00eda de Infraestructura y Servicios P\u00fablicos (SISP), la Secretar\u00eda de Desarrollo Urbano y Sustentabilidad (SEDUS) y el Organismo Operador del Servicio de Limpia (OOSL).<\/p>\n\n\n\n<p>Fuente: https:\/\/www.pueblacapital.gob.mx\/noticias\/noticias-destacadas\/item\/15233-ayuntamiento-de-puebla-intervendra-barrio-de-analco-con-trabajos-de-mantenimiento-y-preservacion<\/p>\n","protected":false},"excerpt":{"rendered":"<p>Se realizar\u00e1 el retiro y reemplazo de 12 palmeras que se encuentran \u201cmuertes en pie\u201d a causa de una infecci\u00f3n [&hellip;]<\/p>\n","protected":false},"author":1,"featured_media":11716,"comment_status":"open","ping_status":"open","sticky":false,"template":"","format":"standard","meta":{"site-sidebar-layout":"default","site-content-layout":"","ast-site-content-layout":"default","site-content-style":"default","site-sidebar-style":"default","ast-global-header-display":"","ast-banner-title-visibility":"","ast-main-header-display":"","ast-hfb-above-header-display":"","ast-hfb-below-header-display":"","ast-hfb-mobile-header-display":"","site-post-title":"","ast-breadcrumbs-content":"","ast-featured-img":"","footer-sml-layout":"","theme-transparent-header-meta":"","adv-header-id-meta":"","stick-header-meta":"","header-above-stick-meta":"","header-main-stick-meta":"","header-below-stick-meta":"","astra-migrate-meta-layouts":"default","ast-page-background-enabled":"default","ast-page-background-meta":{"desktop":{"background-color":"var(--ast-global-color-4)","background-image":"","background-repeat":"repeat","background-position":"center center","background-size":"auto","background-attachment":"scroll","background-type":"","background-media":"","overlay-type":"","overlay-color":"","overlay-opacity":"","overlay-gradient":""},"tablet":{"background-color":"","background-image":"","background-repeat":"repeat","background-position":"center center","background-size":"auto","background-attachment":"scroll","background-type":"","background-media":"","overlay-type":"","overlay-color":"","overlay-opacity":"","overlay-gradient":""},"mobile":{"background-color":"","background-image":"","background-repeat":"repeat","background-position":"center center","background-size":"auto","background-attachment":"scroll","background-type":"","background-media":"","overlay-type":"","overlay-color":"","overlay-opacity":"","overlay-gradient":""}},"ast-content-background-meta":{"desktop":{"background-color":"var(--ast-global-color-5)","background-image":"","background-repeat":"repeat","background-position":"center center","background-size":"auto","background-attachment":"scroll","background-type":"","background-media":"","overlay-type":"","overlay-color":"","overlay-opacity":"","overlay-gradient":""},"tablet":{"background-color":"var(--ast-global-color-5)","background-image":"","background-repeat":"repeat","background-position":"center center","background-size":"auto","background-attachment":"scroll","background-type":"","background-media":"","overlay-type":"","overlay-color":"","overlay-opacity":"","overlay-gradient":""},"mobile":{"background-color":"var(--ast-global-color-5)","background-image":"","background-repeat":"repeat","background-position":"center center","background-size":"auto","background-attachment":"scroll","background-type":"","background-media":"","overlay-type":"","overlay-color":"","overlay-opacity":"","overlay-gradient":""}},"footnotes":""},"categories":[8],"tags":[3317,3319,3318],"class_list":["post-11715","post","type-post","status-publish","format-standard","has-post-thumbnail","hentry","category-noticias","tag-barrio-de-analco","tag-fitoplasma","tag-palmeras-muertas-en-pie"],"_links":{"self":[{"href":"https:\/\/losperiodistas.com.mx\/portal\/wp-json\/wp\/v2\/posts\/11715","targetHints":{"allow":["GET"]}}],"collection":[{"href":"https:\/\/losperiodistas.com.mx\/portal\/wp-json\/wp\/v2\/posts"}],"about":[{"href":"https:\/\/losperiodistas.com.mx\/portal\/wp-json\/wp\/v2\/types\/post"}],"author":[{"embeddable":true,"href":"https:\/\/losperiodistas.com.mx\/portal\/wp-json\/wp\/v2\/users\/1"}],"replies":[{"embeddable":true,"href":"https:\/\/losperiodistas.com.mx\/portal\/wp-json\/wp\/v2\/comments?post=11715"}],"version-history":[{"count":1,"href":"https:\/\/losperiodistas.com.mx\/portal\/wp-json\/wp\/v2\/posts\/11715\/revisions"}],"predecessor-version":[{"id":11717,"href":"https:\/\/losperiodistas.com.mx\/portal\/wp-json\/wp\/v2\/posts\/11715\/revisions\/11717"}],"wp:featuredmedia":[{"embeddable":true,"href":"https:\/\/losperiodistas.com.mx\/portal\/wp-json\/wp\/v2\/media\/11716"}],"wp:attachment":[{"href":"https:\/\/losperiodistas.com.mx\/portal\/wp-json\/wp\/v2\/media?parent=11715"}],"wp:term":[{"taxonomy":"category","embeddable":true,"href":"https:\/\/losperiodistas.com.mx\/portal\/wp-json\/wp\/v2\/categories?post=11715"},{"taxonomy":"post_tag","embeddable":true,"href":"https:\/\/losperiodistas.com.mx\/portal\/wp-json\/wp\/v2\/tags?post=11715"}],"curies":[{"name":"wp","href":"https:\/\/api.w.org\/{rel}","templated":true}]}}