{"id":117144,"date":"2026-02-22T05:27:46","date_gmt":"2026-02-22T11:27:46","guid":{"rendered":"https:\/\/losperiodistas.com.mx\/portal\/?p=117144"},"modified":"2026-02-22T09:54:36","modified_gmt":"2026-02-22T15:54:36","slug":"uan-francisco-sigler-expreso-politico-en-cuba-la-represion-esta-a-la-orden-del-dia-yo-he-sido-torturado-y-si-tenemos-que-morir-manana-morimos-pero-hay-que-decir-la-verdad-del-pais-cope","status":"publish","type":"post","link":"https:\/\/losperiodistas.com.mx\/portal\/uan-francisco-sigler-expreso-politico-en-cuba-la-represion-esta-a-la-orden-del-dia-yo-he-sido-torturado-y-si-tenemos-que-morir-manana-morimos-pero-hay-que-decir-la-verdad-del-pais-cope\/","title":{"rendered":"Juan Francisco Sigler, expreso pol\u00edtico en Cuba: \u00abLa represi\u00f3n est\u00e1 a la orden del d\u00eda; yo he sido torturado, y si tenemos que morir ma\u00f1ana, morimos, pero hay que decir la verdad del pa\u00eds\u00bb | COPE"},"content":{"rendered":"\n<h2 class=\"wp-block-heading\">Un expreso pol\u00edtico detalla la desintegraci\u00f3n de la isla entre apagones de 20 horas, escasez generalizada y una represi\u00f3n que ahoga a la poblaci\u00f3n<\/h2>\n\n\n\n<figure class=\"wp-block-image size-large\"><img fetchpriority=\"high\" decoding=\"async\" width=\"1024\" height=\"576\" src=\"https:\/\/losperiodistas.com.mx\/portal\/wp-content\/uploads\/2026\/02\/698651b567296-1024x576.webp\" alt=\"\" class=\"wp-image-117145\" srcset=\"https:\/\/losperiodistas.com.mx\/portal\/wp-content\/uploads\/2026\/02\/698651b567296-1024x576.webp 1024w, https:\/\/losperiodistas.com.mx\/portal\/wp-content\/uploads\/2026\/02\/698651b567296-300x169.webp 300w, https:\/\/losperiodistas.com.mx\/portal\/wp-content\/uploads\/2026\/02\/698651b567296-768x432.webp 768w, https:\/\/losperiodistas.com.mx\/portal\/wp-content\/uploads\/2026\/02\/698651b567296.webp 1536w\" sizes=\"(max-width: 1024px) 100vw, 1024px\" \/><\/figure>\n\n\n\n<figure class=\"wp-block-audio\"><audio controls src=\"https:\/\/losperiodistas.com.mx\/portal\/wp-content\/uploads\/2026\/02\/Ug_nynmuBK-VyRS64Fudb.mp3\"><\/audio><\/figure>\n\n\n\n<p class=\"has-vivid-red-color has-text-color has-link-color has-medium-font-size wp-elements-02239a5cb7da6fac01835320f1b1e8a5\"><strong>Ana Rum\u00ed \/ COPE<\/strong><\/p>\n\n\n\n<p>La situaci\u00f3n en&nbsp;<strong>Cuba<\/strong>&nbsp;es cr\u00edtica. El endurecimiento del&nbsp;<strong>bloqueo mar\u00edtimo<\/strong>&nbsp;por parte de&nbsp;<strong>Estados Unidos<\/strong>, que impide la llegada de combustible, junto a una gesti\u00f3n interna fallida, ha sumido a la isla en una&nbsp;<strong>pobreza y escasez<\/strong>&nbsp;sin precedentes. As\u00ed lo ha descrito el expreso pol\u00edtico cubano&nbsp;<strong>Juan Francisco Sigler<\/strong>&nbsp;desde Matanzas, en una entrevista&nbsp;<a href=\"https:\/\/www.cope.es\/programas\/fin-de-semana\">en el programa &#8216;<strong>Fin de Semana<\/strong>&#8216;&nbsp;<\/a>de COPE con&nbsp;<strong>Cristina L\u00f3pez Schlichting<\/strong>, donde ha afirmado que \u00ab<strong>aqu\u00ed no se vive, aqu\u00ed lo que se sobrevive cada d\u00eda, es una lucha constante<\/strong>\u201d.<\/p>\n\n\n\n<h4 class=\"wp-block-heading\">Sobre Cuba<\/h4>\n\n\n\n<figure class=\"wp-block-image\"><img decoding=\"async\" src=\"https:\/\/imagenes.cope.es\/files\/webp_328_184\/uploads\/2026\/02\/19\/6997340e3aac3.jpeg\" alt=\"\"\/><\/figure>\n\n\n\n<h3 class=\"wp-block-heading\"><\/h3>\n\n\n\n<h3 class=\"wp-block-heading\"><a href=\"https:\/\/www.cope.es\/religion\/hoy-en-dia\/iglesia-espanola\/noticias\/mario-cubano-residente-espana-vine-destrozado-situacion-caotica-falta-electricidad-hayamos-perdido-alegria-vivir-20260219_3311493.html\">Mario, cubano residente en Espa\u00f1a: \u201cVine destrozado, la situaci\u00f3n es ca\u00f3tica. La falta de electricidad hace que hayamos perdido la alegr\u00eda de vivir\u00bb<\/a><\/h3>\n\n\n\n<p>La vida diaria es un desaf\u00edo may\u00fasculo para los cubanos. Sigler ha relatado que \u00ab<strong>pr\u00e1cticamente no hay comida, no hay medicinas<\/strong>\u00bb y que los&nbsp;<strong>hospitales est\u00e1n colapsados<\/strong>, sucios y sin recursos. A esto se suma la ausencia de&nbsp;<strong>transporte p\u00fablico<\/strong>&nbsp;por la falta de combustible y un acceso al&nbsp;<strong>agua potable<\/strong>&nbsp;muy limitado, con zonas como&nbsp;<strong>Matanzas<\/strong>&nbsp;que sufren cortes de hasta&nbsp;<strong>15 d\u00edas<\/strong>.<\/p>\n\n\n\n<h3 class=\"wp-block-heading\">\u201cAqu\u00ed no se vive, se sobrevive\u201d<\/h3>\n\n\n\n<p>La crisis energ\u00e9tica es uno de los pilares del colapso. Los&nbsp;<strong>apagones el\u00e9ctricos<\/strong>&nbsp;se prolongan \u00ab<strong>de 15 y de 20 horas diarias<\/strong>\u00ab, dejando a la poblaci\u00f3n sin servicios b\u00e1sicos e incluso sin se\u00f1al de televisi\u00f3n. Esta situaci\u00f3n ha provocado la&nbsp;<strong>paralizaci\u00f3n de los centros de trabajo y educacionales<\/strong>. Adem\u00e1s, la falta de combustible afecta tambi\u00e9n al&nbsp;<strong>gas dom\u00e9stico<\/strong>, complicando a\u00fan&nbsp;<a href=\"https:\/\/www.cope.es\/religion\/hoy-en-dia\/iglesia-espanola\/noticias\/mario-cubano-residente-espana-vine-destrozado-situacion-caotica-falta-electricidad-hayamos-perdido-alegria-vivir-20260219_3311493.html\">m\u00e1s la vida en los hogares.<\/a><\/p>\n\n\n\n<p>La desintegraci\u00f3n es visible en las calles, \u00ab<strong>llenas de basura<\/strong>\u00bb por la falta de recogida, y en la econom\u00eda.&nbsp;<strong>La agricultura ca\u00f1era y no ca\u00f1era est\u00e1 paralizada<\/strong>, hasta el punto de que Cuba, hist\u00f3ricamente una potencia azucarera, ahora importa el az\u00facar que consume su gente. \u00ab<strong>De 152 centrales azucareras, solo quedan 14<\/strong>\u00ab, ha explicado Sigler, mientras las tierras f\u00e9rtiles son invadidas por el marab\u00fa, una planta espinosa.<\/p>\n\n\n\n<figure class=\"wp-block-image\"><img decoding=\"async\" src=\"https:\/\/imagenes.cope.es\/files\/content_image\/uploads\/2026\/02\/12\/698dd17527e30.webp\" alt=\"Cuba\"\/><figcaption class=\"wp-element-caption\">Cuba<\/figcaption><\/figure>\n\n\n\n<p>Para Juan Francisco Sigler, la ra\u00edz del problema no es solo el embargo estadounidense, como sostiene el r\u00e9gimen. \u00ab<strong>La actual situaci\u00f3n no es una crisis pasajera, sino una desintegraci\u00f3n total de un sistema pol\u00edtico ideol\u00f3gico que no genera riqueza<\/strong>\u00ab, ha sentenciado, calific\u00e1ndolo como \u00ab<strong>un sistema fallido<\/strong>\u00bb que \u00ab<strong>solo se dedica a la represi\u00f3n, encarcelamiento y empobrecer al pueblo<\/strong>\u201d.<\/p>\n\n\n\n<h3 class=\"wp-block-heading\">Miedo, represi\u00f3n y anhelo de cambio<\/h3>\n\n\n\n<p>El miedo es una constante en la sociedad cubana.&nbsp;<strong>La gente habla con m\u00edmicas<\/strong>\u00bb y en voz baja por temor a la represi\u00f3n de la dictadura, ha detallado el expreso pol\u00edtico, quien ha sufrido torturas en prisi\u00f3n. A pesar de ello, asegura que alza la voz porque \u00ab<strong>hay que decir la verdad de del pa\u00eds<\/strong>\u00bb y buscar&nbsp;<a href=\"https:\/\/www.cope.es\/programas\/la-linterna\/el-foco\/audios\/trump-busca-cuba-cambio-regimen-negociado-modelo-espana-transicion-pacifica-permita-democratizacion-meses-anos-20260220_3312443.html\">el bien y el progreso.<\/a><\/p>\n\n\n\n<p>El pueblo, seg\u00fan Sigler, \u00ab<strong>quiere un cambio, pero no sabe c\u00f3mo quitarse de encima a esta dictadura<\/strong>\u201d. Las demandas de la poblaci\u00f3n son claras: la&nbsp;<strong>liberaci\u00f3n de los presos pol\u00edticos<\/strong>, la celebraci\u00f3n de&nbsp;<strong>elecciones libres<\/strong>, la creaci\u00f3n de&nbsp;<strong>sindicatos independientes<\/strong>&nbsp;y una&nbsp;<strong>revisi\u00f3n constitucional<\/strong>&nbsp;que elimine el art\u00edculo que perpet\u00faa al&nbsp;<strong>Partido Comunista<\/strong>&nbsp;como fuerza \u00fanica. Tambi\u00e9n reclaman una educaci\u00f3n sin adoctrinamiento pol\u00edtico.<\/p>\n\n\n\n<h3 class=\"wp-block-heading\">La visi\u00f3n desde el exilio y la ayuda exterior<\/h3>\n\n\n\n<p>La crisis ha provocado un \u00e9xodo y ha movilizado a la comunidad internacional. El ministro de Exteriores espa\u00f1ol,&nbsp;<strong>Jos\u00e9 Manuel Albares<\/strong>, ha acordado con su hom\u00f3logo cubano prestar&nbsp;<strong>ayuda humanitaria<\/strong>&nbsp;a la isla. Mientras, los&nbsp;<strong>obispos cubanos<\/strong>&nbsp;han mostrado su preocupaci\u00f3n y han hecho un llamamiento al di\u00e1logo con&nbsp;<strong>Estados Unidos<\/strong>.<\/p>\n\n\n\n<figure class=\"wp-block-image\"><img decoding=\"async\" src=\"https:\/\/imagenes.cope.es\/files\/content_image\/uploads\/2025\/10\/02\/68de2a5655af6.jpeg\" alt=\"El ministro de Asuntos Exteriores, Uni\u00f3n Europea y Cooperaci\u00f3n, Jos\u00e9 Manuel Albares\"\/><figcaption class=\"wp-element-caption\">Carlos LujanEl ministro de Asuntos Exteriores, Uni\u00f3n Europea y Cooperaci\u00f3n, Jos\u00e9 Manuel Albares<\/figcaption><\/figure>\n\n\n\n<p>El testimonio de los que se han marchado, como Mario, un cubano de&nbsp;<strong>53 a\u00f1os<\/strong>&nbsp;que se instal\u00f3 en A Coru\u00f1a en 2023, confirma la gravedad de la situaci\u00f3n. Tras una visita reciente a la isla, relata que volvi\u00f3 \u00abdestrozado\u00bb. La falta de electricidad y combustible, lamenta, \u00ab<strong>hace que se pierda la esencia m\u00e1s linda que tienen los cubanos, que es la alegr\u00eda de vivir<\/strong>\u201d.<\/p>\n\n\n\n<p>Mario ha rehecho su vida en Espa\u00f1a gracias a&nbsp;<strong>C\u00e1ritas<\/strong>, donde ha realizado cursos de formaci\u00f3n que le han permitido trabajar como jefe de cocina. Define a la organizaci\u00f3n como su \u00ab<strong>hogar<\/strong>\u00bb y su \u00ab<strong>familia<\/strong>\u00ab, un apoyo fundamental en su proceso de integraci\u00f3n. \u00ab<strong>El lema que llevo guardado en m\u00ed es que si tocas una puerta se abre<\/strong>\u00ab, ha se\u00f1alado agradecido.<\/p>\n\n\n\n<p>Fuente: <a href=\"https:\/\/www.cope.es\/programas\/fin-de-semana\/noticias\/juan-francisco-sigler-expreso-politico-cuba-represion-orden-dia-he-sido-torturado-morir-manana-morimos-hay-decir-verdad-pais-20260222_3312664.html\">https:\/\/www.cope.es\/programas\/fin-de-semana\/noticias\/juan-francisco-sigler-expreso-politico-cuba-represion-orden-dia-he-sido-torturado-morir-manana-morimos-hay-decir-verdad-pais-20260222_3312664.html<\/a><\/p>\n","protected":false},"excerpt":{"rendered":"<p>Un expreso pol\u00edtico detalla la desintegraci\u00f3n de la isla entre apagones de 20 horas, escasez generalizada y una represi\u00f3n que [&hellip;]<\/p>\n","protected":false},"author":1,"featured_media":117145,"comment_status":"open","ping_status":"open","sticky":false,"template":"","format":"standard","meta":{"site-sidebar-layout":"default","site-content-layout":"","ast-site-content-layout":"default","site-content-style":"default","site-sidebar-style":"default","ast-global-header-display":"","ast-banner-title-visibility":"","ast-main-header-display":"","ast-hfb-above-header-display":"","ast-hfb-below-header-display":"","ast-hfb-mobile-header-display":"","site-post-title":"","ast-breadcrumbs-content":"","ast-featured-img":"","footer-sml-layout":"","theme-transparent-header-meta":"","adv-header-id-meta":"","stick-header-meta":"","header-above-stick-meta":"","header-main-stick-meta":"","header-below-stick-meta":"","astra-migrate-meta-layouts":"default","ast-page-background-enabled":"default","ast-page-background-meta":{"desktop":{"background-color":"var(--ast-global-color-4)","background-image":"","background-repeat":"repeat","background-position":"center center","background-size":"auto","background-attachment":"scroll","background-type":"","background-media":"","overlay-type":"","overlay-color":"","overlay-opacity":"","overlay-gradient":""},"tablet":{"background-color":"","background-image":"","background-repeat":"repeat","background-position":"center center","background-size":"auto","background-attachment":"scroll","background-type":"","background-media":"","overlay-type":"","overlay-color":"","overlay-opacity":"","overlay-gradient":""},"mobile":{"background-color":"","background-image":"","background-repeat":"repeat","background-position":"center center","background-size":"auto","background-attachment":"scroll","background-type":"","background-media":"","overlay-type":"","overlay-color":"","overlay-opacity":"","overlay-gradient":""}},"ast-content-background-meta":{"desktop":{"background-color":"var(--ast-global-color-5)","background-image":"","background-repeat":"repeat","background-position":"center center","background-size":"auto","background-attachment":"scroll","background-type":"","background-media":"","overlay-type":"","overlay-color":"","overlay-opacity":"","overlay-gradient":""},"tablet":{"background-color":"var(--ast-global-color-5)","background-image":"","background-repeat":"repeat","background-position":"center center","background-size":"auto","background-attachment":"scroll","background-type":"","background-media":"","overlay-type":"","overlay-color":"","overlay-opacity":"","overlay-gradient":""},"mobile":{"background-color":"var(--ast-global-color-5)","background-image":"","background-repeat":"repeat","background-position":"center center","background-size":"auto","background-attachment":"scroll","background-type":"","background-media":"","overlay-type":"","overlay-color":"","overlay-opacity":"","overlay-gradient":""}},"footnotes":""},"categories":[8],"tags":[2682,46512,46511],"class_list":["post-117144","post","type-post","status-publish","format-standard","has-post-thumbnail","hentry","category-noticias","tag-crisis-cuba","tag-juan-francisco-sigler","tag-presos-politicos-cuba"],"_links":{"self":[{"href":"https:\/\/losperiodistas.com.mx\/portal\/wp-json\/wp\/v2\/posts\/117144","targetHints":{"allow":["GET"]}}],"collection":[{"href":"https:\/\/losperiodistas.com.mx\/portal\/wp-json\/wp\/v2\/posts"}],"about":[{"href":"https:\/\/losperiodistas.com.mx\/portal\/wp-json\/wp\/v2\/types\/post"}],"author":[{"embeddable":true,"href":"https:\/\/losperiodistas.com.mx\/portal\/wp-json\/wp\/v2\/users\/1"}],"replies":[{"embeddable":true,"href":"https:\/\/losperiodistas.com.mx\/portal\/wp-json\/wp\/v2\/comments?post=117144"}],"version-history":[{"count":2,"href":"https:\/\/losperiodistas.com.mx\/portal\/wp-json\/wp\/v2\/posts\/117144\/revisions"}],"predecessor-version":[{"id":117167,"href":"https:\/\/losperiodistas.com.mx\/portal\/wp-json\/wp\/v2\/posts\/117144\/revisions\/117167"}],"wp:featuredmedia":[{"embeddable":true,"href":"https:\/\/losperiodistas.com.mx\/portal\/wp-json\/wp\/v2\/media\/117145"}],"wp:attachment":[{"href":"https:\/\/losperiodistas.com.mx\/portal\/wp-json\/wp\/v2\/media?parent=117144"}],"wp:term":[{"taxonomy":"category","embeddable":true,"href":"https:\/\/losperiodistas.com.mx\/portal\/wp-json\/wp\/v2\/categories?post=117144"},{"taxonomy":"post_tag","embeddable":true,"href":"https:\/\/losperiodistas.com.mx\/portal\/wp-json\/wp\/v2\/tags?post=117144"}],"curies":[{"name":"wp","href":"https:\/\/api.w.org\/{rel}","templated":true}]}}