{"id":11711,"date":"2021-08-17T18:33:53","date_gmt":"2021-08-17T23:33:53","guid":{"rendered":"http:\/\/losperiodistas.com.mx\/portal\/?p=11711"},"modified":"2021-08-17T18:33:55","modified_gmt":"2021-08-17T23:33:55","slug":"la-responsabilidad-moral-de-estados-unidos-por-la-tragedia-que-se-desarrolla-en-afganistan-the-conversation","status":"publish","type":"post","link":"https:\/\/losperiodistas.com.mx\/portal\/la-responsabilidad-moral-de-estados-unidos-por-la-tragedia-que-se-desarrolla-en-afganistan-the-conversation\/","title":{"rendered":"La responsabilidad moral de Estados Unidos por la tragedia que se desarrolla en Afganist\u00e1n | The Conversation"},"content":{"rendered":"\n<p><\/p>\n\n\n\n<figure class=\"wp-block-image size-large\"><img fetchpriority=\"high\" decoding=\"async\" width=\"1024\" height=\"322\" src=\"https:\/\/losperiodistas.com.mx\/portal\/wp-content\/uploads\/2021\/08\/Captura-de-Pantalla-2021-08-17-a-las-18.32.35-1024x322.jpg\" alt=\"\" class=\"wp-image-11713\" srcset=\"https:\/\/losperiodistas.com.mx\/portal\/wp-content\/uploads\/2021\/08\/Captura-de-Pantalla-2021-08-17-a-las-18.32.35-1024x322.jpg 1024w, https:\/\/losperiodistas.com.mx\/portal\/wp-content\/uploads\/2021\/08\/Captura-de-Pantalla-2021-08-17-a-las-18.32.35-300x94.jpg 300w, https:\/\/losperiodistas.com.mx\/portal\/wp-content\/uploads\/2021\/08\/Captura-de-Pantalla-2021-08-17-a-las-18.32.35-768x241.jpg 768w, https:\/\/losperiodistas.com.mx\/portal\/wp-content\/uploads\/2021\/08\/Captura-de-Pantalla-2021-08-17-a-las-18.32.35-1536x483.jpg 1536w, https:\/\/losperiodistas.com.mx\/portal\/wp-content\/uploads\/2021\/08\/Captura-de-Pantalla-2021-08-17-a-las-18.32.35-2048x644.jpg 2048w\" sizes=\"(max-width: 1024px) 100vw, 1024px\" \/><figcaption>Thousands of Afghans rushed to Kabul\u2019s airport trying to flee the country as the Taliban seized power.\u00a0<a href=\"https:\/\/www.gettyimages.com\/detail\/news-photo\/afghan-people-sit-as-they-wait-to-leave-the-kabul-airport-news-photo\/1234713733?adppopup=true\">Wakil Kohsar \/ AFP via Getty Images<\/a><\/figcaption><\/figure>\n\n\n\n<p class=\"has-vivid-cyan-blue-color has-text-color has-medium-font-size\">MICHAEL BLAKE \/ THE CONVERSATION<\/p>\n\n\n\n<p><a href=\"https:\/\/time.com\/6090523\/biden-afghanistan-withdrawal-taliban\/\">Escenas<\/a>&nbsp;ca\u00f3ticas&nbsp;<a href=\"https:\/\/time.com\/6090523\/biden-afghanistan-withdrawal-taliban\/\">en Kabul<\/a>&nbsp;acompa\u00f1aron el regreso al poder de los talibanes en Afganist\u00e1n.&nbsp;El grupo fundamentalista isl\u00e1mico pudo retomar el poder despu\u00e9s de la decisi\u00f3n del presidente Joe Biden de retirar las tropas estadounidenses restantes del pa\u00eds.<\/p>\n\n\n\n<p>La retirada pone fin a casi&nbsp;<a href=\"https:\/\/www.cfr.org\/timeline\/us-war-afghanistan\">20 a\u00f1os de presencia militar estadounidense en Afganist\u00e1n<\/a>&nbsp;.<\/p>\n\n\n\n<p>Sin la perspectiva continua de apoyo militar estadounidense, el gobierno afgano respaldado por Washington cay\u00f3 r\u00e1pidamente, y el 15 de agosto de 2021, los talibanes declararon la creaci\u00f3n de un nuevo orden pol\u00edtico, el&nbsp;<a href=\"https:\/\/www.washingtonpost.com\/world\/2021\/08\/15\/afghanistan-taliban-islamic-emirate\/\">Emirato Isl\u00e1mico de Afganist\u00e1n<\/a>&nbsp;.<\/p>\n\n\n\n<p>La retirada fue&nbsp;<a href=\"https:\/\/www.thechicagocouncil.org\/commentary-and-analysis\/blogs\/us-public-supports-withdrawal-afghanistan\">muy popular<\/a>&nbsp;en Estados Unidos, cuando&nbsp;<a href=\"https:\/\/www.whitehouse.gov\/briefing-room\/speeches-remarks\/2021\/04\/14\/remarks-by-president-biden-on-the-way-forward-in-afghanistan\/\">Biden la anunci\u00f3 por<\/a>&nbsp;primera&nbsp;<a href=\"https:\/\/www.whitehouse.gov\/briefing-room\/speeches-remarks\/2021\/04\/14\/remarks-by-president-biden-on-the-way-forward-in-afghanistan\/\">vez<\/a>&nbsp;el 14 de abril: la mayor\u00eda de los estadounidenses, independientemente de su afiliaci\u00f3n pol\u00edtica, estaban a favor del fin de la presencia militar en Afganist\u00e1n.<\/p>\n\n\n\n<p>Sin embargo, la retirada ha tra\u00eddo&nbsp;<a href=\"https:\/\/www.wsj.com\/articles\/taliban-kabul-afghanistan-next-11629146114\">costos significativos<\/a>&nbsp;para el pueblo de Afganist\u00e1n.&nbsp;Los talibanes han demostrado estar dispuestos a cometer violaciones generalizadas de los derechos humanos b\u00e1sicos, en particular,&nbsp;<a href=\"https:\/\/www.theatlantic.com\/international\/archive\/2021\/08\/the-talibans-return-is-awful-for-women-in-afghanistan\/619765\/\">los derechos humanos de las mujeres<\/a>&nbsp;.&nbsp;Es probable que la decisi\u00f3n de retirarse provoque un enorme sufrimiento en los pr\u00f3ximos a\u00f1os.&nbsp;Sin embargo, una decisi\u00f3n hipot\u00e9tica de permanecer en Afganist\u00e1n tambi\u00e9n habr\u00eda generado importantes costos morales: esa decisi\u00f3n continuar\u00eda poniendo en peligro a los soldados estadounidenses.&nbsp;Como&nbsp;<a href=\"https:\/\/phil.washington.edu\/people\/michael-blake\">fil\u00f3sofo pol\u00edtico<\/a>&nbsp;cuyo trabajo se centra en los asuntos internacionales, he intentado comprender c\u00f3mo se podr\u00eda aplicar el razonamiento \u00e9tico a tales casos.<\/p>\n\n\n\n<p>La primera pregunta \u00e9tica, y la m\u00e1s importante, podr\u00eda ser: \u00bfestaba justificado Estados Unidos al retirar sus tropas?<\/p>\n\n\n\n<p>Una segunda pregunta podr\u00eda involucrar preguntar acerca de c\u00f3mo los males morales que est\u00e1n surgiendo ahora en Afganist\u00e1n deber\u00edan pesar sobre la conciencia estadounidense.&nbsp;\u00bfDeber\u00edan los l\u00edderes pol\u00edticos estadounidenses considerar estos errores como, de alguna manera, responsabilidad suya?<\/p>\n\n\n\n<p>En t\u00e9rminos m\u00e1s generales, \u00bfes a veces posible que, al hacer lo mejor disponible, seamos culpables de hacer algo moralmente incorrecto?<\/p>\n\n\n\n<h2 class=\"wp-block-heading\">Poder y tragedia moral<\/h2>\n\n\n\n<p>A muchos fil\u00f3sofos no les ha gustado la idea de que alguien pueda tomar la mejor decisi\u00f3n disponible y, sin embargo, se piense que ha cometido un error moral.&nbsp;<a href=\"https:\/\/plato.stanford.edu\/entries\/kant\/\">Immanuel Kant<\/a>&nbsp;, por ejemplo, pens\u00f3 que esta visi\u00f3n estaba fundamentalmente en conflicto con los prop\u00f3sitos de la moralidad, que es decirle a la gente qu\u00e9 es lo que deben hacer.<\/p>\n\n\n\n<p>Si una teor\u00eda moral nos dijera que a veces no tenemos ninguna opci\u00f3n abierta que no implique hacer el mal, entonces esa teor\u00eda a veces implicar\u00eda que incluso un agente moral perfecto podr\u00eda terminar convirti\u00e9ndose en un malhechor.<\/p>\n\n\n\n<p>Ese tipo de teor\u00eda significar\u00eda que podr\u00eda haber situaciones en las que no podr\u00edamos evitar hacer el mal.&nbsp;Si tuvi\u00e9ramos la mala suerte de terminar en esas situaciones, ser\u00edamos responsables de las malas acciones debido a esta mala suerte.&nbsp;Kant pens\u00f3 que este tipo de \u00bb&nbsp;<a href=\"https:\/\/plato.stanford.edu\/entries\/moral-luck\/\">suerte moral<\/a>&nbsp;\u00bb era simplemente inveros\u00edmil.&nbsp;Para Kant, si hacemos lo mejor, podemos considerar que hemos evitado&nbsp;<a href=\"https:\/\/doi.org\/10.1111\/j.1467-9833.2010.01507.x\">hacer el mal<\/a>&nbsp;.<\/p>\n\n\n\n<p>Otros fil\u00f3sofos, sin embargo, se han mostrado m\u00e1s dispuestos a considerar la posibilidad de&nbsp;<a href=\"https:\/\/doi.org\/10.1017\/CBO9780511817915\">una tragedia moral<\/a>&nbsp;, que se entiende como un estado de cosas en el que todas las opciones que se nos presentan implican una falta moral grave.<\/p>\n\n\n\n<p><a href=\"https:\/\/www.ias.edu\/scholars\/walzer\">Michael Walzer<\/a>&nbsp;, fil\u00f3sofo del Instituto de Estudios Avanzados de Princeton, Nueva Jersey, sostiene que aquellos que ejercen poder sobre los dem\u00e1s a menudo se encuentran incapaces de hacer el bien a unos sin hacer&nbsp;<a href=\"https:\/\/www.jstor.org\/stable\/2265139\">un da\u00f1o grave a los dem\u00e1s<\/a>&nbsp;.&nbsp;En lugar de pensar que el bien que hacen supera al mal, argumenta Walzer, los individuos deber\u00edan aceptar que el mal sigue siendo un mal genuino.<\/p>\n\n\n\n<p>Por ejemplo, el pol\u00edtico que debe llegar a un acuerdo con un colega corrupto para ayudar a proteger a los ni\u00f1os vulnerables hace mal en nombre de un bien mayor.&nbsp;Este individuo hace todo lo posible pero, sin embargo, mancha su alma al hacerlo.<\/p>\n\n\n\n<p>Desde este punto de vista, los pol\u00edticos que act\u00faan mal mientras tratan de hacer lo correcto pueden hacer lo mejor, pero tambi\u00e9n debe entenderse que han actuado mal y que han manchado sus conciencias al hacerlo.&nbsp;Para Walzer, es dif\u00edcil que una persona sea buena en pol\u00edtica y genuinamente buena.<\/p>\n\n\n\n<h2 class=\"wp-block-heading\">Afganist\u00e1n y la responsabilidad moral<\/h2>\n\n\n\n<p>Si Walzer tiene raz\u00f3n sobre los pol\u00edticos, su an\u00e1lisis tambi\u00e9n podr\u00eda ayudar a comprender la moralidad de las relaciones internacionales y la moralidad de la decisi\u00f3n estadounidense de retirarse de Afganist\u00e1n.<\/p>\n\n\n\n<figure class=\"wp-block-image\"><a href=\"https:\/\/images.theconversation.com\/files\/411721\/original\/file-20210716-21-pg13rl.jpg?ixlib=rb-1.1.0&amp;q=45&amp;auto=format&amp;w=1000&amp;fit=clip\"><img decoding=\"async\" src=\"https:\/\/images.theconversation.com\/files\/411721\/original\/file-20210716-21-pg13rl.jpg?ixlib=rb-1.1.0&amp;q=45&amp;auto=format&amp;w=754&amp;fit=clip\" alt=\"Las ni\u00f1as afganas estudian ciencias en una escuela secundaria para ni\u00f1as dirigida por el gobierno.\"\/><\/a><figcaption>\u00bfCu\u00e1l es el futuro de las mujeres y las ni\u00f1as bajo el gobierno de los talibanes?&nbsp;<a href=\"https:\/\/www.gettyimages.com\/detail\/news-photo\/govt-girls-high-school-class-in-science-re-threat-of-news-photo\/50604139?adppopup=true\">Robert Nickelsberg \/ Getty Images<\/a><\/figcaption><\/figure>\n\n\n\n<p>Tomado en este contexto, los beneficios de la abstinencia pueden haber sido suficientes para convertirlo en el acto correcto.&nbsp;Sin embargo, las violaciones de derechos humanos que ahora probablemente seguir\u00e1n despu\u00e9s de esta retirada son genuinamente err\u00f3neas y se atribuyen con raz\u00f3n a los Estados Unidos.<\/p>\n\n\n\n<p>Es probable que las mujeres y ni\u00f1as de Afganist\u00e1n enfrenten abusos, y los habitantes de Afganist\u00e1n probablemente enfrentar\u00e1n una violencia significativa a medida que los talibanes buscan reafirmar su visi\u00f3n de&nbsp;<a href=\"https:\/\/www.washingtonpost.com\/world\/2021\/08\/15\/afghanistan-taliban-islamic-emirate\/\">la ley religiosa<\/a>&nbsp;.&nbsp;Esto deber\u00eda preocupar a los pol\u00edticos que&nbsp;<a href=\"https:\/\/www.whitehouse.gov\/briefing-room\/speeches-remarks\/2021\/07\/08\/remarks-by-president-biden-on-the-drawdown-of-u-s-forces-in-afghanistan\/\">defendieron la retirada<\/a>&nbsp;y a los votantes que dieron poder a esos pol\u00edticos.<\/p>\n\n\n\n<p>[&nbsp;<em>Eres inteligente y tienes curiosidad por el mundo.&nbsp;Tambi\u00e9n lo son los autores y editores de The Conversation.&nbsp;<\/em><a href=\"https:\/\/theconversation.com\/us\/newsletters\/the-daily-3?utm_source=TCUS&amp;utm_medium=inline-link&amp;utm_campaign=newsletter-text&amp;utm_content=youresmart\">Puede leernos a diario suscribi\u00e9ndose a nuestro bolet\u00edn de noticias<\/a>&nbsp;.]<\/p>\n\n\n\n<p>Esta visi\u00f3n de la pol\u00edtica internacional se refleja en el consejo del exsecretario de Estado Colin Powell al entonces presidente George W. Bush sobre la invasi\u00f3n de Irak, codificado como la \u00bb&nbsp;<a href=\"https:\/\/www.google.com\/books\/edition\/The_Ethics_of_Armed_Humanitarian_Interve\/33c9AwAAQBAJ?hl=en&amp;gbpv=1&amp;dq=pottery+barn+rule&amp;printsec=frontcover\">regla de Pottery Barn<\/a>&nbsp;\u00bb despu\u00e9s de la pol\u00edtica percibida de la tienda: si \u00abla rompes, comprado.\u00bb&nbsp;Es decir: si te conviertes en el gobernante de los dem\u00e1s, eres responsable de ellos, y lo que les suceda deber\u00eda estar en tu conciencia.<\/p>\n\n\n\n<p>Hay al menos dos cosas que podr\u00edan seguir a esta visi\u00f3n moral.&nbsp;La primera es que, incluso si la retirada implica hacerse cargo de algunos errores morales, Estados Unidos tiene la obligaci\u00f3n de garantizar que se minimice.<\/p>\n\n\n\n<p>Por lo tanto, podr\u00eda estar obligado a brindar refugio a aquellas personas que han corrido riesgos particulares en nombre de los Estados Unidos, como los&nbsp;<a href=\"https:\/\/www.npr.org\/2021\/06\/19\/1004991965\/afghan-interpreters-who-await-visas-after-helping-the-u-s-now-fear-for-their-liv\">traductores que trabajaron en las bases militares<\/a>&nbsp;dentro del territorio afgano y han sido blanco de los talibanes por su trabajo.<\/p>\n\n\n\n<p>La segunda es, en t\u00e9rminos m\u00e1s generales, que Estados Unidos trata de evitar entrar en situaciones tan tr\u00e1gicas moralmente en el futuro.&nbsp;Si el an\u00e1lisis de Walzer es correcto, podr\u00eda ser imposible evitar situaciones en las que Estados Unidos sea responsable de graves errores morales.&nbsp;Tener poder sobre otros siempre implica el riesgo de mala suerte moral, y Estados Unidos tiene&nbsp;<a href=\"https:\/\/www.bbc.co.uk\/bitesize\/guides\/z6frqp3\/revision\/2\">un poder excepcional<\/a>&nbsp;en la comunidad global.<\/p>\n\n\n\n<p>Pero al menos podr\u00eda esperarse que Estados Unidos, en conflictos futuros, tenga en cuenta lo que el fil\u00f3sofo&nbsp;<a href=\"https:\/\/uwaterloo.ca\/philosophy\/people-profiles\/brian-orend\">Brian Orend<\/a>&nbsp;llama&nbsp;<a href=\"https:\/\/doi.org\/10.1111\/j.1747-7093.2002.tb00374.x\">justicia despu\u00e9s de la guerra<\/a>&nbsp;y entre en tales conflictos solo con cierta claridad sobre c\u00f3mo y cu\u00e1ndo terminarlos bien.<\/p>\n\n\n\n<p><em>Esta es una\u00a0<a href=\"https:\/\/theconversation.com\/why-the-us-wont-be-able-to-shirk-moral-responsibility-in-leaving-afghanistan-164474\">versi\u00f3n actualizada de un art\u00edculo publicado<\/a>\u00a0por\u00a0<a href=\"https:\/\/theconversation.com\/why-the-us-wont-be-able-to-shirk-moral-responsibility-in-leaving-afghanistan-164474\">primera vez<\/a>\u00a0el 20 de junio de 2021.<\/em><\/p>\n\n\n\n<p><a href=\"https:\/\/theconversation.com\/profiles\/michael-blake-444133\">Michael Blake<\/a>: Profesor de Filosof\u00eda, Pol\u00edticas P\u00fablicas y Gobernanza, Universidad de Washington<\/p>\n\n\n\n<p>Fuente: https:\/\/theconversation.com\/americas-moral-responsibility-for-the-tragedy-unfolding-in-afghanistan-166242<\/p>\n","protected":false},"excerpt":{"rendered":"<p>MICHAEL BLAKE \/ THE CONVERSATION Escenas&nbsp;ca\u00f3ticas&nbsp;en Kabul&nbsp;acompa\u00f1aron el regreso al poder de los talibanes en Afganist\u00e1n.&nbsp;El grupo fundamentalista isl\u00e1mico pudo [&hellip;]<\/p>\n","protected":false},"author":1,"featured_media":11712,"comment_status":"open","ping_status":"open","sticky":false,"template":"","format":"standard","meta":{"site-sidebar-layout":"default","site-content-layout":"","ast-site-content-layout":"default","site-content-style":"default","site-sidebar-style":"default","ast-global-header-display":"","ast-banner-title-visibility":"","ast-main-header-display":"","ast-hfb-above-header-display":"","ast-hfb-below-header-display":"","ast-hfb-mobile-header-display":"","site-post-title":"","ast-breadcrumbs-content":"","ast-featured-img":"","footer-sml-layout":"","theme-transparent-header-meta":"","adv-header-id-meta":"","stick-header-meta":"","header-above-stick-meta":"","header-main-stick-meta":"","header-below-stick-meta":"","astra-migrate-meta-layouts":"default","ast-page-background-enabled":"default","ast-page-background-meta":{"desktop":{"background-color":"var(--ast-global-color-4)","background-image":"","background-repeat":"repeat","background-position":"center center","background-size":"auto","background-attachment":"scroll","background-type":"","background-media":"","overlay-type":"","overlay-color":"","overlay-opacity":"","overlay-gradient":""},"tablet":{"background-color":"","background-image":"","background-repeat":"repeat","background-position":"center center","background-size":"auto","background-attachment":"scroll","background-type":"","background-media":"","overlay-type":"","overlay-color":"","overlay-opacity":"","overlay-gradient":""},"mobile":{"background-color":"","background-image":"","background-repeat":"repeat","background-position":"center center","background-size":"auto","background-attachment":"scroll","background-type":"","background-media":"","overlay-type":"","overlay-color":"","overlay-opacity":"","overlay-gradient":""}},"ast-content-background-meta":{"desktop":{"background-color":"var(--ast-global-color-5)","background-image":"","background-repeat":"repeat","background-position":"center center","background-size":"auto","background-attachment":"scroll","background-type":"","background-media":"","overlay-type":"","overlay-color":"","overlay-opacity":"","overlay-gradient":""},"tablet":{"background-color":"var(--ast-global-color-5)","background-image":"","background-repeat":"repeat","background-position":"center center","background-size":"auto","background-attachment":"scroll","background-type":"","background-media":"","overlay-type":"","overlay-color":"","overlay-opacity":"","overlay-gradient":""},"mobile":{"background-color":"var(--ast-global-color-5)","background-image":"","background-repeat":"repeat","background-position":"center center","background-size":"auto","background-attachment":"scroll","background-type":"","background-media":"","overlay-type":"","overlay-color":"","overlay-opacity":"","overlay-gradient":""}},"footnotes":""},"categories":[8],"tags":[3228,3316],"class_list":["post-11711","post","type-post","status-publish","format-standard","has-post-thumbnail","hentry","category-noticias","tag-afganistan","tag-biden-talibanes"],"_links":{"self":[{"href":"https:\/\/losperiodistas.com.mx\/portal\/wp-json\/wp\/v2\/posts\/11711","targetHints":{"allow":["GET"]}}],"collection":[{"href":"https:\/\/losperiodistas.com.mx\/portal\/wp-json\/wp\/v2\/posts"}],"about":[{"href":"https:\/\/losperiodistas.com.mx\/portal\/wp-json\/wp\/v2\/types\/post"}],"author":[{"embeddable":true,"href":"https:\/\/losperiodistas.com.mx\/portal\/wp-json\/wp\/v2\/users\/1"}],"replies":[{"embeddable":true,"href":"https:\/\/losperiodistas.com.mx\/portal\/wp-json\/wp\/v2\/comments?post=11711"}],"version-history":[{"count":1,"href":"https:\/\/losperiodistas.com.mx\/portal\/wp-json\/wp\/v2\/posts\/11711\/revisions"}],"predecessor-version":[{"id":11714,"href":"https:\/\/losperiodistas.com.mx\/portal\/wp-json\/wp\/v2\/posts\/11711\/revisions\/11714"}],"wp:featuredmedia":[{"embeddable":true,"href":"https:\/\/losperiodistas.com.mx\/portal\/wp-json\/wp\/v2\/media\/11712"}],"wp:attachment":[{"href":"https:\/\/losperiodistas.com.mx\/portal\/wp-json\/wp\/v2\/media?parent=11711"}],"wp:term":[{"taxonomy":"category","embeddable":true,"href":"https:\/\/losperiodistas.com.mx\/portal\/wp-json\/wp\/v2\/categories?post=11711"},{"taxonomy":"post_tag","embeddable":true,"href":"https:\/\/losperiodistas.com.mx\/portal\/wp-json\/wp\/v2\/tags?post=11711"}],"curies":[{"name":"wp","href":"https:\/\/api.w.org\/{rel}","templated":true}]}}