{"id":1171,"date":"2020-11-14T09:19:12","date_gmt":"2020-11-14T15:19:12","guid":{"rendered":"http:\/\/losperiodistas.com.mx\/portal\/?p=1171"},"modified":"2020-11-14T09:19:12","modified_gmt":"2020-11-14T15:19:12","slug":"la-pandemia-de-covid-obliga-a-introducir-importantes-cambios-en-el-proximo-consistorio","status":"publish","type":"post","link":"https:\/\/losperiodistas.com.mx\/portal\/la-pandemia-de-covid-obliga-a-introducir-importantes-cambios-en-el-proximo-consistorio\/","title":{"rendered":"La pandemia de Covid obliga a introducir importantes cambios en el pr\u00f3ximo Consistorio"},"content":{"rendered":"\n<p class=\"has-vivid-cyan-blue-color has-text-color has-medium-font-size\">ACI PRENSA<\/p>\n\n\n\n<p>El 28 de noviembre, dentro de algo m\u00e1s de dos semanas, tendr\u00e1 lugar en el Vaticano el s\u00e9ptimo consistorio del Pontificado del Papa Francisco en el que el Santo Padre crear\u00e1 13 nuevos Cardenales de la Iglesia. De ellos, 9 tienen menos de 80 a\u00f1os y, por lo tanto, ser\u00e1n electores en el futuro c\u00f3nclave del que saldr\u00e1 elegido el sucesor de Francisco en la Sede de Pedro.<\/p>\n\n\n\n<p>Estos eventos siempre est\u00e1n revestidos de la solemnidad que merecen, sin embargo, en esta ocasi\u00f3n, debido a las medidas sanitarias impuestas para combatir la pandemia de coronavirus, la celebraci\u00f3n ser\u00e1 muy diferente a la de otros a\u00f1os.<\/p>\n\n\n\n<p>De los 13 futuros cardenales, dos de ellos ya han comunicado que no se podr\u00e1n desplazar a Roma y, por lo tanto, recibir\u00e1n el birrete p\u00farpura en su sede. Son Mons. Cornelius Sim, Vicarios Apost\u00f3lico de Brunei, y Mons. Jos\u00e9 Fuerte Advincula, Arzobispo de Capiz. Al los otros 11 se les espera en Roma.<\/p>\n\n\n\n<p>Como suele ser habitual, lo m\u00e1s probable es que sea el propio Papa Francisco quien presida el Consistorio en el Altar de la C\u00e1tedra, en la Bas\u00edlica de San Pedro, donde celebra todas las ceremonias pontificias desde que se desat\u00f3 la actual pandemia de coronavirus.<\/p>\n\n\n\n<p>Esa ser\u00e1 otra de las diferencias respecto a los anteriores Consistorios, ya que siempre se han celebrado en el Altar de la Confesi\u00f3n de la Bas\u00edlica Vaticana.<\/p>\n\n\n\n<p>S\u00ed que se producir\u00e1 la entrega del birrete y del anillo cardenalicio, siguiendo la tradici\u00f3n, no as\u00ed el abrazo de paz con el Papa y con los dem\u00e1s Cardenales.<\/p>\n\n\n\n<p>S\u00ed que es probable que asistan al Consistorio todos los Cardenales de la Curia Romana y los dem\u00e1s Cardenales residentes en Roma. Por \u00faltimo, se prev\u00e9 que el besamanos que sol\u00eda producirse despu\u00e9s del Consistorios se anular\u00e1.<\/p>\n\n\n\n<p><em>Nota traducida y adaptada por Miguel P\u00e9rez Pichel. Publicada originalmente en\u00a0<a href=\"https:\/\/www.acistampa.com\/story\/concistoro-la-pandemia-modifica-la-celebrazione-15532\">ACI Stampa<\/a><\/em><\/p>\n\n\n\n<p>Fuente: https:\/\/www.aciprensa.com\/noticias\/la-pandemia-de-covid-obliga-a-introducir-importantes-cambios-en-el-proximo-consistorio-31606<\/p>\n","protected":false},"excerpt":{"rendered":"<p>ACI PRENSA El 28 de noviembre, dentro de algo m\u00e1s de dos semanas, tendr\u00e1 lugar en el Vaticano el s\u00e9ptimo [&hellip;]<\/p>\n","protected":false},"author":1,"featured_media":1172,"comment_status":"open","ping_status":"open","sticky":false,"template":"","format":"standard","meta":{"site-sidebar-layout":"default","site-content-layout":"","ast-site-content-layout":"default","site-content-style":"default","site-sidebar-style":"default","ast-global-header-display":"","ast-banner-title-visibility":"","ast-main-header-display":"","ast-hfb-above-header-display":"","ast-hfb-below-header-display":"","ast-hfb-mobile-header-display":"","site-post-title":"","ast-breadcrumbs-content":"","ast-featured-img":"","footer-sml-layout":"","theme-transparent-header-meta":"","adv-header-id-meta":"","stick-header-meta":"","header-above-stick-meta":"","header-main-stick-meta":"","header-below-stick-meta":"","astra-migrate-meta-layouts":"default","ast-page-background-enabled":"default","ast-page-background-meta":{"desktop":{"background-color":"var(--ast-global-color-4)","background-image":"","background-repeat":"repeat","background-position":"center center","background-size":"auto","background-attachment":"scroll","background-type":"","background-media":"","overlay-type":"","overlay-color":"","overlay-opacity":"","overlay-gradient":""},"tablet":{"background-color":"","background-image":"","background-repeat":"repeat","background-position":"center center","background-size":"auto","background-attachment":"scroll","background-type":"","background-media":"","overlay-type":"","overlay-color":"","overlay-opacity":"","overlay-gradient":""},"mobile":{"background-color":"","background-image":"","background-repeat":"repeat","background-position":"center center","background-size":"auto","background-attachment":"scroll","background-type":"","background-media":"","overlay-type":"","overlay-color":"","overlay-opacity":"","overlay-gradient":""}},"ast-content-background-meta":{"desktop":{"background-color":"var(--ast-global-color-5)","background-image":"","background-repeat":"repeat","background-position":"center center","background-size":"auto","background-attachment":"scroll","background-type":"","background-media":"","overlay-type":"","overlay-color":"","overlay-opacity":"","overlay-gradient":""},"tablet":{"background-color":"var(--ast-global-color-5)","background-image":"","background-repeat":"repeat","background-position":"center center","background-size":"auto","background-attachment":"scroll","background-type":"","background-media":"","overlay-type":"","overlay-color":"","overlay-opacity":"","overlay-gradient":""},"mobile":{"background-color":"var(--ast-global-color-5)","background-image":"","background-repeat":"repeat","background-position":"center center","background-size":"auto","background-attachment":"scroll","background-type":"","background-media":"","overlay-type":"","overlay-color":"","overlay-opacity":"","overlay-gradient":""}},"footnotes":""},"categories":[8],"tags":[],"class_list":["post-1171","post","type-post","status-publish","format-standard","has-post-thumbnail","hentry","category-noticias"],"_links":{"self":[{"href":"https:\/\/losperiodistas.com.mx\/portal\/wp-json\/wp\/v2\/posts\/1171","targetHints":{"allow":["GET"]}}],"collection":[{"href":"https:\/\/losperiodistas.com.mx\/portal\/wp-json\/wp\/v2\/posts"}],"about":[{"href":"https:\/\/losperiodistas.com.mx\/portal\/wp-json\/wp\/v2\/types\/post"}],"author":[{"embeddable":true,"href":"https:\/\/losperiodistas.com.mx\/portal\/wp-json\/wp\/v2\/users\/1"}],"replies":[{"embeddable":true,"href":"https:\/\/losperiodistas.com.mx\/portal\/wp-json\/wp\/v2\/comments?post=1171"}],"version-history":[{"count":1,"href":"https:\/\/losperiodistas.com.mx\/portal\/wp-json\/wp\/v2\/posts\/1171\/revisions"}],"predecessor-version":[{"id":1173,"href":"https:\/\/losperiodistas.com.mx\/portal\/wp-json\/wp\/v2\/posts\/1171\/revisions\/1173"}],"wp:featuredmedia":[{"embeddable":true,"href":"https:\/\/losperiodistas.com.mx\/portal\/wp-json\/wp\/v2\/media\/1172"}],"wp:attachment":[{"href":"https:\/\/losperiodistas.com.mx\/portal\/wp-json\/wp\/v2\/media?parent=1171"}],"wp:term":[{"taxonomy":"category","embeddable":true,"href":"https:\/\/losperiodistas.com.mx\/portal\/wp-json\/wp\/v2\/categories?post=1171"},{"taxonomy":"post_tag","embeddable":true,"href":"https:\/\/losperiodistas.com.mx\/portal\/wp-json\/wp\/v2\/tags?post=1171"}],"curies":[{"name":"wp","href":"https:\/\/api.w.org\/{rel}","templated":true}]}}