{"id":117070,"date":"2026-02-20T20:16:55","date_gmt":"2026-02-21T02:16:55","guid":{"rendered":"https:\/\/losperiodistas.com.mx\/portal\/?p=117070"},"modified":"2026-02-20T20:16:56","modified_gmt":"2026-02-21T02:16:56","slug":"dia-del-gato-2026-por-que-se-celebra-tres-veces-al-ano-esta-fecha-el-universal","status":"publish","type":"post","link":"https:\/\/losperiodistas.com.mx\/portal\/dia-del-gato-2026-por-que-se-celebra-tres-veces-al-ano-esta-fecha-el-universal\/","title":{"rendered":"D\u00eda del Gato 2026: \u00bfpor qu\u00e9 se celebra tres veces al a\u00f1o esta fecha? | El Universal"},"content":{"rendered":"\n<p>Este 20 de febrero se conmemora el D\u00eda del Gato, sin embargo, es a penas la primera de tres celebraciones a estos felinos en el a\u00f1o<\/p>\n\n\n\n<figure class=\"wp-block-image size-large\"><img fetchpriority=\"high\" decoding=\"async\" width=\"1024\" height=\"630\" src=\"https:\/\/losperiodistas.com.mx\/portal\/wp-content\/uploads\/2026\/02\/DiaDelGato-1024x630.png\" alt=\"\" class=\"wp-image-117071\" srcset=\"https:\/\/losperiodistas.com.mx\/portal\/wp-content\/uploads\/2026\/02\/DiaDelGato-1024x630.png 1024w, https:\/\/losperiodistas.com.mx\/portal\/wp-content\/uploads\/2026\/02\/DiaDelGato-300x185.png 300w, https:\/\/losperiodistas.com.mx\/portal\/wp-content\/uploads\/2026\/02\/DiaDelGato-768x473.png 768w, https:\/\/losperiodistas.com.mx\/portal\/wp-content\/uploads\/2026\/02\/DiaDelGato.png 1223w\" sizes=\"(max-width: 1024px) 100vw, 1024px\" \/><figcaption class=\"wp-element-caption\">Este 20 de febrero se conmemora el primer D\u00eda del Gato del a\u00f1o. Foto: Canva<\/figcaption><\/figure>\n\n\n\n<p class=\"has-vivid-red-color has-text-color has-link-color wp-elements-e38fd0a3689851dec04f7d7e0cac9a0b\">Nara Mu\u00f1oz \/ El Universal<\/p>\n\n\n\n<p>Este viernes, <strong>20 de febrero<\/strong>, se celebra a una de las mascotas m\u00e1s misteriosas y m\u00e1gicas, con la que millones de personas conviven a diario en el mundo: los <strong>gatos<\/strong>.<\/p>\n\n\n\n<p>Conocidos por sus <strong>peculiares personalidades<\/strong>, su <strong>curiosidad<\/strong>, su manera \u00fanica de querer y la ocasional mirada de desprecio, los michis son excelentes <strong>animales de compa\u00f1\u00eda<\/strong>, pues brindan <strong>apoyo emocional<\/strong>, <strong>reducen el estr\u00e9s<\/strong>, la <strong>ansiedad <\/strong>y la <strong>soledad<\/strong>, y se ha comprobado que incluso pueden mejorar la salud cardiovascular de sus due\u00f1os.<\/p>\n\n\n\n<p>Este <strong>D\u00eda del Gato est\u00e1<\/strong> dedicado a reconocer la importancia de estos peque\u00f1os felinos, promover su <strong>salud y bienestar<\/strong>, y <strong>concientizar <\/strong>sobre la adopci\u00f3n responsable, el respeto y la lucha contra el maltrato a los gatos.<\/p>\n\n\n\n<figure class=\"wp-block-image size-full\"><img decoding=\"async\" width=\"1006\" height=\"620\" src=\"https:\/\/losperiodistas.com.mx\/portal\/wp-content\/uploads\/2026\/02\/imagen-69.png\" alt=\"\" class=\"wp-image-117072\" srcset=\"https:\/\/losperiodistas.com.mx\/portal\/wp-content\/uploads\/2026\/02\/imagen-69.png 1006w, https:\/\/losperiodistas.com.mx\/portal\/wp-content\/uploads\/2026\/02\/imagen-69-300x185.png 300w, https:\/\/losperiodistas.com.mx\/portal\/wp-content\/uploads\/2026\/02\/imagen-69-768x473.png 768w\" sizes=\"(max-width: 1006px) 100vw, 1006px\" \/><figcaption class=\"wp-element-caption\">Conoce en qu\u00e9 otras fechas se conmemora el D\u00eda del Gato. Foto: Canva<\/figcaption><\/figure>\n\n\n\n<p>No obstante, aunque muchos creen que solo existe un d\u00eda para celebrar a los michis, la realidad es que hay <strong>tres fechas internacionales<\/strong> <strong>oficiales <\/strong>y cada una tiene un origen particular.<\/p>\n\n\n\n<h2 class=\"wp-block-heading\">\u00bfPor qu\u00e9 se celebra el D\u00eda del Gato tres veces al a\u00f1o?<\/h2>\n\n\n\n<p>El <strong>D\u00eda del Gato<\/strong> se conmemora<strong> tres veces al a\u00f1o<\/strong> \u2014el 20 de febrero, el 8 de agosto y el 29 de octubre\u2014, ya que cada ocasi\u00f3n tiene or\u00edgenes en diferentes contextos de la cultura pop. M\u00e1s que estar dedicadas a la celebraci\u00f3n de los gatos, son fechas utilizadas para <strong>visibilizar <\/strong>los <strong>problemas <\/strong>que enfrenta la especie en la sociedad, como el <strong>maltrato<\/strong>, el <strong>descuido <\/strong>y el <strong>abandono<\/strong>.<\/p>\n\n\n\n<h3 class=\"wp-block-heading\">20 de febrero<\/h3>\n\n\n\n<p>El <strong>20 de febrero<\/strong> fue instaurado como el <strong>D\u00eda del Gato<\/strong> en honor a \u00ab<em><strong>Socks<\/strong><\/em>\u00ab, el michi del expresidente estadounidense,<strong> Bill Clinton<\/strong>, quien viv\u00eda en la Casa Blanca y hac\u00eda <strong>apariciones p\u00fablicas<\/strong> junto al mandatario, convirti\u00e9ndose en una <strong>figura medi\u00e1tica muy querida<\/strong>.<\/p>\n\n\n\n<p><em>Socks <\/em>se volvi\u00f3 toda una celebridad, no solo en EU, sino en otros pa\u00edses. Sin embargo, ya que en su vejez padec\u00eda de diversas enfermedades, se tom\u00f3 la decisi\u00f3n de dormirlo y <strong>falleci\u00f3 <\/strong>el <strong>20 de febrero de 2009<\/strong>.<\/p>\n\n\n\n<p>En memoria suya, la sociedad comenz\u00f3 a conmemorarlo cada 20 de febrero y eventualmente, se convirti\u00f3 en el D\u00eda del Gato.<\/p>\n\n\n\n<figure class=\"wp-block-image size-full\"><img decoding=\"async\" width=\"930\" height=\"620\" src=\"https:\/\/losperiodistas.com.mx\/portal\/wp-content\/uploads\/2026\/02\/imagen-70.png\" alt=\"\" class=\"wp-image-117073\" srcset=\"https:\/\/losperiodistas.com.mx\/portal\/wp-content\/uploads\/2026\/02\/imagen-70.png 930w, https:\/\/losperiodistas.com.mx\/portal\/wp-content\/uploads\/2026\/02\/imagen-70-300x200.png 300w, https:\/\/losperiodistas.com.mx\/portal\/wp-content\/uploads\/2026\/02\/imagen-70-768x512.png 768w\" sizes=\"(max-width: 930px) 100vw, 930px\" \/><figcaption class=\"wp-element-caption\">El D\u00eda del Gato m\u00e1s conocido a nivel mundial es el 8 de agosto. Foto: Pexels<\/figcaption><\/figure>\n\n\n\n<h3 class=\"wp-block-heading\">8 de agosto<\/h3>\n\n\n\n<p>Fue la primera fecha dedicada a estos felinos en instaurarse, siendo establecida desde el <strong>2002 <\/strong>por el <strong>Fondo Internacional para el Bienestar Animal<\/strong> (IFAW).<\/p>\n\n\n\n<p>Tiene la finalidad de <strong>promover el cuidado<\/strong> de esta especia a nivel mundial, as\u00ed como la lucha por su <strong>respeto <\/strong>y su d<strong>erecho a la vida libre<\/strong> de <strong>violencia y maltrato<\/strong>.<\/p>\n\n\n\n<p>Es la fecha m\u00e1s conocida a nivel internacional.<\/p>\n\n\n\n<h3 class=\"wp-block-heading\">29 de octubre<\/h3>\n\n\n\n<p>Este fue el <strong>segundo D\u00eda del Gato<\/strong> en proclamarse. Se instaur\u00f3 en <strong>2005 <\/strong>por la activista y experta en el comportamiento de estos animales, <strong>Colleen Paige<\/strong>, con el objetivo de <strong>promover la adopci\u00f3n<\/strong> de <strong>gatos sin hogar<\/strong> y <strong>reducir <\/strong>la cantidad de <strong>felinos <\/strong>en <strong>situaci\u00f3n de calle<\/strong>.<\/p>\n\n\n\n<p>Se conmemora principalmente en Estados Unidos, aunque hay otros pa\u00edses que comienzan a adoptarla.<\/p>\n\n\n\n<p>Fuente: <a href=\"https:\/\/www.eluniversal.com.mx\/tendencias\/dia-del-gato-2026-por-que-se-celebra-tres-veces-al-ano-esta-fecha-conoce-la-peculiar-razon\/\" target=\"_blank\" rel=\"noreferrer noopener\">El Universal<\/a><\/p>\n\n\n\n<p><\/p>\n","protected":false},"excerpt":{"rendered":"<p>Este 20 de febrero se conmemora el D\u00eda del Gato, sin embargo, es a penas la primera de tres celebraciones a estos felinos en el a\u00f1o<\/p>\n","protected":false},"author":1,"featured_media":117071,"comment_status":"open","ping_status":"open","sticky":false,"template":"","format":"standard","meta":{"site-sidebar-layout":"default","site-content-layout":"","ast-site-content-layout":"default","site-content-style":"default","site-sidebar-style":"default","ast-global-header-display":"","ast-banner-title-visibility":"","ast-main-header-display":"","ast-hfb-above-header-display":"","ast-hfb-below-header-display":"","ast-hfb-mobile-header-display":"","site-post-title":"","ast-breadcrumbs-content":"","ast-featured-img":"","footer-sml-layout":"","theme-transparent-header-meta":"","adv-header-id-meta":"","stick-header-meta":"","header-above-stick-meta":"","header-main-stick-meta":"","header-below-stick-meta":"","astra-migrate-meta-layouts":"default","ast-page-background-enabled":"default","ast-page-background-meta":{"desktop":{"background-color":"var(--ast-global-color-4)","background-image":"","background-repeat":"repeat","background-position":"center center","background-size":"auto","background-attachment":"scroll","background-type":"","background-media":"","overlay-type":"","overlay-color":"","overlay-opacity":"","overlay-gradient":""},"tablet":{"background-color":"","background-image":"","background-repeat":"repeat","background-position":"center center","background-size":"auto","background-attachment":"scroll","background-type":"","background-media":"","overlay-type":"","overlay-color":"","overlay-opacity":"","overlay-gradient":""},"mobile":{"background-color":"","background-image":"","background-repeat":"repeat","background-position":"center center","background-size":"auto","background-attachment":"scroll","background-type":"","background-media":"","overlay-type":"","overlay-color":"","overlay-opacity":"","overlay-gradient":""}},"ast-content-background-meta":{"desktop":{"background-color":"var(--ast-global-color-5)","background-image":"","background-repeat":"repeat","background-position":"center center","background-size":"auto","background-attachment":"scroll","background-type":"","background-media":"","overlay-type":"","overlay-color":"","overlay-opacity":"","overlay-gradient":""},"tablet":{"background-color":"var(--ast-global-color-5)","background-image":"","background-repeat":"repeat","background-position":"center center","background-size":"auto","background-attachment":"scroll","background-type":"","background-media":"","overlay-type":"","overlay-color":"","overlay-opacity":"","overlay-gradient":""},"mobile":{"background-color":"var(--ast-global-color-5)","background-image":"","background-repeat":"repeat","background-position":"center center","background-size":"auto","background-attachment":"scroll","background-type":"","background-media":"","overlay-type":"","overlay-color":"","overlay-opacity":"","overlay-gradient":""}},"footnotes":""},"categories":[8],"tags":[46480,46478,46479,46476,46477],"class_list":["post-117070","post","type-post","status-publish","format-standard","has-post-thumbnail","hentry","category-noticias","tag-adopcion-responsable","tag-animales-de-compania","tag-apoyo-emocional","tag-dia-del-gato","tag-mascotas-misteriosas"],"_links":{"self":[{"href":"https:\/\/losperiodistas.com.mx\/portal\/wp-json\/wp\/v2\/posts\/117070","targetHints":{"allow":["GET"]}}],"collection":[{"href":"https:\/\/losperiodistas.com.mx\/portal\/wp-json\/wp\/v2\/posts"}],"about":[{"href":"https:\/\/losperiodistas.com.mx\/portal\/wp-json\/wp\/v2\/types\/post"}],"author":[{"embeddable":true,"href":"https:\/\/losperiodistas.com.mx\/portal\/wp-json\/wp\/v2\/users\/1"}],"replies":[{"embeddable":true,"href":"https:\/\/losperiodistas.com.mx\/portal\/wp-json\/wp\/v2\/comments?post=117070"}],"version-history":[{"count":1,"href":"https:\/\/losperiodistas.com.mx\/portal\/wp-json\/wp\/v2\/posts\/117070\/revisions"}],"predecessor-version":[{"id":117074,"href":"https:\/\/losperiodistas.com.mx\/portal\/wp-json\/wp\/v2\/posts\/117070\/revisions\/117074"}],"wp:featuredmedia":[{"embeddable":true,"href":"https:\/\/losperiodistas.com.mx\/portal\/wp-json\/wp\/v2\/media\/117071"}],"wp:attachment":[{"href":"https:\/\/losperiodistas.com.mx\/portal\/wp-json\/wp\/v2\/media?parent=117070"}],"wp:term":[{"taxonomy":"category","embeddable":true,"href":"https:\/\/losperiodistas.com.mx\/portal\/wp-json\/wp\/v2\/categories?post=117070"},{"taxonomy":"post_tag","embeddable":true,"href":"https:\/\/losperiodistas.com.mx\/portal\/wp-json\/wp\/v2\/tags?post=117070"}],"curies":[{"name":"wp","href":"https:\/\/api.w.org\/{rel}","templated":true}]}}