{"id":117061,"date":"2026-02-20T18:16:47","date_gmt":"2026-02-21T00:16:47","guid":{"rendered":"https:\/\/losperiodistas.com.mx\/portal\/?p=117061"},"modified":"2026-02-20T18:16:49","modified_gmt":"2026-02-21T00:16:49","slug":"imss-realizara-jornada-de-vacunacion-contra-sarampion-en-estas-unidades-medicas-de-puebla-ad","status":"publish","type":"post","link":"https:\/\/losperiodistas.com.mx\/portal\/imss-realizara-jornada-de-vacunacion-contra-sarampion-en-estas-unidades-medicas-de-puebla-ad\/","title":{"rendered":"IMSS realizar\u00e1 jornada de vacunaci\u00f3n contra sarampi\u00f3n en estas unidades m\u00e9dicas de Puebla\u00a0| AD"},"content":{"rendered":"\n<figure class=\"wp-block-image size-large\"><img fetchpriority=\"high\" decoding=\"async\" width=\"1024\" height=\"682\" src=\"https:\/\/losperiodistas.com.mx\/portal\/wp-content\/uploads\/2026\/02\/Vacunacion_05-1024x682.jpeg\" alt=\"\" class=\"wp-image-117062\" srcset=\"https:\/\/losperiodistas.com.mx\/portal\/wp-content\/uploads\/2026\/02\/Vacunacion_05-1024x682.jpeg 1024w, https:\/\/losperiodistas.com.mx\/portal\/wp-content\/uploads\/2026\/02\/Vacunacion_05-300x200.jpeg 300w, https:\/\/losperiodistas.com.mx\/portal\/wp-content\/uploads\/2026\/02\/Vacunacion_05-768x512.jpeg 768w, https:\/\/losperiodistas.com.mx\/portal\/wp-content\/uploads\/2026\/02\/Vacunacion_05.jpeg 1280w\" sizes=\"(max-width: 1024px) 100vw, 1024px\" \/><figcaption class=\"wp-element-caption\">Vacunaci\u00f3n vs. Sarampi\u00f3n<\/figcaption><\/figure>\n\n\n\n<p class=\"has-vivid-red-color has-text-color has-link-color wp-elements-724661c62ff66631ce4c462db3cc7525\">Eduardo Garc\u00eda \/ Alcance Diario<\/p>\n\n\n\n<p>El\u00a0<strong>IMSS<\/strong>\u00a0realizar\u00e1 una\u00a0<strong>jornada de vacunaci\u00f3n gratuita<\/strong>\u00a0contra\u00a0<strong>sarampi\u00f3n en Puebla<\/strong>\u00a0que estar\u00e1 disponible para\u00a0<strong>derechohabientes y p\u00fablico en general.<\/strong><\/p>\n\n\n\n<figure class=\"wp-block-embed is-type-rich is-provider-twitter wp-block-embed-twitter\"><div class=\"wp-block-embed__wrapper\">\n<blockquote class=\"twitter-tweet\" data-width=\"500\" data-dnt=\"true\"><p lang=\"es\" dir=\"ltr\">\ud83d\udce2Este 21 y 22 de febrero el <a href=\"https:\/\/twitter.com\/hashtag\/IMSS?src=hash&amp;ref_src=twsrc%5Etfw\">#IMSS<\/a> Puebla realizar\u00e1 una jornada de vacunaci\u00f3n contra <a href=\"https:\/\/twitter.com\/hashtag\/sarampi%C3%B3n?src=hash&amp;ref_src=twsrc%5Etfw\">#sarampi\u00f3n<\/a> para derechohabientes y poblaci\u00f3n en general en todas sus unidades y hospitales en todo el estado\ud83c\udfe5\ud83e\udee1.<br>V\u00eda: <a href=\"https:\/\/twitter.com\/LaloGarcia08_?ref_src=twsrc%5Etfw\">@LaloGarcia08_<\/a> <a href=\"https:\/\/t.co\/TUom9rF9qY\">pic.twitter.com\/TUom9rF9qY<\/a><\/p>&mdash; Alcance Diario &#8211; Noticias desde Puebla (@AlcanceDiario) <a href=\"https:\/\/twitter.com\/AlcanceDiario\/status\/2024859002966782290?ref_src=twsrc%5Etfw\">February 20, 2026<\/a><\/blockquote><script async src=\"https:\/\/platform.twitter.com\/widgets.js\" charset=\"utf-8\"><\/script>\n<\/div><\/figure>\n\n\n\n<p><strong>Cuauht\u00e9moc Flores<\/strong>\u00a0Mart\u00ednez, coordinador auxiliar de epidemiolog\u00eda de la delegaci\u00f3n del Instituto Mexicano del Seguro Social en el estado\u00a0<strong>inform\u00f3 sobre esta iniciativa<\/strong>.\u00a0<\/p>\n\n\n\n<p>Se\u00f1al\u00f3 que las dosis se aplicar\u00e1n&nbsp;<strong>este 21 y 22 de febrero<\/strong>&nbsp;en todas las unidades m\u00e9dicas en la entidad en un horario&nbsp;<strong>de 8 a 22 horas.&nbsp;<\/strong><\/p>\n\n\n\n<p>La vacunaci\u00f3n se enfocar\u00e1, principalmente,&nbsp;<strong>a ni\u00f1os de 6 a 11 meses de edad<\/strong>&nbsp;y refuerzos para menores de&nbsp;<strong>1 a 12 a\u00f1os.&nbsp;<\/strong><\/p>\n\n\n\n<p>As\u00ed como&nbsp;<strong>adolescentes y adultos de los 13 a 49 a\u00f1os<\/strong>&nbsp;sin antecedente de vacunaci\u00f3n o que tengan esquema incompleto.&nbsp;<\/p>\n\n\n\n<h2 class=\"wp-block-heading\"><strong>En estas unidades del IMSS Puebla se realizar\u00e1 la jornada de vacunaci\u00f3n<\/strong><\/h2>\n\n\n\n<p>Los&nbsp;<strong>puestos de vacunaci\u00f3n<\/strong>&nbsp;estar\u00e1n disponibles en las siguientes&nbsp;<strong>Unidades M\u00e9dicas de Tiempo Completo:&nbsp;<\/strong><\/p>\n\n\n\n<ul class=\"wp-block-list\">\n<li><strong>Puebla capital: No. 1, 2, 3, 4, 6, 7, 13, 14, 55 y 57<\/strong><\/li>\n\n\n\n<li>Tehuac\u00e1n la UMF 9 y 30<\/li>\n\n\n\n<li><strong>San Martin Texmelucan UMF 11<\/strong><\/li>\n\n\n\n<li>Cholula UMF 12\u00a0<\/li>\n\n\n\n<li><strong>Teziutl\u00e1n UMF 22\u00a0<\/strong><\/li>\n\n\n\n<li>Iz\u00facar de Matamoros UMF 24\u00a0<\/li>\n\n\n\n<li><strong>Atlixco UMF 34\u00a0<\/strong><\/li>\n\n\n\n<li>Huejotzingo UMF 41\u00a0<\/li>\n\n\n\n<li><strong>Tepeaca UMF 42\u00a0\u00a0<\/strong><\/li>\n\n\n\n<li>Xoxtla UMF 47\u00a0<\/li>\n<\/ul>\n\n\n\n<p>Tambi\u00e9n en las&nbsp;<strong>siguientes unidades m\u00e9dico-administrativas<\/strong>&nbsp;y&nbsp;<strong>sociales<\/strong>&nbsp;en un horario general de 8:00 a 20:00 horas.<\/p>\n\n\n\n<ul class=\"wp-block-list\">\n<li><strong>Hospital General de Zona (HGZ) No. 20 La Margarita<\/strong><\/li>\n\n\n\n<li>No. 35 Cuautlancingo<\/li>\n\n\n\n<li><strong>Hospital General Regional (HGR) No. 36 Carmen Serd\u00e1n Alatriste<\/strong><\/li>\n\n\n\n<li>Unidad M\u00e9dica de Alta Especialidad (UMAE)<\/li>\n\n\n\n<li><strong>Hospital de Especialidades<\/strong><\/li>\n\n\n\n<li>UMAE Hospital de Traumatolog\u00eda y Ortopedia.<\/li>\n<\/ul>\n\n\n\n<p>En el <strong>interior del estado:&nbsp;<\/strong><\/p>\n\n\n\n<ul class=\"wp-block-list\">\n<li>HGZ No. 23 en Teziutl\u00e1n<\/li>\n\n\n\n<li><strong>HGZ No. 15 en Tehuac\u00e1n<\/strong><\/li>\n\n\n\n<li>HGZ No. 5 en Metepec\u00a0<\/li>\n\n\n\n<li><strong>HGZ No. 10 Nuevo Necaxa\u00a0<\/strong><\/li>\n<\/ul>\n\n\n\n<p>As\u00ed como en los&nbsp;<strong>siete Hospitales Rurales<\/strong>&nbsp;de:<\/p>\n\n\n\n<ul class=\"wp-block-list\">\n<li><strong>La Ceiba<\/strong><\/li>\n\n\n\n<li>Zacapoaxtla<\/li>\n\n\n\n<li><strong>Chignahuapan<\/strong><\/li>\n\n\n\n<li>Ixtepec<\/li>\n\n\n\n<li><strong>El Seco<\/strong><\/li>\n\n\n\n<li>Tepexi de Rodriguez\u00a0<\/li>\n\n\n\n<li><strong>Chiautla de Tapia<\/strong><\/li>\n<\/ul>\n\n\n\n<p>Asimismo, se instalar\u00e1n&nbsp;<strong>m\u00f3dulos en las Subdelegaciones<\/strong>:<\/p>\n\n\n\n<ul class=\"wp-block-list\">\n<li><strong>Puebla Sur<\/strong><\/li>\n\n\n\n<li>Puebla Norte<\/li>\n\n\n\n<li><strong>Iz\u00facar de Matamoros<\/strong><\/li>\n\n\n\n<li>Tehuac\u00e1n<\/li>\n\n\n\n<li><strong>Teziutl\u00e1n<\/strong><\/li>\n<\/ul>\n\n\n\n<p>As\u00ed como el&nbsp;<strong>Velatorio IMSS, Tienda IMSS<\/strong>, Delegaci\u00f3n Estatal en Puebla, Centro Vacacional&nbsp;<strong>Atlixco Metepec<\/strong>, Centros de&nbsp;<strong>Seguridad Social<\/strong>&nbsp;y Centros de&nbsp;<strong>Extensi\u00f3n de Conocimientos.<\/strong><\/p>\n\n\n\n<p>Fuente: <a href=\"https:\/\/www.alcancediario.mx\/portada\/imss-realizara-jornada-de-vacunacion-contra-sarampion-en-estas-unidades-medicas-de-puebla\/\" target=\"_blank\" rel=\"noreferrer noopener\">Alcance Diario<\/a><\/p>\n","protected":false},"excerpt":{"rendered":"<p>Eduardo Garc\u00eda \/ Alcance Diario El\u00a0IMSS\u00a0realizar\u00e1 una\u00a0jornada de vacunaci\u00f3n gratuita\u00a0contra\u00a0sarampi\u00f3n en Puebla\u00a0que estar\u00e1 disponible para\u00a0derechohabientes y p\u00fablico en general. Cuauht\u00e9moc [&hellip;]<\/p>\n","protected":false},"author":1,"featured_media":117062,"comment_status":"open","ping_status":"open","sticky":false,"template":"","format":"standard","meta":{"site-sidebar-layout":"default","site-content-layout":"","ast-site-content-layout":"default","site-content-style":"default","site-sidebar-style":"default","ast-global-header-display":"","ast-banner-title-visibility":"","ast-main-header-display":"","ast-hfb-above-header-display":"","ast-hfb-below-header-display":"","ast-hfb-mobile-header-display":"","site-post-title":"","ast-breadcrumbs-content":"","ast-featured-img":"","footer-sml-layout":"","theme-transparent-header-meta":"","adv-header-id-meta":"","stick-header-meta":"","header-above-stick-meta":"","header-main-stick-meta":"","header-below-stick-meta":"","astra-migrate-meta-layouts":"default","ast-page-background-enabled":"default","ast-page-background-meta":{"desktop":{"background-color":"var(--ast-global-color-4)","background-image":"","background-repeat":"repeat","background-position":"center center","background-size":"auto","background-attachment":"scroll","background-type":"","background-media":"","overlay-type":"","overlay-color":"","overlay-opacity":"","overlay-gradient":""},"tablet":{"background-color":"","background-image":"","background-repeat":"repeat","background-position":"center center","background-size":"auto","background-attachment":"scroll","background-type":"","background-media":"","overlay-type":"","overlay-color":"","overlay-opacity":"","overlay-gradient":""},"mobile":{"background-color":"","background-image":"","background-repeat":"repeat","background-position":"center center","background-size":"auto","background-attachment":"scroll","background-type":"","background-media":"","overlay-type":"","overlay-color":"","overlay-opacity":"","overlay-gradient":""}},"ast-content-background-meta":{"desktop":{"background-color":"var(--ast-global-color-5)","background-image":"","background-repeat":"repeat","background-position":"center center","background-size":"auto","background-attachment":"scroll","background-type":"","background-media":"","overlay-type":"","overlay-color":"","overlay-opacity":"","overlay-gradient":""},"tablet":{"background-color":"var(--ast-global-color-5)","background-image":"","background-repeat":"repeat","background-position":"center center","background-size":"auto","background-attachment":"scroll","background-type":"","background-media":"","overlay-type":"","overlay-color":"","overlay-opacity":"","overlay-gradient":""},"mobile":{"background-color":"var(--ast-global-color-5)","background-image":"","background-repeat":"repeat","background-position":"center center","background-size":"auto","background-attachment":"scroll","background-type":"","background-media":"","overlay-type":"","overlay-color":"","overlay-opacity":"","overlay-gradient":""}},"footnotes":""},"categories":[8],"tags":[3916,46466,36826,46467],"class_list":["post-117061","post","type-post","status-publish","format-standard","has-post-thumbnail","hentry","category-noticias","tag-imss","tag-jornada-de-vacunacion","tag-sarampion","tag-vacunacion-gratuita"],"_links":{"self":[{"href":"https:\/\/losperiodistas.com.mx\/portal\/wp-json\/wp\/v2\/posts\/117061","targetHints":{"allow":["GET"]}}],"collection":[{"href":"https:\/\/losperiodistas.com.mx\/portal\/wp-json\/wp\/v2\/posts"}],"about":[{"href":"https:\/\/losperiodistas.com.mx\/portal\/wp-json\/wp\/v2\/types\/post"}],"author":[{"embeddable":true,"href":"https:\/\/losperiodistas.com.mx\/portal\/wp-json\/wp\/v2\/users\/1"}],"replies":[{"embeddable":true,"href":"https:\/\/losperiodistas.com.mx\/portal\/wp-json\/wp\/v2\/comments?post=117061"}],"version-history":[{"count":1,"href":"https:\/\/losperiodistas.com.mx\/portal\/wp-json\/wp\/v2\/posts\/117061\/revisions"}],"predecessor-version":[{"id":117063,"href":"https:\/\/losperiodistas.com.mx\/portal\/wp-json\/wp\/v2\/posts\/117061\/revisions\/117063"}],"wp:featuredmedia":[{"embeddable":true,"href":"https:\/\/losperiodistas.com.mx\/portal\/wp-json\/wp\/v2\/media\/117062"}],"wp:attachment":[{"href":"https:\/\/losperiodistas.com.mx\/portal\/wp-json\/wp\/v2\/media?parent=117061"}],"wp:term":[{"taxonomy":"category","embeddable":true,"href":"https:\/\/losperiodistas.com.mx\/portal\/wp-json\/wp\/v2\/categories?post=117061"},{"taxonomy":"post_tag","embeddable":true,"href":"https:\/\/losperiodistas.com.mx\/portal\/wp-json\/wp\/v2\/tags?post=117061"}],"curies":[{"name":"wp","href":"https:\/\/api.w.org\/{rel}","templated":true}]}}