{"id":117055,"date":"2026-02-20T10:49:10","date_gmt":"2026-02-20T16:49:10","guid":{"rendered":"https:\/\/losperiodistas.com.mx\/portal\/?p=117055"},"modified":"2026-02-20T10:49:12","modified_gmt":"2026-02-20T16:49:12","slug":"opinion-el-embudo-de-la-justicia","status":"publish","type":"post","link":"https:\/\/losperiodistas.com.mx\/portal\/opinion-el-embudo-de-la-justicia\/","title":{"rendered":"Opini\u00f3n | El embudo de la justicia"},"content":{"rendered":"\n<figure class=\"wp-block-image aligncenter size-large is-resized\"><img fetchpriority=\"high\" decoding=\"async\" width=\"878\" height=\"1024\" src=\"https:\/\/losperiodistas.com.mx\/portal\/wp-content\/uploads\/2026\/01\/Captura-de-pantalla-2026-01-17-a-las-9.17.56-878x1024.png\" alt=\"\" class=\"wp-image-114889\" style=\"aspect-ratio:0.8574337721727014;width:260px;height:auto\" srcset=\"https:\/\/losperiodistas.com.mx\/portal\/wp-content\/uploads\/2026\/01\/Captura-de-pantalla-2026-01-17-a-las-9.17.56-878x1024.png 878w, https:\/\/losperiodistas.com.mx\/portal\/wp-content\/uploads\/2026\/01\/Captura-de-pantalla-2026-01-17-a-las-9.17.56-257x300.png 257w, https:\/\/losperiodistas.com.mx\/portal\/wp-content\/uploads\/2026\/01\/Captura-de-pantalla-2026-01-17-a-las-9.17.56-768x896.png 768w, https:\/\/losperiodistas.com.mx\/portal\/wp-content\/uploads\/2026\/01\/Captura-de-pantalla-2026-01-17-a-las-9.17.56.png 1096w\" sizes=\"(max-width: 878px) 100vw, 878px\" \/><\/figure>\n\n\n\n<p><\/p>\n\n\n\n<p class=\"has-medium-font-size\"><strong><em>Por Javier Cobos Fern\u00e1ndez<\/em><\/strong><\/p>\n\n\n\n<p>@jcobosfernandez<\/p>\n\n\n\n<p>La&nbsp;<strong>historia institucional de M\u00e9xico<\/strong>&nbsp;confirma una idea simple: cuando el&nbsp;<strong>sistema de justicia<\/strong>&nbsp;deja de ser predecible, el costo se traslada a toda la econom\u00eda. En febrero de 2026, el pa\u00eds enfrenta un problema que ya no es solo de&nbsp;<strong>\u201cpercepci\u00f3n\u201d<\/strong>&nbsp;sobre el&nbsp;<strong>Poder Judicial<\/strong>, sino de capacidad operativa, tiempos de respuesta y estabilidad de las medidas cautelares que sostienen la tutela judicial efectiva.<\/p>\n\n\n\n<p><strong>Productividad judicial: se\u00f1ales tempranas de una contracci\u00f3n operativa<\/strong><\/p>\n\n\n\n<p>La&nbsp;<strong>discusi\u00f3n p\u00fablica<\/strong>&nbsp;sobre la&nbsp;<strong>reforma judicial<\/strong>&nbsp;suele concentrarse en su arquitectura pol\u00edtica; sin embargo, la variable decisiva para el Estado de derecho es la&nbsp;<strong>productividad jurisdiccional<\/strong>: cu\u00e1ntos asuntos ingresan, cu\u00e1ntos se resuelven y en qu\u00e9 plazos. En ese plano, existen se\u00f1ales tempranas de contracci\u00f3n.<\/p>\n\n\n\n<p>Una serie reportada en prensa econ\u00f3mica \u2014atribuida a datos de la&nbsp;<strong>Direcci\u00f3n General de Estad\u00edstica Judicial<\/strong>\u2014 describe que, en un periodo de seis meses, el volumen de asuntos resueltos habr\u00eda disminuido de 190,201 en octubre a 126,415 en noviembre; 110,031 en diciembre; y 94,563 en enero de 2026.<\/p>\n\n\n\n<p>En paralelo, se compara con 202,258&nbsp;<strong>asuntos resueltos<\/strong>&nbsp;en diciembre de 2024 y 183,563 en enero de 2025, concluyendo una reducci\u00f3n aproximada de 53% en seis meses (El Economista, 2026-02-17). Esta cifra debe manejarse con cautela \u2014por su&nbsp;<strong>car\u00e1cter period\u00edstico y opinativo<\/strong>\u2014, pero es \u00fatil para ilustrar el riesgo central: una transici\u00f3n institucional que coincide con un descenso material en la capacidad de egreso de asuntos.<\/p>\n\n\n\n<p>En t\u00e9rminos de rezago, una nota previa report\u00f3 que, hacia junio de 2025, los&nbsp;<strong>juzgados y tribunales colegiados federales<\/strong>&nbsp;acumulaban \u201cm\u00e1s de un mill\u00f3n\u201d de asuntos pendientes, adem\u00e1s de 1,248 asuntos en Pleno y Salas de la Suprema Corte, y m\u00e1s de 150,000 asuntos contenciosos en juzgados laborales (El Economista, 2025-06-14). Si ese<strong>&nbsp;nivel de inventario se&nbsp;<\/strong>mantiene \u2014o crece\u2014, una&nbsp;<strong>ca\u00edda en el \u201cthroughput<\/strong>\u201d (asuntos resueltos por periodo) incrementa inevitablemente el tiempo promedio de resoluci\u00f3n, aun sin que aumente la entrada de nuevos casos.<\/p>\n\n\n\n<p>Para dimensionar la<strong>&nbsp;escala institucional<\/strong>&nbsp;de la&nbsp;<strong>impartici\u00f3n de justicia<\/strong>, conviene sumar una fuente estad\u00edstica oficial: el Censo Nacional de Impartici\u00f3n de Justicia Federal y Estatal (CNIJF-E) 2025 del INEGI reporta que, en 2024, el&nbsp;<strong>Poder Judicial de la Federaci\u00f3n<\/strong>&nbsp;se integr\u00f3 por 1,512 \u00f3rganos, y que el conjunto de poderes judiciales estatales cont\u00f3 con 5,470 \u00f3rganos, con predominio de \u00f3rganos jurisdiccionales (INEGI, 2025). La lectura es clara: el&nbsp;<strong>sistema es grande<\/strong>, pero tambi\u00e9n altamente demandado; por ello, cualquier disfunci\u00f3n en su operaci\u00f3n se traduce r\u00e1pidamente en&nbsp;<strong>\u201cembudos\u201d procesales<\/strong>.<\/p>\n\n\n\n<p><strong>Reforma al juicio de amparo y la suspensi\u00f3n: de instrumento de tutela a medida m\u00e1s restrictiva<\/strong><\/p>\n\n\n\n<p>El juicio de amparo es, en la pr\u00e1ctica, el&nbsp;<strong>dispositivo&nbsp;<\/strong>m\u00e1s sensible de contenci\u00f3n del poder p\u00fablico y de protecci\u00f3n patrimonial frente a actos de autoridad. Por ello, no basta afirmar que \u201cya no hay suspensiones\u201d; lo jur\u00eddicamente correcto es precisar qu\u00e9 cambi\u00f3 y c\u00f3mo afecta la predictibilidad de la tutela cautelar.<\/p>\n\n\n\n<p>El Decreto publicado en el Diario Oficial de la Federaci\u00f3n el 16 de octubre de 2025 reform\u00f3 y adicion\u00f3 disposiciones de la&nbsp;<strong>Ley de Amparo<\/strong>&nbsp;(C\u00e1mara de Diputados, 2025). Entre los cambios relevantes para el an\u00e1lisis de certidumbre jur\u00eddica est\u00e1 el refuerzo del est\u00e1ndar de decisi\u00f3n cautelar.<\/p>\n\n\n\n<p>El art\u00edculo 128 incorpora la exigencia de un&nbsp;<strong>\u201can\u00e1lisis ponderado\u201d<\/strong>&nbsp;y expl\u00edcito de los elementos que sostienen la medida, cuando la naturaleza del acto lo permita, con motivaci\u00f3n expresa y justificada (Ley de Amparo, art. 128, reforma DOF 16-10-2025). En t\u00e9rminos pr\u00e1cticos, esto desplaza la suspensi\u00f3n desde una l\u00f3gica m\u00e1s \u201cpresuntiva\u201d hacia una l\u00f3gica m\u00e1s intensa de motivaci\u00f3n y ponderaci\u00f3n.<\/p>\n\n\n\n<p>A la par, la propia ley mantiene&nbsp;<strong>restricciones estructurales<\/strong>: por ejemplo, en juicios de amparo contra normas generales, \u201cen ning\u00fan caso la suspensi\u00f3n podr\u00e1 concederse con efectos generales\u201d (Ley de Amparo, art. 148). Esto significa que, aun concedida, la medida t\u00edpicamente no produce una paralizaci\u00f3n general del orden normativo, sino una tutela esencialmente individual o acotada a quienes acrediten inter\u00e9s y afectaci\u00f3n. En un entorno de&nbsp;<strong>alta litigiosidad regulatoria<\/strong>, este dise\u00f1o ampl\u00eda la dispersi\u00f3n de riesgos: la empresa o el particular que no promueve o no logra acreditar requisitos puede quedar expuesto a la ejecuci\u00f3n del&nbsp;<strong>acto o la norma<\/strong>, mientras otros litigantes obtienen una tutela limitada a su caso.<\/p>\n\n\n\n<p>Por tanto, el efecto real de las reformas no es&nbsp;<strong>\u201cimposibilitar\u201d suspensiones<\/strong>, sino volverlas m\u00e1s exigentes, m\u00e1s costosas (en t\u00e9rminos de prueba y argumentaci\u00f3n t\u00e9cnica) y, sobre todo, menos homog\u00e9neas. La&nbsp;<strong>consecuencia macro&nbsp;<\/strong>es previsible: mayor incertidumbre sobre el *timing* y la probabilidad de tutela cautelar; y, con ello, m\u00e1s incentivos para evitar litigios largos cuando hay alternativas.<\/p>\n\n\n\n<p><strong>Certidumbre jur\u00eddica y desarrollo econ\u00f3mico: el canal de transmisi\u00f3n<\/strong><\/p>\n\n\n\n<p>La&nbsp;<strong>certidumbre jur\u00eddica<\/strong>&nbsp;no es un concepto ret\u00f3rico; es un insumo econ\u00f3mico medible en la conducta de inversi\u00f3n. Cuando las empresas anticipan que un conflicto tardar\u00e1 demasiado o que una medida cautelar es impredecible, ajustan su&nbsp;<strong>estrategia<\/strong>: elevan primas de riesgo, posponen CAPEX, o migran controversias hacia mecanismos privados.<\/p>\n\n\n\n<p>Esa conducta ya se observa en la&nbsp;<strong>conversaci\u00f3n p\u00fablica reciente<\/strong>. Medios financieros han reportado que empresas han comenzado a evitar acudir a tribunales en M\u00e9xico y a preferir arbitraje o mediaci\u00f3n ante la incertidumbre posterior a la reforma judicial, citando incluso a actores relevantes del propio sistema (El Financiero, 2026-02-12).<\/p>\n\n\n\n<p>En la misma l\u00ednea, el diario&nbsp;<em>Reforma<\/em>&nbsp;public\u00f3 que empresas evitan recurrir a tribunales y optan por&nbsp;<strong>arbitraje\/mediaci\u00f3n<\/strong>&nbsp;tras la reforma (Reforma, 2026-02-13\/2026-02-??, acceso con suscripci\u00f3n). Aunque una nota period\u00edstica no sustituye una&nbsp;<strong>medici\u00f3n econom\u00e9trica<\/strong>, s\u00ed es evidencia verificable de un cambio de expectativas que, en econom\u00eda institucional, es el primer paso hacia una reasignaci\u00f3n real de inversi\u00f3n.<\/p>\n\n\n\n<p>Aqu\u00ed opera un&nbsp;<strong>canal cl\u00e1sico<\/strong>: (i) ca\u00edda o estancamiento de productividad judicial \u2192 (ii) incremento de plazos esperados y costos de litigio \u2192 (iii) menor efectividad y predictibilidad de medidas cautelares \u2192 (iv) aumento del riesgo jur\u00eddico percibido \u2192 (v) sustituci\u00f3n de litigio por ADR (o desistimiento) y ajuste de inversi\u00f3n.<\/p>\n\n\n\n<p><strong>Salida institucional: redise\u00f1ar la gesti\u00f3n del conflicto, no esperar la sentencia<\/strong><\/p>\n\n\n\n<p>En un contexto de embudo, la salida no puede depender solo del \u201ctiempo\u201d para que el&nbsp;<strong>sistema absorba rezagos<\/strong>; requiere ingenier\u00eda legal preventiva y mecanismos de soluci\u00f3n anticipada. En ese terreno, la Ley General de Mecanismos Alternativos de Soluci\u00f3n de Controversias (DOF 26-01-2024) ofrece un marco habilitante para&nbsp;<strong>mediaci\u00f3n, conciliaci\u00f3n<\/strong>&nbsp;y otras&nbsp;<strong>formas de gesti\u00f3n del conflicto<\/strong>&nbsp;en el \u00e1mbito p\u00fablico y privado (C\u00e1mara de Diputados, 2024). La propia ley prev\u00e9 infraestructura, requerimientos tecnol\u00f3gicos y registros de personas facilitadoras, con \u00e9nfasis en accesibilidad y operaci\u00f3n presencial o en l\u00ednea (LGMASC, arts. 23\u201326).<\/p>\n\n\n\n<p>Para&nbsp;<strong>empresas y titulares de activos<\/strong>, esto implica un cambio de paradigma: la certidumbre ya no se busca \u00fanicamente en la sentencia futura, sino en la arquitectura contractual y procesal que minimiza la litigiosidad y, cuando \u00e9sta aparece, la canaliza a rutas m\u00e1s r\u00e1pidas y ejecutables: cl\u00e1usulas arbitrales, escalonamiento de controversias (negociaci\u00f3n\/mediaci\u00f3n\/arbitraje),&nbsp;<em>compliance&nbsp;<\/em>probatorio (trazabilidad documental) y, en el sector p\u00fablico,&nbsp;<strong>estrategias de gesti\u00f3n regulatoria<\/strong>&nbsp;con evidencia robusta para sostener, desde el inicio, los requisitos cautelares reforzados del art\u00edculo 128 de la Ley de Amparo.<\/p>\n\n\n\n<p><strong>Conclusi\u00f3n<\/strong><\/p>\n\n\n\n<p>La&nbsp;<strong>reforma judicial<\/strong>&nbsp;y las modificaciones al&nbsp;<strong>juicio de amparo&nbsp;<\/strong>no deben evaluarse solo por su narrativa pol\u00edtica, sino por su&nbsp;<strong>impacto en productividad<\/strong>&nbsp;y&nbsp;<strong>tutela cautelar.<\/strong>&nbsp;Las se\u00f1ales verificables disponibles hoy (rezagos reportados superiores al mill\u00f3n de asuntos en 2025; y reportes period\u00edsticos de ca\u00edda relevante en asuntos resueltos hacia enero de 2026) justifican un diagn\u00f3stico de riesgo: menor capacidad de egreso y mayor incertidumbre en tiempos. En paralelo, la&nbsp;<strong>reforma a la suspensi\u00f3n<\/strong>&nbsp;en amparo exige una litigaci\u00f3n m\u00e1s t\u00e9cnica, intensiva en prueba y motivaci\u00f3n, lo que reduce la previsibilidad para agentes econ\u00f3micos. El efecto agregado es una&nbsp;<strong>p\u00e9rdida de certidumbre<\/strong>&nbsp;que, sin necesidad de hip\u00f3tesis, ya se refleja en reportes verificables sobre empresas que migran a arbitraje y mediaci\u00f3n.<\/p>\n\n\n\n<p>En un M\u00e9xico con&nbsp;<strong>embudos jurisdiccionales<\/strong>, la mejor defensa no es \u201cesperar\u201d la justicia: es dise\u00f1arla preventivamente \u2014en contratos, cumplimiento, gesti\u00f3n del riesgo y mecanismos alternativos\u2014 para sostener<strong>&nbsp;inversi\u00f3n<\/strong>,&nbsp;<strong>continuidad operativa<\/strong>&nbsp;y&nbsp;<strong>estabilidad patrimonial<\/strong>.<\/p>\n\n\n\n<p><strong>Referencias<\/strong><br>C\u00e1mara de Diputados del H. Congreso de la Uni\u00f3n. (2024, 26 de enero).<a href=\"https:\/\/www.diputados.gob.mx\/LeyesBiblio\/pdf\/LGMASC.pdf\">&nbsp;Ley General de Mecanismos Alternativos de Soluci\u00f3n de Controversias<\/a>.<br>C\u00e1mara de Diputados del H. Congreso de la Uni\u00f3n. (2025, 16 de octubre). Decreto por el que se reforman y adicionan diversas disposiciones a la Ley de Amparo&#8230; (<a href=\"https:\/\/www.diputados.gob.mx\/LeyesBiblio\/ref\/lamp\/LAmp_ref10_16oct25.pdf\">Edici\u00f3n Vespertina<\/a>, DOF 16-10-2025).<br>El Economista. (2025, 14 de junio).<a href=\"https:\/\/www.eleconomista.com.mx\/politica\/advierten-habra-rezago-judicial-acompanado-enorme-espiral-impunidad-20250614-763698.html\">&nbsp;Advierten que habr\u00e1 rezago en el Poder Judicial, acompa\u00f1ado de una enorme espiral de impunidad.<\/a>&nbsp;<br>El Economista. (2026, 17 de febrero).&nbsp;<a href=\"https:\/\/www.eleconomista.com.mx\/opinion\/judicial-vez-lejos-pueblo-20260217-800386.html\">El Poder Judicial, cada vez m\u00e1s lejos del pueblo<\/a>&nbsp;(Opini\u00f3n).<br>El Financiero. (2026, 12 de febrero).&nbsp;<a href=\"https:\/\/www.elfinanciero.com.mx\/nacional\/2026\/02\/12\/empresas-rehuyen-a-jueces-tras-la-reforma-judicial-los-empresarios-estan-preocupados-dice-laynez\/\">Empresas reh\u00fayen a jueces tras la reforma judicial; los empresarios est\u00e1n preocupados<\/a>, dice Laynez.<br>Instituto Nacional de Estad\u00edstica y Geograf\u00eda (INEGI). (2025). Censo Nacional de Impartici\u00f3n de Justicia Federal y Estatal (CNIJF-E) 2025: Resultados.&nbsp;<a href=\"https:\/\/www.inegi.org.mx\/contenidos\/programas\/cnijf\/2025\/doc\/cnijf_2025_resultados.pdf\">https:\/\/www.inegi.org.mx\/contenidos\/programas\/cnijf\/2025\/doc\/cnijf_2025_resultados.pdf<\/a><br>Reforma. (2026, febrero).&nbsp;<a href=\"http:\/\/https\/\/www.reforma.com\/evitan-empresas-demandas-en-mexico-tras-reforma-judicial\/ar3151628\">Evitan empresas demandas en M\u00e9xico tras reforma judicial.<\/a><br>Suprema Corte de Justicia de la Naci\u00f3n (SCJN). (2025, octubre; comp. 2025-11). Ley de Amparo, Reglamentaria de los art\u00edculos 103 y 107 de la Constituci\u00f3n Pol\u00edtica de los Estados Unidos Mexicanos (<a href=\"https:\/\/www.scjn.gob.mx\/sites\/default\/files\/conoce_la_corte\/marco_normativo\/documento\/pdf\/2025-11\/Ley-de-Amparo-Reglamentaria-Arts-103-y-107-Const-DOF-20251016.pdf\">DOF 16-10-2025<\/a>, versi\u00f3n compilada)&nbsp;<\/p>\n\n\n\n<hr class=\"wp-block-separator has-alpha-channel-opacity\"\/>\n\n\n\n<p><strong>+ OPINI\u00d3N : Las opiniones expresadas son responsabilidad del autor<\/strong><\/p>\n\n\n\n<p><\/p>\n","protected":false},"excerpt":{"rendered":"<p>Por Javier Cobos Fern\u00e1ndez @jcobosfernandez La&nbsp;historia institucional de M\u00e9xico&nbsp;confirma una idea simple: cuando el&nbsp;sistema de justicia&nbsp;deja de ser predecible, el [&hellip;]<\/p>\n","protected":false},"author":1,"featured_media":114889,"comment_status":"open","ping_status":"open","sticky":false,"template":"","format":"standard","meta":{"site-sidebar-layout":"default","site-content-layout":"","ast-site-content-layout":"default","site-content-style":"default","site-sidebar-style":"default","ast-global-header-display":"","ast-banner-title-visibility":"","ast-main-header-display":"","ast-hfb-above-header-display":"","ast-hfb-below-header-display":"","ast-hfb-mobile-header-display":"","site-post-title":"","ast-breadcrumbs-content":"","ast-featured-img":"","footer-sml-layout":"","theme-transparent-header-meta":"","adv-header-id-meta":"","stick-header-meta":"","header-above-stick-meta":"","header-main-stick-meta":"","header-below-stick-meta":"","astra-migrate-meta-layouts":"default","ast-page-background-enabled":"default","ast-page-background-meta":{"desktop":{"background-color":"var(--ast-global-color-4)","background-image":"","background-repeat":"repeat","background-position":"center center","background-size":"auto","background-attachment":"scroll","background-type":"","background-media":"","overlay-type":"","overlay-color":"","overlay-opacity":"","overlay-gradient":""},"tablet":{"background-color":"","background-image":"","background-repeat":"repeat","background-position":"center center","background-size":"auto","background-attachment":"scroll","background-type":"","background-media":"","overlay-type":"","overlay-color":"","overlay-opacity":"","overlay-gradient":""},"mobile":{"background-color":"","background-image":"","background-repeat":"repeat","background-position":"center center","background-size":"auto","background-attachment":"scroll","background-type":"","background-media":"","overlay-type":"","overlay-color":"","overlay-opacity":"","overlay-gradient":""}},"ast-content-background-meta":{"desktop":{"background-color":"var(--ast-global-color-5)","background-image":"","background-repeat":"repeat","background-position":"center center","background-size":"auto","background-attachment":"scroll","background-type":"","background-media":"","overlay-type":"","overlay-color":"","overlay-opacity":"","overlay-gradient":""},"tablet":{"background-color":"var(--ast-global-color-5)","background-image":"","background-repeat":"repeat","background-position":"center center","background-size":"auto","background-attachment":"scroll","background-type":"","background-media":"","overlay-type":"","overlay-color":"","overlay-opacity":"","overlay-gradient":""},"mobile":{"background-color":"var(--ast-global-color-5)","background-image":"","background-repeat":"repeat","background-position":"center center","background-size":"auto","background-attachment":"scroll","background-type":"","background-media":"","overlay-type":"","overlay-color":"","overlay-opacity":"","overlay-gradient":""}},"footnotes":""},"categories":[8,22],"tags":[46465,548,46464],"class_list":["post-117055","post","type-post","status-publish","format-standard","has-post-thumbnail","hentry","category-noticias","category-opinion-invitada","tag-direccion-general-de-estadistica-judicial","tag-poder-judicial-mexico","tag-sistema-de-justicia-mexico"],"_links":{"self":[{"href":"https:\/\/losperiodistas.com.mx\/portal\/wp-json\/wp\/v2\/posts\/117055","targetHints":{"allow":["GET"]}}],"collection":[{"href":"https:\/\/losperiodistas.com.mx\/portal\/wp-json\/wp\/v2\/posts"}],"about":[{"href":"https:\/\/losperiodistas.com.mx\/portal\/wp-json\/wp\/v2\/types\/post"}],"author":[{"embeddable":true,"href":"https:\/\/losperiodistas.com.mx\/portal\/wp-json\/wp\/v2\/users\/1"}],"replies":[{"embeddable":true,"href":"https:\/\/losperiodistas.com.mx\/portal\/wp-json\/wp\/v2\/comments?post=117055"}],"version-history":[{"count":1,"href":"https:\/\/losperiodistas.com.mx\/portal\/wp-json\/wp\/v2\/posts\/117055\/revisions"}],"predecessor-version":[{"id":117056,"href":"https:\/\/losperiodistas.com.mx\/portal\/wp-json\/wp\/v2\/posts\/117055\/revisions\/117056"}],"wp:featuredmedia":[{"embeddable":true,"href":"https:\/\/losperiodistas.com.mx\/portal\/wp-json\/wp\/v2\/media\/114889"}],"wp:attachment":[{"href":"https:\/\/losperiodistas.com.mx\/portal\/wp-json\/wp\/v2\/media?parent=117055"}],"wp:term":[{"taxonomy":"category","embeddable":true,"href":"https:\/\/losperiodistas.com.mx\/portal\/wp-json\/wp\/v2\/categories?post=117055"},{"taxonomy":"post_tag","embeddable":true,"href":"https:\/\/losperiodistas.com.mx\/portal\/wp-json\/wp\/v2\/tags?post=117055"}],"curies":[{"name":"wp","href":"https:\/\/api.w.org\/{rel}","templated":true}]}}