{"id":11704,"date":"2021-08-17T14:04:49","date_gmt":"2021-08-17T19:04:49","guid":{"rendered":"http:\/\/losperiodistas.com.mx\/portal\/?p=11704"},"modified":"2021-08-17T14:04:50","modified_gmt":"2021-08-17T19:04:50","slug":"miguel-aleman-magnani-interpol-emite-ficha-roja-para-su-captura-el-financiero","status":"publish","type":"post","link":"https:\/\/losperiodistas.com.mx\/portal\/miguel-aleman-magnani-interpol-emite-ficha-roja-para-su-captura-el-financiero\/","title":{"rendered":"Miguel Alem\u00e1n Magnani: Interpol emite ficha roja para su captura | El Financiero"},"content":{"rendered":"\n<p><em>El empresario es acusado por autoridades mexicanas de no pagar m\u00e1s de 60 millones de pesos en impuestos.<\/em><\/p>\n\n\n\n<figure class=\"wp-block-image size-large\"><img fetchpriority=\"high\" decoding=\"async\" width=\"1024\" height=\"683\" src=\"https:\/\/losperiodistas.com.mx\/portal\/wp-content\/uploads\/2021\/08\/Captura-de-Pantalla-2021-08-17-a-las-14.00.07-1024x683.jpg\" alt=\"\" class=\"wp-image-11707\" srcset=\"https:\/\/losperiodistas.com.mx\/portal\/wp-content\/uploads\/2021\/08\/Captura-de-Pantalla-2021-08-17-a-las-14.00.07-1024x683.jpg 1024w, https:\/\/losperiodistas.com.mx\/portal\/wp-content\/uploads\/2021\/08\/Captura-de-Pantalla-2021-08-17-a-las-14.00.07-300x200.jpg 300w, https:\/\/losperiodistas.com.mx\/portal\/wp-content\/uploads\/2021\/08\/Captura-de-Pantalla-2021-08-17-a-las-14.00.07-768x512.jpg 768w, https:\/\/losperiodistas.com.mx\/portal\/wp-content\/uploads\/2021\/08\/Captura-de-Pantalla-2021-08-17-a-las-14.00.07-1536x1025.jpg 1536w, https:\/\/losperiodistas.com.mx\/portal\/wp-content\/uploads\/2021\/08\/Captura-de-Pantalla-2021-08-17-a-las-14.00.07.jpg 1826w\" sizes=\"(max-width: 1024px) 100vw, 1024px\" \/><figcaption>Miguel Alem\u00e1n Magnani.\u00a0(Cuartoscuro)<\/figcaption><\/figure>\n\n\n\n<p class=\"has-vivid-cyan-blue-color has-text-color has-medium-font-size\">ALDO MUNGU\u00cdA \/ EL FINANCIERO<\/p>\n\n\n\n<p><strong>Miguel Alem\u00e1n Magnani<\/strong>&nbsp;cuenta ya con una ficha roja de b\u00fasqueda de la Interpol, confirmaron fuentes consulares a El Financiero.<\/p>\n\n\n\n<p>El a\u00fan accionista minoritario de&nbsp;<strong>Interjet&nbsp;<\/strong>cuenta con una orden de aprehensi\u00f3n librada por la Fiscal\u00eda General de la Rep\u00fablica por el presunto delito de defraudaci\u00f3n fiscal, il\u00edcito relacionado con su gesti\u00f3n como due\u00f1o de Interjet, aerol\u00ednea que no vuela desde diciembre del 2020.<\/p>\n\n\n\n<p>Con la ficha roja, la Interpol tiene un mecanismo de b\u00fasqueda de Alem\u00e1n Magnani en m\u00e1s de 190 pa\u00edses, por lo que podr\u00eda ser aprehendido en caso de ser identificado.<\/p>\n\n\n\n<p><a href=\"https:\/\/www.elfinanciero.com.mx\/nacional\/2021\/07\/13\/aleman-magnani-se-refugia-en-francia-y-desde-alla-pelea-contra-orden-de-aprehension\/\"><\/a><a href=\"https:\/\/www.elfinanciero.com.mx\/nacional\/2021\/07\/13\/aleman-magnani-se-refugia-en-francia-y-desde-alla-pelea-contra-orden-de-aprehension\/\">Alem\u00e1n Magnani se refugia en Francia y desde all\u00e1 \u2018pelea\u2019 contra orden de aprehensi\u00f3n<\/a><\/p>\n\n\n\n<hr class=\"wp-block-separator\"\/>\n\n\n\n<p>En semanas anteriores, el abogado de Alem\u00e1n Magani, Javier Mondrag\u00f3n, se\u00f1al\u00f3 a medios que el empresario mexicano se encontraba en Francia y sali\u00f3 de M\u00e9xico desde finales del a\u00f1o pasado para buscar, presuntamente, recursos para reactivar la empresa.<\/p>\n\n\n\n<p>A Magnani se le acusa, en M\u00e9xico, de no haber entregado el Impuesto Sobre la Renta por un total de 66 millones de pesos.<\/p>\n\n\n\n<p>Fuente: https:\/\/www.elfinanciero.com.mx\/nacional\/2021\/08\/17\/miguel-aleman-magnani-interpol-emite-ficha-roja-para-su-captura\/<\/p>\n","protected":false},"excerpt":{"rendered":"<p>El empresario es acusado por autoridades mexicanas de no pagar m\u00e1s de 60 millones de pesos en impuestos. ALDO MUNGU\u00cdA [&hellip;]<\/p>\n","protected":false},"author":1,"featured_media":11707,"comment_status":"open","ping_status":"open","sticky":false,"template":"","format":"standard","meta":{"site-sidebar-layout":"default","site-content-layout":"","ast-site-content-layout":"default","site-content-style":"default","site-sidebar-style":"default","ast-global-header-display":"","ast-banner-title-visibility":"","ast-main-header-display":"","ast-hfb-above-header-display":"","ast-hfb-below-header-display":"","ast-hfb-mobile-header-display":"","site-post-title":"","ast-breadcrumbs-content":"","ast-featured-img":"","footer-sml-layout":"","theme-transparent-header-meta":"","adv-header-id-meta":"","stick-header-meta":"","header-above-stick-meta":"","header-main-stick-meta":"","header-below-stick-meta":"","astra-migrate-meta-layouts":"default","ast-page-background-enabled":"default","ast-page-background-meta":{"desktop":{"background-color":"var(--ast-global-color-4)","background-image":"","background-repeat":"repeat","background-position":"center center","background-size":"auto","background-attachment":"scroll","background-type":"","background-media":"","overlay-type":"","overlay-color":"","overlay-opacity":"","overlay-gradient":""},"tablet":{"background-color":"","background-image":"","background-repeat":"repeat","background-position":"center center","background-size":"auto","background-attachment":"scroll","background-type":"","background-media":"","overlay-type":"","overlay-color":"","overlay-opacity":"","overlay-gradient":""},"mobile":{"background-color":"","background-image":"","background-repeat":"repeat","background-position":"center center","background-size":"auto","background-attachment":"scroll","background-type":"","background-media":"","overlay-type":"","overlay-color":"","overlay-opacity":"","overlay-gradient":""}},"ast-content-background-meta":{"desktop":{"background-color":"var(--ast-global-color-5)","background-image":"","background-repeat":"repeat","background-position":"center center","background-size":"auto","background-attachment":"scroll","background-type":"","background-media":"","overlay-type":"","overlay-color":"","overlay-opacity":"","overlay-gradient":""},"tablet":{"background-color":"var(--ast-global-color-5)","background-image":"","background-repeat":"repeat","background-position":"center center","background-size":"auto","background-attachment":"scroll","background-type":"","background-media":"","overlay-type":"","overlay-color":"","overlay-opacity":"","overlay-gradient":""},"mobile":{"background-color":"var(--ast-global-color-5)","background-image":"","background-repeat":"repeat","background-position":"center center","background-size":"auto","background-attachment":"scroll","background-type":"","background-media":"","overlay-type":"","overlay-color":"","overlay-opacity":"","overlay-gradient":""}},"footnotes":""},"categories":[8],"tags":[3315,3314],"class_list":["post-11704","post","type-post","status-publish","format-standard","has-post-thumbnail","hentry","category-noticias","tag-fbi","tag-miguel-aleman-magnani"],"_links":{"self":[{"href":"https:\/\/losperiodistas.com.mx\/portal\/wp-json\/wp\/v2\/posts\/11704","targetHints":{"allow":["GET"]}}],"collection":[{"href":"https:\/\/losperiodistas.com.mx\/portal\/wp-json\/wp\/v2\/posts"}],"about":[{"href":"https:\/\/losperiodistas.com.mx\/portal\/wp-json\/wp\/v2\/types\/post"}],"author":[{"embeddable":true,"href":"https:\/\/losperiodistas.com.mx\/portal\/wp-json\/wp\/v2\/users\/1"}],"replies":[{"embeddable":true,"href":"https:\/\/losperiodistas.com.mx\/portal\/wp-json\/wp\/v2\/comments?post=11704"}],"version-history":[{"count":1,"href":"https:\/\/losperiodistas.com.mx\/portal\/wp-json\/wp\/v2\/posts\/11704\/revisions"}],"predecessor-version":[{"id":11709,"href":"https:\/\/losperiodistas.com.mx\/portal\/wp-json\/wp\/v2\/posts\/11704\/revisions\/11709"}],"wp:featuredmedia":[{"embeddable":true,"href":"https:\/\/losperiodistas.com.mx\/portal\/wp-json\/wp\/v2\/media\/11707"}],"wp:attachment":[{"href":"https:\/\/losperiodistas.com.mx\/portal\/wp-json\/wp\/v2\/media?parent=11704"}],"wp:term":[{"taxonomy":"category","embeddable":true,"href":"https:\/\/losperiodistas.com.mx\/portal\/wp-json\/wp\/v2\/categories?post=11704"},{"taxonomy":"post_tag","embeddable":true,"href":"https:\/\/losperiodistas.com.mx\/portal\/wp-json\/wp\/v2\/tags?post=11704"}],"curies":[{"name":"wp","href":"https:\/\/api.w.org\/{rel}","templated":true}]}}