{"id":116983,"date":"2026-02-19T07:43:22","date_gmt":"2026-02-19T13:43:22","guid":{"rendered":"https:\/\/losperiodistas.com.mx\/portal\/?p=116983"},"modified":"2026-02-19T07:43:23","modified_gmt":"2026-02-19T13:43:23","slug":"antoni-miralda-estados-unidos-es-un-pais-magnifico-que-esta-hecho-una-mierda-el-pais","status":"publish","type":"post","link":"https:\/\/losperiodistas.com.mx\/portal\/antoni-miralda-estados-unidos-es-un-pais-magnifico-que-esta-hecho-una-mierda-el-pais\/","title":{"rendered":"Antoni Miralda: \u201cEstados Unidos es un pa\u00eds magn\u00edfico que est\u00e1 hecho una mierda\u201d | El Pa\u00eds"},"content":{"rendered":"\n<p class=\"has-medium-font-size\">El artista celebra 40 a\u00f1os del proyecto \u2018Honeymoon\u2019 con una colecci\u00f3n de cinco libros que mostrar\u00e1 las tripas de la boda ut\u00f3pica entre la estatua de la Libertad y la de Col\u00f3n<\/p>\n\n\n\n<figure class=\"wp-block-image size-large\"><img fetchpriority=\"high\" decoding=\"async\" width=\"1024\" height=\"683\" src=\"https:\/\/losperiodistas.com.mx\/portal\/wp-content\/uploads\/2026\/02\/X7KOIKEB4FDP3BTVGAT4ZYURQU-1024x683.jpg\" alt=\"\" class=\"wp-image-116984\" srcset=\"https:\/\/losperiodistas.com.mx\/portal\/wp-content\/uploads\/2026\/02\/X7KOIKEB4FDP3BTVGAT4ZYURQU-1024x683.jpg 1024w, https:\/\/losperiodistas.com.mx\/portal\/wp-content\/uploads\/2026\/02\/X7KOIKEB4FDP3BTVGAT4ZYURQU-300x200.jpg 300w, https:\/\/losperiodistas.com.mx\/portal\/wp-content\/uploads\/2026\/02\/X7KOIKEB4FDP3BTVGAT4ZYURQU-768x512.jpg 768w, https:\/\/losperiodistas.com.mx\/portal\/wp-content\/uploads\/2026\/02\/X7KOIKEB4FDP3BTVGAT4ZYURQU.jpg 1200w\" sizes=\"(max-width: 1024px) 100vw, 1024px\" \/><figcaption class=\"wp-element-caption\">El artista Antoni Miralda en su estudio y archivo del Poblenou de Barcelona. Massimiliano Minocri<\/figcaption><\/figure>\n\n\n\n<p class=\"has-medium-font-size\"><strong><a href=\"https:\/\/elpais.com\/autor\/mar-rocabert-maltas\/#?rel=author_top\">Mar Rocabert Maltas<\/a> \/ El Pa\u00eds<\/strong><\/p>\n\n\n\n<p>Barcelona <\/p>\n\n\n\n<p><a href=\"https:\/\/elpais.com\/cultura\/2026-02-18\/antoni-miralda-estados-unidos-es-un-pais-magnifico-que-esta-hecho-una-mierda.html\">Antoni Miralda<\/a>&nbsp;(Terrassa, 84 a\u00f1os) tiene m\u00e1s trabajo que nunca, justo cuando celebra los 40 a\u00f1os de su plan m\u00e1s ut\u00f3pico,&nbsp;<em>Honeymoon Project<\/em>, que contar\u00e1 en una colecci\u00f3n de cinco vol\u00famenes titulada&nbsp;<em>Honeymoon Updates<\/em>. El viernes pasado present\u00f3 el primero,&nbsp;<em>Monuments in Love \/ Cartas de Amor<\/em>, editado por Terranova,&nbsp;<a href=\"https:\/\/elpais.com\/espana\/catalunya\/2024-06-15\/foodcultura-la-alacena-infinita-donde-antoni-miralda-convierte-la-comida-en-arte.html\">FoodCultura<\/a>&nbsp;y Senda con dise\u00f1o de Bendita Gloria, con una fiesta en la sala Apolo de Barcelona. Y esta efem\u00e9ride llegar\u00e1 en breve a la&nbsp;<a href=\"https:\/\/elpais.com\/noticias\/arco-feria-internacional-arte-contemporaneo\/\">feria Arco&nbsp;<\/a>de Madrid, de la mano de Carles Senda, que expondr\u00e1&nbsp;<em>Eternity Ring<\/em>&nbsp;y otras piezas de esta historia de amor m\u00e1gica que culmin\u00f3 con la boda entre la estatua de la Libertad y la de Col\u00f3n&nbsp;<a href=\"https:\/\/elpais.com\/diario\/1992\/02\/15\/cultura\/698108403_850215.html\" target=\"_blank\" rel=\"noreferrer noopener\">en 1992 en Las Vegas<\/a>.<\/p>\n\n\n\n<p>La&nbsp;<a href=\"https:\/\/elpais.com\/ccaa\/2016\/10\/22\/catalunya\/1477162835_876179.html\" target=\"_blank\" rel=\"noreferrer noopener\">obra se extendi\u00f3 entre 1986 y 1992&nbsp;<\/a>y lleg\u00f3 con diversos eventos a una veintena de ciudades, pero naci\u00f3 en el Internacional Tapas Bar de Nueva York, que en la fachada ya luc\u00eda la corona de Liberty. Fue un local&nbsp;<em>underground&nbsp;<\/em>que comparti\u00f3 con Montse Guill\u00e9n, su compa\u00f1era en muchos \u00e1mbitos, fallecida hace diez meses. Un restaurante concebido como un proyecto art\u00edstico en Tribeca por el que pasaron artistas como Andy Warhol, Basquiat, Pina Bausch, David Byrne, Grace Jones o David Lynch.<\/p>\n\n\n\n<p><strong>Pregunta.<\/strong>&nbsp;La ausencia de Montse debe hacerse muy presente, \u00bfc\u00f3mo est\u00e1?<\/p>\n\n\n\n<p><strong>Respuesta.<\/strong>&nbsp;Los espacios de vivencia son los que m\u00e1s se echan de menos, sobre todo cuando uno no para de trabajar, como nosotros. Pero como siempre hay energ\u00edas, las cosas siguen. Tengo m\u00e1s trabajo que nunca.<\/p>\n\n\n\n<p><strong>P.<\/strong>&nbsp;Vivi\u00f3 a\u00f1os en Nueva York y Miami&#8230; \u00bfc\u00f3mo ve lo que est\u00e1 pasando all\u00ed?<\/p>\n\n\n\n<p><strong>R.<\/strong>&nbsp;Estoy muy politizado, por supuesto. Estoy pendiente de las noticias. Me interesa y estoy trabajando en un proyecto sobre<em>&nbsp;papers<\/em>&#8230; pero ahora no mezclemos cosas. He hecho muchos trabajos y muchos tienen que ver con el control, la violencia&#8230;<\/p>\n\n\n\n<p><strong>P.<\/strong>&nbsp;\u00bfTodav\u00eda mantiene un espacio en Miami?<\/p>\n\n\n\n<p><strong>R.<\/strong>&nbsp;El archivo que ten\u00edamos all\u00ed lo hemos dejado.<\/p>\n\n\n\n<p><strong>P.<\/strong>&nbsp;Est\u00e1 instalado aqu\u00ed. \u00bfEs menos n\u00f3mada?<\/p>\n\n\n\n<p><strong>R.<\/strong>&nbsp;Quiz\u00e1 la palabra sea real, pero no la dir\u00eda. Ahora volver\u00e9 a Miami a presentar un libro que hemos hecho a ra\u00edz de la acci\u00f3n de 2018&nbsp;<a href=\"https:\/\/elpais.com\/espana\/catalunya\/2021-02-07\/el-banquete-de-los-gigantes-de-miralda-se-convierte-en-documental.html\"><em>The Maggic Banquet<\/em>,<\/a>&nbsp;que se basaba en la historia de los cubos de caldo Maggi.<\/p>\n\n\n\n<p><strong>P.<\/strong>&nbsp;\u00bfSe podr\u00edan hacer sus performances ahora en Estados Unidos?<\/p>\n\n\n\n<p><strong>R.<\/strong>&nbsp;Ahora estoy fuera, no tengo el espacio. Siento que es un momento que si estuviera all\u00ed estar\u00eda tan estimulado que no parar\u00eda.<\/p>\n\n\n\n<p><strong>P.<\/strong>&nbsp;Tampoco aqu\u00ed. El viernes hizo una celebraci\u00f3n en la sala Apolo y el s\u00e1bado otra en la&nbsp;<a href=\"https:\/\/elpais.com\/espana\/catalunya\/2025-12-14\/tortilla-escudella-y-merengue-los-sabores-de-la-fundacion-miro-en-2025.html\">Fundaci\u00f3n Mir\u00f3<\/a>.<\/p>\n\n\n\n<p><strong>R.<\/strong>&nbsp;S\u00ed, present\u00e1bamos el libro&nbsp;<em>Cartas de amor<\/em>, una recopilaci\u00f3n de unas 300 cartas de&nbsp;<em>Honeymoon<\/em>. Fue un llamamiento de Montse desde el programa de televisi\u00f3n&nbsp;<a href=\"https:\/\/elpais.com\/elpais\/2019\/01\/29\/icon\/1548772908_664115.html\"><em>Un, dos, tres,<\/em><\/a>&nbsp;recibimos 3.000. Ped\u00edamos a la gente que enviara cartas de amor a la estatua de la Libertad para el proyecto art\u00edstico de un enamoramiento imposible entre ella y Col\u00f3n.<\/p>\n\n\n\n<p><strong>P.<\/strong>&nbsp;\u00bfC\u00f3mo surgi\u00f3 la idea de casarlos?<\/p>\n\n\n\n<p><strong>R.<\/strong>&nbsp;La primera motivaci\u00f3n fue crear un proyecto que conectara el lugar del que yo ven\u00eda con la ciudad donde viv\u00eda. Siempre me han interesado los monumentos. Hice una serie sobre estos vestigios,&nbsp;<a href=\"https:\/\/www.museoreinasofia.es\/colecciones\/obra\/cenotaphes-cenotafios\"><em>Cenotafios<\/em><\/a>, que est\u00e1n en el Museo Reina Sof\u00eda. La idea era humanizarlos. Ambas estatuas se encuentran en el mismo paralelo y, adem\u00e1s, se est\u00e1n se\u00f1alando. Para m\u00ed ten\u00eda una l\u00f3gica. La libertad y la conquista.<\/p>\n\n\n\n<figure class=\"wp-block-image size-large\"><img decoding=\"async\" width=\"773\" height=\"1024\" src=\"https:\/\/losperiodistas.com.mx\/portal\/wp-content\/uploads\/2026\/02\/Captura-de-pantalla-2026-02-19-a-las-7.39.06-773x1024.png\" alt=\"\" class=\"wp-image-116987\" srcset=\"https:\/\/losperiodistas.com.mx\/portal\/wp-content\/uploads\/2026\/02\/Captura-de-pantalla-2026-02-19-a-las-7.39.06-773x1024.png 773w, https:\/\/losperiodistas.com.mx\/portal\/wp-content\/uploads\/2026\/02\/Captura-de-pantalla-2026-02-19-a-las-7.39.06-227x300.png 227w, https:\/\/losperiodistas.com.mx\/portal\/wp-content\/uploads\/2026\/02\/Captura-de-pantalla-2026-02-19-a-las-7.39.06-768x1017.png 768w, https:\/\/losperiodistas.com.mx\/portal\/wp-content\/uploads\/2026\/02\/Captura-de-pantalla-2026-02-19-a-las-7.39.06-1160x1536.png 1160w, https:\/\/losperiodistas.com.mx\/portal\/wp-content\/uploads\/2026\/02\/Captura-de-pantalla-2026-02-19-a-las-7.39.06.png 1338w\" sizes=\"(max-width: 773px) 100vw, 773px\" \/><figcaption class=\"wp-element-caption\"><strong><a href=\"https:\/\/www.instagram.com\/p\/DUnH5FSjWdE\/?utm_source=ig_web_copy_link&amp;igsh=NTc4MTIwNjQ2YQ==\">VER EN INSTAGRAM <\/a><\/strong><\/figcaption><\/figure>\n\n\n\n<p><\/p>\n\n\n\n<p><strong>P.<\/strong>&nbsp;\u00bfEs su proyecto m\u00e1s largo?<\/p>\n\n\n\n<p><strong>R.<\/strong>&nbsp;S\u00ed, son seis a\u00f1os. Y dos o tres antes ya lo empec\u00e9. Y como puedes ver, no ha terminado&#8230; Ahora presentamos&nbsp;<em>Honeymoon Updates<\/em>, una revisi\u00f3n. Es una manera de mostrar c\u00f3mo se hizo, en qu\u00e9 momento hist\u00f3rico y c\u00f3mo son las tripas de esa boda.<\/p>\n\n\n\n<p><strong>P.<\/strong>&nbsp;\u00bfHizo de&nbsp;<em>wedding planner<\/em>?<\/p>\n\n\n\n<p><strong>R.<\/strong>&nbsp;S\u00ed, como&nbsp;<em>wedding planner<\/em>&nbsp;de la \u00e9poca preve\u00eda muchas cosas. Hab\u00eda muchos proyectos, algunos no se realizaron.<\/p>\n\n\n\n<p><strong>P.<\/strong>&nbsp;\u00bfCu\u00e1les fueron los m\u00e1s representativos?<\/p>\n\n\n\n<p><strong>R.<\/strong>&nbsp;Muchos, pero por ejemplo el ajuar. B\u00e1sicamente las medias y el viso, que se expusieron en la Fundaci\u00f3n Mir\u00f3 con las cartas de amor. Para conectarlo con mi ciudad de origen se hicieron en Terrassa, con costureras de all\u00ed. Todos los proyectos se abr\u00edan a la participaci\u00f3n.<\/p>\n\n\n\n<p><strong>P.<\/strong>&nbsp;\u00bfQu\u00e9 ceremonias le hacen m\u00e1s feliz?<\/p>\n\n\n\n<p><strong>R.<\/strong>&nbsp;Ver una mesa grande compartida. La comida conecta y estimula el di\u00e1logo. Esto no es f\u00e1cil, ni por los ritmos que llevamos ni por los espacios ni los intereses, excepto cuando detr\u00e1s hay&nbsp;<em>business<\/em>, y no me interesa. Por eso siempre he intentado crear situaciones de banquete, como un elemento ritual y de intercambio.<\/p>\n\n\n\n<p><strong>P.<\/strong>&nbsp;\u00bfHa quedado alguno pendiente?<\/p>\n\n\n\n<p><strong>R.<\/strong>&nbsp;Hay uno que no se hizo, y me sabe mal. Ten\u00edamos que celebrar un banquete encima de las alas de un avi\u00f3n de&nbsp;<a href=\"https:\/\/elpais.com\/noticias\/iberia\/\">Iberia.<\/a>&nbsp;Ya estaba involucrada la compa\u00f1\u00eda. Ten\u00eda que hacerse en el aeropuerto, las alas se transformaban y se representaba el intercambio de la comida del nuevo mundo y del viejo mundo. Era un proyecto muy avanzado y por cambios de la empresa&#8230; Estos proyectos tienen una envergadura que no siempre salen. Para m\u00ed, los que no se han hecho, y que llamo&nbsp;<em>unprojects<\/em>, tambi\u00e9n forman parte de la realidad. Todo esto saldr\u00e1 en el segundo libro. Es un proyecto tan largo y con tantas capas que hemos decidido contarlo en cinco vol\u00famenes.&nbsp;<em>Honeymoon<\/em>&nbsp;no puede resumirse como \u201cun artista que casa monumentos\u201d, hay una intenci\u00f3n de humanizar a dos iconos. El segundo estar\u00e1 dedicado a los monumentos, con la ceremonia de compromiso que se celebr\u00f3 en Nueva York con<a href=\"https:\/\/elpais.com\/internacional\/2013\/02\/01\/actualidad\/1359723680_309721.html\">&nbsp;el alcalde Ed Koch.<\/a>&nbsp;El tercero a los regalos, como el ajuar o el anillo de compromiso, que se hizo con joyeros de Birmingham.<\/p>\n\n\n\n<figure class=\"wp-block-image size-large\"><img decoding=\"async\" width=\"1024\" height=\"752\" src=\"https:\/\/losperiodistas.com.mx\/portal\/wp-content\/uploads\/2026\/02\/PQSWE3DMIVBBXJWZOUJKRP2PYQ-1024x752.avif\" alt=\"\" class=\"wp-image-116986\" srcset=\"https:\/\/losperiodistas.com.mx\/portal\/wp-content\/uploads\/2026\/02\/PQSWE3DMIVBBXJWZOUJKRP2PYQ-1024x752.avif 1024w, https:\/\/losperiodistas.com.mx\/portal\/wp-content\/uploads\/2026\/02\/PQSWE3DMIVBBXJWZOUJKRP2PYQ-300x220.avif 300w, https:\/\/losperiodistas.com.mx\/portal\/wp-content\/uploads\/2026\/02\/PQSWE3DMIVBBXJWZOUJKRP2PYQ-768x564.avif 768w, https:\/\/losperiodistas.com.mx\/portal\/wp-content\/uploads\/2026\/02\/PQSWE3DMIVBBXJWZOUJKRP2PYQ-1536x1128.avif 1536w, https:\/\/losperiodistas.com.mx\/portal\/wp-content\/uploads\/2026\/02\/PQSWE3DMIVBBXJWZOUJKRP2PYQ.avif 1960w\" sizes=\"(max-width: 1024px) 100vw, 1024px\" \/><figcaption class=\"wp-element-caption\">El proyecto de Miralda en las alas de un avi\u00f3n de Iberia que no se lleg\u00f3 a realizar y se planific\u00f3 para el 21 de septiembre de 1986.<\/figcaption><\/figure>\n\n\n\n<p><strong>P.<\/strong>&nbsp;El mundo parece muy distinto ahora.<\/p>\n\n\n\n<p><strong>R.<\/strong>&nbsp;Es un momento muy interesante para hablar de este proyecto. Quiz\u00e1 tenga un aspecto incluso naif, pero puede estimular el di\u00e1logo, hablar de lo que ha pasado. C\u00f3mo es que se ha llegado a esta degeneraci\u00f3n de un pa\u00eds tan dem\u00f3crata, interesante y generoso. No he visto pa\u00eds m\u00e1s generoso que Estados Unidos.<\/p>\n\n\n\n<p><strong>P.<\/strong>&nbsp;\u00bfEn qu\u00e9 sentido?<\/p>\n\n\n\n<p><strong>R.<\/strong>&nbsp;En todos. La estructura, la gente, la mezcla tan integrada de los distintos or\u00edgenes. Ese mensaje de culturas y esa amplitud que ha permitido que cada uno haya encontrado su sitio. Es un pa\u00eds magn\u00edfico que est\u00e1 hecho una mierda. Se ha creado esta guerra civil, que no es una guerra, pero s\u00ed una situaci\u00f3n pol\u00edtica y una divisi\u00f3n tremenda. Por suerte, hay muchos colectivos que dicen basta. Pero, por supuesto, la situaci\u00f3n es tan violenta que es muy complicado y se est\u00e1 extendiendo. Porque esto es precisamente la derecha, el racismo, y el racismo se est\u00e1 integrando y est\u00e1 entrando en gran parte de la juventud de este mundo.<\/p>\n\n\n\n<p><strong>P.<\/strong>&nbsp;En todo este conflicto tambi\u00e9n hay una parte de negocio, y dec\u00eda que no le interesa en absoluto.<\/p>\n\n\n\n<p><strong>R.<\/strong>&nbsp;S\u00ed, no me interesa el negocio dentro del arte, quer\u00eda decir. Pero el negocio est\u00e1 creando filtros, barreras, eliminando la posibilidad de trabajar en el espacio p\u00fablico y de intercambio. Es una sola idea, una forma de verlo,&nbsp;<a href=\"https:\/\/elpais.com\/opinion\/2025-04-18\/el-fascismo-en-estados-unidos.html\">el fascismo puro y duro<\/a>. Creo que va a costar que la libertad vuelva. Costar\u00e1, son generaciones. Por eso es importante que no quede como un conflicto, es una situaci\u00f3n global, que se est\u00e1 extendiendo y lo estamos viviendo aqu\u00ed y en todas partes.<\/p>\n\n\n\n<p><strong>P.<\/strong>&nbsp;\u00bfLe asusta el momento?<\/p>\n\n\n\n<p><strong>R.<\/strong>&nbsp;S\u00ed, es un momento de miedo. Tengo miedo de volver. Tiene miedo mi amigo antrop\u00f3logo que est\u00e1 en Chicago, tiene miedo la persona que me estaba ayudando&#8230; Se ha creado una inestabilidad a causa de este sistema de violencia.<\/p>\n\n\n\n<figure class=\"wp-block-image size-large\"><img loading=\"lazy\" decoding=\"async\" width=\"1024\" height=\"683\" src=\"https:\/\/losperiodistas.com.mx\/portal\/wp-content\/uploads\/2026\/02\/KUMY2FFAYZE7HJWHBHHV3FM2IA-1024x683.avif\" alt=\"\" class=\"wp-image-116985\" srcset=\"https:\/\/losperiodistas.com.mx\/portal\/wp-content\/uploads\/2026\/02\/KUMY2FFAYZE7HJWHBHHV3FM2IA-1024x683.avif 1024w, https:\/\/losperiodistas.com.mx\/portal\/wp-content\/uploads\/2026\/02\/KUMY2FFAYZE7HJWHBHHV3FM2IA-300x200.avif 300w, https:\/\/losperiodistas.com.mx\/portal\/wp-content\/uploads\/2026\/02\/KUMY2FFAYZE7HJWHBHHV3FM2IA-768x512.avif 768w, https:\/\/losperiodistas.com.mx\/portal\/wp-content\/uploads\/2026\/02\/KUMY2FFAYZE7HJWHBHHV3FM2IA-1536x1024.avif 1536w, https:\/\/losperiodistas.com.mx\/portal\/wp-content\/uploads\/2026\/02\/KUMY2FFAYZE7HJWHBHHV3FM2IA.avif 1960w\" sizes=\"(max-width: 1024px) 100vw, 1024px\" \/><figcaption class=\"wp-element-caption\">El artistra Antoni Miralda en su archivo FoodCultura.Massimiliano Minocri<\/figcaption><\/figure>\n\n\n\n<p><strong>P.<\/strong>&nbsp;\u00bfTiene a\u00fan muchas relaciones con gente de all\u00ed?<\/p>\n\n\n\n<p><strong>R.<\/strong>&nbsp;Incluso proyectos de los que no se ha seguido hablando. Por lo de no saber qu\u00e9 va a pasar y la presencia diaria de acciones violentas, que es tremenda. Era imposible pensar que esto pudiera ocurrir y de la forma que est\u00e1 pasando. Cualquier d\u00eda se construir\u00e1 un arco de triunfo mayor que cualquier otro en medio de Washington. Que&nbsp;<a href=\"https:\/\/elpais.com\/internacional\/2025-10-21\/trump-tira-la-fachada-del-ala-este-de-la-casa-blanca-para-construir-su-salon-de-baile-de-250-millones-de-dolares.html\" target=\"_blank\" rel=\"noreferrer noopener\">se transforme o destruya<\/a>&nbsp;una instituci\u00f3n como la Casa Blanca&#8230; Son momentos exaltantes, es incre\u00edble, qu\u00e9 interesante y qu\u00e9 dram\u00e1tico a la vez. Se mezclan los conceptos.<\/p>\n\n\n\n<p><strong>P.<\/strong>&nbsp;En el primer mandato de Trump, \u00bfse pod\u00eda imaginar esta deriva?<\/p>\n\n\n\n<p><strong>R.<\/strong>&nbsp;No. Casi nadie pod\u00eda imaginarlo. Ha creado esta plataforma, tan bien atada, puso a los jueces, lo prepar\u00f3 todo muy bien. Pero yo soy artista, no puedo decir mucho m\u00e1s. Desde el principio, mi trabajo tiene una actitud pol\u00edtica y cr\u00edtica.<\/p>\n\n\n\n<p><strong>P.<\/strong>&nbsp;\u00bfCree que la gente lo entiende?<\/p>\n\n\n\n<p><strong>R.<\/strong>&nbsp;Seguramente es una suerte que no se acabe de entender, porque as\u00ed puede despertar m\u00e1s inter\u00e9s. Es complicado. Pero estamos acostumbrados a lecturas muy directas. Cuando empec\u00e9 con los soldados los hice de blanco, les saqu\u00e9 simbolismo patri\u00f3tico. Me ha interesado siempre crear un di\u00e1logo.<\/p>\n\n\n\n<p><strong>P.<\/strong>&nbsp;Vista en perspectiva, su obra tiene mucha coherencia y sentido. \u00bfLo siente as\u00ed?<\/p>\n\n\n\n<p><strong>R.<\/strong>&nbsp;S\u00ed. Respeto mucho lo que se dice sobre mi trabajo, pero es una l\u00e1stima que ciertas cosas no se hayan explicado o ense\u00f1ado suficientemente para que se pueda entender esa conexi\u00f3n. Al final todo se conecta. Siempre hay una apariencia visual, que me ha interesado mucho. Desde el principio hay unos m\u00e9todos que se van conectando, mezclados con obsesiones que van apareciendo y las voy reencontrando, y en ocasiones no se han explicado o apreciado.<\/p>\n\n\n\n<p><strong>P.<\/strong>&nbsp;\u00bfQuiz\u00e1s en su caso tiene m\u00e1s sentido que nunca una retrospectiva?<\/p>\n\n\n\n<p><strong>R.<\/strong>&nbsp;S\u00ed, pero a la vez es peligrosa porque las retrospectivas son siempre a trav\u00e9s de un abanico, y tambi\u00e9n deber\u00edan incluir las tripas. Esto cuesta explicarlo. No se ense\u00f1an los procesos, tan \u00edntimos y humanos, que muchos no entienden. Creen que son trabajos hechos por tel\u00e9fono, pero no es eso. Son pruebas y pruebas hasta encontrar el color.<\/p>\n\n\n\n<p>Fuente: <a href=\"https:\/\/elpais.com\/cultura\/2026-02-18\/antoni-miralda-estados-unidos-es-un-pais-magnifico-que-esta-hecho-una-mierda.html\">https:\/\/elpais.com\/cultura\/2026-02-18\/antoni-miralda-estados-unidos-es-un-pais-magnifico-que-esta-hecho-una-mierda.html<\/a><\/p>\n","protected":false},"excerpt":{"rendered":"<p>El artista celebra 40 a\u00f1os del proyecto \u2018Honeymoon\u2019 con una colecci\u00f3n de cinco libros que mostrar\u00e1 las tripas de la [&hellip;]<\/p>\n","protected":false},"author":1,"featured_media":116984,"comment_status":"open","ping_status":"open","sticky":false,"template":"","format":"standard","meta":{"site-sidebar-layout":"default","site-content-layout":"","ast-site-content-layout":"default","site-content-style":"default","site-sidebar-style":"default","ast-global-header-display":"","ast-banner-title-visibility":"","ast-main-header-display":"","ast-hfb-above-header-display":"","ast-hfb-below-header-display":"","ast-hfb-mobile-header-display":"","site-post-title":"","ast-breadcrumbs-content":"","ast-featured-img":"","footer-sml-layout":"","theme-transparent-header-meta":"","adv-header-id-meta":"","stick-header-meta":"","header-above-stick-meta":"","header-main-stick-meta":"","header-below-stick-meta":"","astra-migrate-meta-layouts":"default","ast-page-background-enabled":"default","ast-page-background-meta":{"desktop":{"background-color":"var(--ast-global-color-4)","background-image":"","background-repeat":"repeat","background-position":"center center","background-size":"auto","background-attachment":"scroll","background-type":"","background-media":"","overlay-type":"","overlay-color":"","overlay-opacity":"","overlay-gradient":""},"tablet":{"background-color":"","background-image":"","background-repeat":"repeat","background-position":"center center","background-size":"auto","background-attachment":"scroll","background-type":"","background-media":"","overlay-type":"","overlay-color":"","overlay-opacity":"","overlay-gradient":""},"mobile":{"background-color":"","background-image":"","background-repeat":"repeat","background-position":"center center","background-size":"auto","background-attachment":"scroll","background-type":"","background-media":"","overlay-type":"","overlay-color":"","overlay-opacity":"","overlay-gradient":""}},"ast-content-background-meta":{"desktop":{"background-color":"var(--ast-global-color-5)","background-image":"","background-repeat":"repeat","background-position":"center center","background-size":"auto","background-attachment":"scroll","background-type":"","background-media":"","overlay-type":"","overlay-color":"","overlay-opacity":"","overlay-gradient":""},"tablet":{"background-color":"var(--ast-global-color-5)","background-image":"","background-repeat":"repeat","background-position":"center center","background-size":"auto","background-attachment":"scroll","background-type":"","background-media":"","overlay-type":"","overlay-color":"","overlay-opacity":"","overlay-gradient":""},"mobile":{"background-color":"var(--ast-global-color-5)","background-image":"","background-repeat":"repeat","background-position":"center center","background-size":"auto","background-attachment":"scroll","background-type":"","background-media":"","overlay-type":"","overlay-color":"","overlay-opacity":"","overlay-gradient":""}},"footnotes":""},"categories":[8],"tags":[46428,46431,3944,46430,46429],"class_list":["post-116983","post","type-post","status-publish","format-standard","has-post-thumbnail","hentry","category-noticias","tag-antoni-miralda","tag-foodcultura","tag-gastronomia","tag-monuments-in-love-cartas-de-amor","tag-proyecto-honeymoon"],"_links":{"self":[{"href":"https:\/\/losperiodistas.com.mx\/portal\/wp-json\/wp\/v2\/posts\/116983","targetHints":{"allow":["GET"]}}],"collection":[{"href":"https:\/\/losperiodistas.com.mx\/portal\/wp-json\/wp\/v2\/posts"}],"about":[{"href":"https:\/\/losperiodistas.com.mx\/portal\/wp-json\/wp\/v2\/types\/post"}],"author":[{"embeddable":true,"href":"https:\/\/losperiodistas.com.mx\/portal\/wp-json\/wp\/v2\/users\/1"}],"replies":[{"embeddable":true,"href":"https:\/\/losperiodistas.com.mx\/portal\/wp-json\/wp\/v2\/comments?post=116983"}],"version-history":[{"count":1,"href":"https:\/\/losperiodistas.com.mx\/portal\/wp-json\/wp\/v2\/posts\/116983\/revisions"}],"predecessor-version":[{"id":116988,"href":"https:\/\/losperiodistas.com.mx\/portal\/wp-json\/wp\/v2\/posts\/116983\/revisions\/116988"}],"wp:featuredmedia":[{"embeddable":true,"href":"https:\/\/losperiodistas.com.mx\/portal\/wp-json\/wp\/v2\/media\/116984"}],"wp:attachment":[{"href":"https:\/\/losperiodistas.com.mx\/portal\/wp-json\/wp\/v2\/media?parent=116983"}],"wp:term":[{"taxonomy":"category","embeddable":true,"href":"https:\/\/losperiodistas.com.mx\/portal\/wp-json\/wp\/v2\/categories?post=116983"},{"taxonomy":"post_tag","embeddable":true,"href":"https:\/\/losperiodistas.com.mx\/portal\/wp-json\/wp\/v2\/tags?post=116983"}],"curies":[{"name":"wp","href":"https:\/\/api.w.org\/{rel}","templated":true}]}}