{"id":116974,"date":"2026-02-19T06:27:00","date_gmt":"2026-02-19T12:27:00","guid":{"rendered":"https:\/\/losperiodistas.com.mx\/portal\/?p=116974"},"modified":"2026-02-19T06:27:02","modified_gmt":"2026-02-19T12:27:02","slug":"proponen-adelgazar-senado-y-condicionan-pluris-a-presentar-candidatos-en-los-300-distritos-del-pais-lsr","status":"publish","type":"post","link":"https:\/\/losperiodistas.com.mx\/portal\/proponen-adelgazar-senado-y-condicionan-pluris-a-presentar-candidatos-en-los-300-distritos-del-pais-lsr\/","title":{"rendered":"Proponen adelgazar Senado y condicionan pluris a presentar candidatos en los 300 distritos del pa\u00eds | LSR"},"content":{"rendered":"\n<h2 class=\"wp-block-heading\">La Silla Rota cuenta con una copia del documento presentado por la Comisi\u00f3n que cre\u00f3 el gobierno federal; establece que habr\u00e1 8 nuevos integrantes del Congreso, con lo que el n\u00famero de diputados se elevar\u00e1 a 508, mientras el de senadores quedar\u00eda en 96<\/h2>\n\n\n\n<figure class=\"wp-block-image size-full\"><img fetchpriority=\"high\" decoding=\"async\" width=\"960\" height=\"540\" src=\"https:\/\/losperiodistas.com.mx\/portal\/wp-content\/uploads\/2026\/02\/f960x540-835126_909201_4933.webp\" alt=\"\" class=\"wp-image-116975\" srcset=\"https:\/\/losperiodistas.com.mx\/portal\/wp-content\/uploads\/2026\/02\/f960x540-835126_909201_4933.webp 960w, https:\/\/losperiodistas.com.mx\/portal\/wp-content\/uploads\/2026\/02\/f960x540-835126_909201_4933-300x169.webp 300w, https:\/\/losperiodistas.com.mx\/portal\/wp-content\/uploads\/2026\/02\/f960x540-835126_909201_4933-768x432.webp 768w\" sizes=\"(max-width: 960px) 100vw, 960px\" \/><figcaption class=\"wp-element-caption\"><em>Manuel Velasco e Ignacio Mier&nbsp;Cr\u00e9ditos: Cuartoscuro<\/em><\/figcaption><\/figure>\n\n\n\n<p class=\"has-vivid-red-color has-text-color has-link-color has-medium-font-size wp-elements-9a9fb8b5c3587f4ce49cc4f49d014244\"><strong>Por\u00a0Leslye G\u00f3mez \/ La Silla Rota<\/strong><\/p>\n\n\n\n<p>La<a href=\"https:\/\/lasillarota.com\/temas\/reforma-electoral-2278.html\" target=\"_blank\" rel=\"noreferrer noopener\">&nbsp;<strong>reforma electoral<\/strong><\/a>&nbsp;propuesta por la comisi\u00f3n que cre\u00f3 el gobierno federal contempla que el&nbsp;<strong>Congreso<\/strong>&nbsp;tenga 508 diputados: 300 de ellos de mayor\u00eda (uno por cada distrito electoral), 200 plurinominales, m\u00e1s ocho de mexicanos residentes en el exterior, mientras que el Senado quedar\u00eda en&nbsp;<strong>96 integrantes<\/strong>, en lugar de los 128 actuales<\/p>\n\n\n\n<p>El cambio en los plurinominales que propone la comisi\u00f3n encabezada por Pablo G\u00f3mez consiste en que 100 se elegir\u00edan por quienes obtuvieron el mayor porcentaje de votaci\u00f3n individual que no logr\u00f3 mayor\u00eda\u00a0(lista de mujeres y hombres integrada en orden decreciente) y 100 por el sistema de lista nacional (lista de hombres y mujeres integrada por cada partido).<\/p>\n\n\n\n<p>Para lograr plurinominales, los partidos deber\u00e1n presentar candidaturas en cada uno de los 300 distritos electorales se\u00f1ala el documento elaborado por la Comisi\u00f3n, del que\u00a0<strong>La Silla Rota<\/strong>\u00a0tiene copia.<\/p>\n\n\n\n<h3 class=\"wp-block-heading\">Te podr\u00eda interesar<\/h3>\n\n\n\n<ul class=\"wp-block-list\">\n<li><a href=\"https:\/\/lasillarota.com\/nacion\/2026\/2\/17\/no-hay-acuerdo-en-pluris-para-reforma-electoral-senalan-morena-verde-586369.html\"><em>Morena<\/em>No hay acuerdo en pluris para reforma electoral, se\u00f1alan Morena y Verde<\/a><\/li>\n\n\n\n<li><a href=\"https:\/\/lasillarota.com\/nacion\/2026\/2\/17\/reforma-electoral-comision-entrega-propuesta-legisladores-sheinbaum-586129.html\"><em>Reforma electoral<\/em>Reforma electoral: comisi\u00f3n entrega propuesta a legisladores y Sheinbaum<\/a><\/li>\n<\/ul>\n\n\n\n<p>Los otros 100 diputados electos bajo un sistema&nbsp;similar&nbsp;al&nbsp;actual, en que las dirigencias de partidos definen quienes van en esa lista.<\/p>\n\n\n\n<p>Para el Senado se propone que se elija a dos por cada estado por mayor\u00eda relativa (64) y los otros 32 corresponder\u00edan a&nbsp;quienes obtengan la primera minor\u00eda, uno&nbsp;por cada entidad.<\/p>\n\n\n\n<h3 class=\"wp-block-heading\">Te podr\u00eda interesar<\/h3>\n\n\n\n<ul class=\"wp-block-list\">\n<li><a href=\"https:\/\/lasillarota.com\/nacion\/2026\/2\/17\/reforma-electoral-es-para-disminuir-costo-en-elecciones-sheinbaum-586239.html\"><em>Reforma electoral<\/em>Reforma electoral es para disminuir costo en elecciones: Sheinbaum<\/a><\/li>\n<\/ul>\n\n\n\n<p>Tambi\u00e9n hay cambios en la f\u00f3rmula de financiamiento ya que el factor determinante para asignar recursos ser\u00eda la&nbsp;votaci\u00f3n recibida y no el padr\u00f3n electoral, como ocurre ahora.<\/p>\n\n\n\n<p>\u201cLa bolsa de financiamiento anual para el sostenimiento de actividades ordinarias de los partidos pol\u00edticos se reduce en un 25% respecto al monto actual. El ahorro se logra con la f\u00f3rmula: 48.75% del valor de la UMA multiplicado por el n\u00famero de personas en el padr\u00f3n electoral. Durante las campa\u00f1as electorales el financiamiento aumentar\u00eda a una cantidad de 50% del financiamiento ordinario\u201d.<\/p>\n\n\n\n<p><strong>Buscan ahorro de 5 mil millones<\/strong><\/p>\n\n\n\n<p>Para bajar el gasto en elecciones la f\u00f3rmula es reducir en 70% las juntas&nbsp;locales ejecutivas, la Unidad t\u00e9cnica de vinculaci\u00f3n con los OPLE (trabajo que quedar\u00eda a cargo de los \u00f3rganos auxiliares locales),&nbsp;bajar en 30% el financiamiento a la direcci\u00f3n ejecutiva de&nbsp;capacitaci\u00f3n electoral y educaci\u00f3n c\u00edvica, se elimina la coordinaci\u00f3n de asuntos internacionales y se baja en 50% el presupuesto de la Secretar\u00eda ejecutiva.<\/p>\n\n\n\n<p>Adem\u00e1s se eliminar\u00eda a dos consejeros para quedar en nueve, un presidente y ocho consejeros.<\/p>\n\n\n\n<p>Los cambios propuestos entrar\u00edan en vigor a partir de 2028, de modo que no se aplicar\u00edan a la pr\u00f3xima elecci\u00f3n federal de 2027.<\/p>\n\n\n\n<h2 class=\"wp-block-heading\"><strong>Verde conf\u00eda en que sus propuestas sean aprobadas<\/strong><\/h2>\n\n\n\n<p>La reforma&nbsp;que se presentar\u00e1 en los pr\u00f3ximos d\u00edas contar\u00e1 con el aval incondicional de&nbsp;<strong>Morena<\/strong>, mientras que el&nbsp;<strong>Partido Verde<\/strong>&nbsp;expres\u00f3 su confianza en que reflejar\u00e1 sus propuestas aunque la dirigencia aguardar\u00e1 hasta conocerla para fijar una posici\u00f3n final.<\/p>\n\n\n\n<p>Por separado, los coordinadores de&nbsp;<strong>Morena&nbsp;<\/strong>en el&nbsp;<strong>Senado, Ignacio Mier<\/strong>,&nbsp;y&nbsp;<strong>Manuel Velasco<\/strong>, del&nbsp;<strong>Partido Verde<\/strong>, adelantaron en qu\u00e9 punto se encuentra la negociaci\u00f3n actualmente.<\/p>\n\n\n\n<p><strong>Velasco&nbsp;<\/strong>dijo, en el&nbsp;<strong>Senado<\/strong>, que n<a href=\"https:\/\/lasillarota.com\/nacion\/2026\/2\/16\/reforma-electoral-comision-entrega-propuesta-legisladores-sheinbaum-586129.html\" target=\"_blank\" rel=\"noreferrer noopener\">o conoce la iniciativa que se present\u00f3 a Claudia Sheinbaum<\/a>&nbsp;y que el acuerdo en su bancada fue esperar hasta el lunes.<\/p>\n\n\n\n<p>El coordinador del&nbsp;<strong>Partido Verde en el Senado<\/strong>&nbsp;confi\u00f3 en que se tomen en cuenta las propuestas de su partido y el Partido del Trabajo en la iniciativa que se ser\u00e1 presentada la pr\u00f3xima semana.<\/p>\n\n\n\n<p>Adem\u00e1s, dijo que&nbsp;aguardar\u00e1 hasta el pr\u00f3ximo lunes para conocer el texto final de la reforma electoral antes de definir su voto.<\/p>\n\n\n\n<p>\u00abTenemos confianza en que los planteamientos y las propuestas que nosotros hicimos en estas mesas, en la&nbsp;<strong>Secretar\u00eda de Gobernaci\u00f3n<\/strong>. Nosotros estuvimos representados por&nbsp;<strong>Arturo Escobar<\/strong>, y otros miembros del partido, sean tomados en cuenta, a esperar y tenemos confianza de que las propuestas del&nbsp;<strong>Verde&nbsp;<\/strong>hayan sido tomadas en cuenta y podamos salir adelante con esta reforma electoral\u201d, apunt\u00f3.<\/p>\n\n\n\n<p>TAMBI\u00c9N LEE:&nbsp;<a href=\"https:\/\/lasillarota.com\/nacion\/2026\/2\/14\/reforma-electoral-abre-margen-de-negociacion-pt-verde-rumbo-2027-585839.html\" target=\"_blank\" rel=\"noreferrer noopener\">Reforma electoral abre margen de negociaci\u00f3n a PT y Verde rumbo a 2027<\/a><\/p>\n\n\n\n<p>\u00abVamos paso a paso, esto es como los alcoh\u00f3licos, s\u00f3lo por hoy\u00bb, respondi\u00f3 al ser cuestionado sobre qu\u00e9 pasar\u00e1 si no se toma en cuenta el&nbsp;<strong>Partido Verde.<\/strong><\/p>\n\n\n\n<p>Insisti\u00f3 en que a los aliados no se les present\u00f3 el documento con las propuestas que fue entregado en&nbsp;<strong>Palacio Nacional.<\/strong><\/p>\n\n\n\n<h2 class=\"wp-block-heading\">Morena mantendr\u00e1 postura en reforma electoral: Mier<\/h2>\n\n\n\n<p>El&nbsp;<strong>coordinador de los senadores de Morena, Ignacio Mier<\/strong>, afirm\u00f3 que&nbsp;<strong>Morena&nbsp;<\/strong>se mantendr\u00e1 firme sus convicciones sobre los puntos que deben incluirse en la&nbsp;<strong>reforma electoral<\/strong>&nbsp;que se presentar\u00e1 en los pr\u00f3ximos d\u00edas y confi\u00f3 en que pueda salir un acuerdo con sus aliados del&nbsp;<strong>Partido del Trabajo<\/strong>&nbsp;y&nbsp;<strong>Partido Verde<\/strong>.&nbsp;<\/p>\n\n\n\n<p>\u00abNo hay que anticiparnos, pero lo que s\u00ed es que nosotros en&nbsp;<strong>Morena&nbsp;<\/strong>no podemos desfigurarnos: tenemos una convicci\u00f3n con relaci\u00f3n a la austeridad por lo que hace a los procesos electorales, sin que signifique debilitar al \u00e1rbritro; por el contrario, fortalecer la independencia, autonom\u00eda del&nbsp;<strong>Instituto Nacional Electoral<\/strong>, fortalecer la independencia entre los Poderes y garantizar la soberan\u00eda de los estados, por lo que hace a los organismos estatales electorales\u00bb, sostuvo.<\/p>\n\n\n\n<figure class=\"wp-block-image\"><img decoding=\"async\" src=\"https:\/\/lasillarota.com\/u\/fotografias\/m\/2026\/2\/18\/f768x1-835125_835252_5050.jpg\" alt=\"\"\/><figcaption class=\"wp-element-caption\">Ignacio Mier<\/figcaption><\/figure>\n\n\n\n<p>\u00abPero s\u00ed, que quede claro que nosotros nos mantendremos en la postura de que tiene que ser conforme a lo que Morena ha venido manifestando y se\u00f1al\u00e1ndole al pueblo de M\u00e9xico\u00bb, apunt\u00f3.<\/p>\n\n\n\n<p>Afirm\u00f3 que&nbsp;<strong>Morena&nbsp;<\/strong>va a actuar con sus principios cuando llegue la&nbsp;<strong>iniciativa<\/strong>.<\/p>\n\n\n\n<p><strong>Contexto<\/strong>: el lunes, el titular de la&nbsp;<strong>Comisi\u00f3n Presidencial, Pablo G\u00f3mez,<\/strong>&nbsp;la<strong>&nbsp;secretaria de Gobernaci\u00f3n, Rosa Icela Rodr\u00edguez<\/strong>&nbsp;y el&nbsp;<strong>coordinador de Morena en la C\u00e1mara de Diputados, Ricardo Monreal<\/strong>, entregaron a la presidenta Claudia Sheinbaum el documento con las propuestas para la reforma electoral.<\/p>\n\n\n\n<p>En estos d\u00edas, la Presidencia revisar\u00e1 la propuesta para poder presentar la iniciativa la siguiente semana.<\/p>\n\n\n\n<p>Fuente: <a href=\"https:\/\/lasillarota.com\/nacion\/2026\/2\/18\/proponen-adelgazar-senado-condicionan-pluris-presentar-candidatos-en-los-300-distritos-del-pais-586723.html\">https:\/\/lasillarota.com\/nacion\/2026\/2\/18\/proponen-adelgazar-senado-condicionan-pluris-presentar-candidatos-en-los-300-distritos-del-pais-586723.html<\/a><\/p>\n","protected":false},"excerpt":{"rendered":"<p>La Silla Rota cuenta con una copia del documento presentado por la Comisi\u00f3n que cre\u00f3 el gobierno federal; establece que [&hellip;]<\/p>\n","protected":false},"author":1,"featured_media":116975,"comment_status":"open","ping_status":"open","sticky":false,"template":"","format":"standard","meta":{"site-sidebar-layout":"default","site-content-layout":"","ast-site-content-layout":"default","site-content-style":"default","site-sidebar-style":"default","ast-global-header-display":"","ast-banner-title-visibility":"","ast-main-header-display":"","ast-hfb-above-header-display":"","ast-hfb-below-header-display":"","ast-hfb-mobile-header-display":"","site-post-title":"","ast-breadcrumbs-content":"","ast-featured-img":"","footer-sml-layout":"","theme-transparent-header-meta":"","adv-header-id-meta":"","stick-header-meta":"","header-above-stick-meta":"","header-main-stick-meta":"","header-below-stick-meta":"","astra-migrate-meta-layouts":"default","ast-page-background-enabled":"default","ast-page-background-meta":{"desktop":{"background-color":"var(--ast-global-color-4)","background-image":"","background-repeat":"repeat","background-position":"center center","background-size":"auto","background-attachment":"scroll","background-type":"","background-media":"","overlay-type":"","overlay-color":"","overlay-opacity":"","overlay-gradient":""},"tablet":{"background-color":"","background-image":"","background-repeat":"repeat","background-position":"center center","background-size":"auto","background-attachment":"scroll","background-type":"","background-media":"","overlay-type":"","overlay-color":"","overlay-opacity":"","overlay-gradient":""},"mobile":{"background-color":"","background-image":"","background-repeat":"repeat","background-position":"center center","background-size":"auto","background-attachment":"scroll","background-type":"","background-media":"","overlay-type":"","overlay-color":"","overlay-opacity":"","overlay-gradient":""}},"ast-content-background-meta":{"desktop":{"background-color":"var(--ast-global-color-5)","background-image":"","background-repeat":"repeat","background-position":"center center","background-size":"auto","background-attachment":"scroll","background-type":"","background-media":"","overlay-type":"","overlay-color":"","overlay-opacity":"","overlay-gradient":""},"tablet":{"background-color":"var(--ast-global-color-5)","background-image":"","background-repeat":"repeat","background-position":"center center","background-size":"auto","background-attachment":"scroll","background-type":"","background-media":"","overlay-type":"","overlay-color":"","overlay-opacity":"","overlay-gradient":""},"mobile":{"background-color":"var(--ast-global-color-5)","background-image":"","background-repeat":"repeat","background-position":"center center","background-size":"auto","background-attachment":"scroll","background-type":"","background-media":"","overlay-type":"","overlay-color":"","overlay-opacity":"","overlay-gradient":""}},"footnotes":""},"categories":[8],"tags":[46425,3976,247,4119,40753,2185],"class_list":["post-116974","post","type-post","status-publish","format-standard","has-post-thumbnail","hentry","category-noticias","tag-adelgazar-senado-mexico","tag-ignacio-mier-velazco","tag-morena","tag-partido-verde","tag-plurinominales-mexico","tag-reforma-electoral-mexico"],"_links":{"self":[{"href":"https:\/\/losperiodistas.com.mx\/portal\/wp-json\/wp\/v2\/posts\/116974","targetHints":{"allow":["GET"]}}],"collection":[{"href":"https:\/\/losperiodistas.com.mx\/portal\/wp-json\/wp\/v2\/posts"}],"about":[{"href":"https:\/\/losperiodistas.com.mx\/portal\/wp-json\/wp\/v2\/types\/post"}],"author":[{"embeddable":true,"href":"https:\/\/losperiodistas.com.mx\/portal\/wp-json\/wp\/v2\/users\/1"}],"replies":[{"embeddable":true,"href":"https:\/\/losperiodistas.com.mx\/portal\/wp-json\/wp\/v2\/comments?post=116974"}],"version-history":[{"count":1,"href":"https:\/\/losperiodistas.com.mx\/portal\/wp-json\/wp\/v2\/posts\/116974\/revisions"}],"predecessor-version":[{"id":116976,"href":"https:\/\/losperiodistas.com.mx\/portal\/wp-json\/wp\/v2\/posts\/116974\/revisions\/116976"}],"wp:featuredmedia":[{"embeddable":true,"href":"https:\/\/losperiodistas.com.mx\/portal\/wp-json\/wp\/v2\/media\/116975"}],"wp:attachment":[{"href":"https:\/\/losperiodistas.com.mx\/portal\/wp-json\/wp\/v2\/media?parent=116974"}],"wp:term":[{"taxonomy":"category","embeddable":true,"href":"https:\/\/losperiodistas.com.mx\/portal\/wp-json\/wp\/v2\/categories?post=116974"},{"taxonomy":"post_tag","embeddable":true,"href":"https:\/\/losperiodistas.com.mx\/portal\/wp-json\/wp\/v2\/tags?post=116974"}],"curies":[{"name":"wp","href":"https:\/\/api.w.org\/{rel}","templated":true}]}}