{"id":116971,"date":"2026-02-19T06:00:22","date_gmt":"2026-02-19T12:00:22","guid":{"rendered":"https:\/\/losperiodistas.com.mx\/portal\/?p=116971"},"modified":"2026-02-19T06:00:23","modified_gmt":"2026-02-19T12:00:23","slug":"entre-la-transformacion-y-la-confusion-como-funciona-la-nueva-escuela-mexicana-animal-politico","status":"publish","type":"post","link":"https:\/\/losperiodistas.com.mx\/portal\/entre-la-transformacion-y-la-confusion-como-funciona-la-nueva-escuela-mexicana-animal-politico\/","title":{"rendered":"Entre la transformaci\u00f3n y la confusi\u00f3n: \u00bfc\u00f3mo funciona la Nueva Escuela Mexicana? | Animal Pol\u00edtico"},"content":{"rendered":"\n<p class=\"has-medium-font-size\">Impulsada por la Secretar\u00eda de Educaci\u00f3n P\u00fablica, la NEM genera expectativas y cuestionamientos sobre su aplicaci\u00f3n en las aulas, sus principios pedag\u00f3gicos y los retos que enfrenta para incidir en el futuro de la educaci\u00f3n en M\u00e9xico.<\/p>\n\n\n\n<figure class=\"wp-block-image size-full\"><img fetchpriority=\"high\" decoding=\"async\" width=\"1024\" height=\"683\" src=\"https:\/\/losperiodistas.com.mx\/portal\/wp-content\/uploads\/2026\/02\/te_explico_general-14-1024x683-1.webp\" alt=\"\" class=\"wp-image-116972\" srcset=\"https:\/\/losperiodistas.com.mx\/portal\/wp-content\/uploads\/2026\/02\/te_explico_general-14-1024x683-1.webp 1024w, https:\/\/losperiodistas.com.mx\/portal\/wp-content\/uploads\/2026\/02\/te_explico_general-14-1024x683-1-300x200.webp 300w, https:\/\/losperiodistas.com.mx\/portal\/wp-content\/uploads\/2026\/02\/te_explico_general-14-1024x683-1-768x512.webp 768w\" sizes=\"(max-width: 1024px) 100vw, 1024px\" \/><figcaption class=\"wp-element-caption\">na madre lleva a sus hijas a la escuela. Foto: Cuartoscuro.<\/figcaption><\/figure>\n\n\n\n<p class=\"has-medium-font-size\"><strong>Por:\u00a0Jennifer Flores \/ Animal Pol\u00edtico<\/strong><\/p>\n\n\n\n<p><a href=\"https:\/\/twitter.com\/@yinyin_rifa\" target=\"_blank\" rel=\"noreferrer noopener\">@yinyin_rifa\u00a0<\/a><\/p>\n\n\n\n<p><\/p>\n\n\n\n<p><a href=\"https:\/\/www.animalpolitico.com\/politica\/marx-arriaga-protestas-aeropuerto-chihuahua-sep\"><\/a><\/p>\n\n\n\n<p><\/p>\n\n\n\n<p>La discusi\u00f3n p\u00fablica sobre la educaci\u00f3n en M\u00e9xico volvi\u00f3 recientemente al centro del debate tras la&nbsp;<a href=\"https:\/\/animalpolitico.com\/politica\/desalojan-marx-arriaga-sep-libros-de-texto-violencia\" target=\"_blank\" rel=\"noreferrer noopener\">destituci\u00f3n de Marx Arriaga<\/a>, quien hasta hace poco se desempe\u00f1aba como director general de Materiales Educativos de la Secretar\u00eda de Educaci\u00f3n P\u00fablica (SEP). Sus declaraciones en torno a una supuesta \u201cprivatizaci\u00f3n de la educaci\u00f3n\u201d reactivaron cuestionamientos, respaldos y cr\u00edticas hacia la Nueva Escuela Mexicana (NEM), un modelo que plantea una transformaci\u00f3n profunda sobre la forma en que se conciben la ense\u00f1anza y el aprendizaje, pero que desde su implementaci\u00f3n ha generado tanto expectativas de transformaci\u00f3n pedag\u00f3gica como dudas sobre su viabilidad, alcances e impacto real en las aulas.<\/p>\n\n\n\n<p>Frente a ello, la&nbsp;<a href=\"https:\/\/educacionbasica.sep.gob.mx\/wp-content\/uploads\/2024\/05\/La-NEM-y-su-impacto-en-la-sociedad.pdf\" target=\"_blank\" rel=\"noreferrer noopener\">SEP<\/a>&nbsp;ha argumentado que la NEM busca que la educaci\u00f3n no solo transmita conocimientos, sino que contribuya a la formaci\u00f3n de una ciudadan\u00eda cr\u00edtica, solidaria y comprometida con su entorno. La escuela, desde esta perspectiva, es un espacio clave para la construcci\u00f3n de justicia social e inclusi\u00f3n, asegura el organismo.<\/p>\n\n\n\n<p>Impulsada por la SEP, la Nueva Escuela Mexicana ha generado expectativas, pero tambi\u00e9n preguntas y debates entre docentes, madres y padres de familia, especialistas y estudiantes. Comprender en qu\u00e9 consiste este modelo, cu\u00e1les son sus principios y c\u00f3mo se aplica en las aulas resulta fundamental para analizar su alcance, sus retos y su impacto en el futuro de la educaci\u00f3n en M\u00e9xico.<\/p>\n\n\n\n<h2 class=\"wp-block-heading\">El modelo educativo antes de la Nueva Escuela Mexicana<\/h2>\n\n\n\n<p>En su art\u00edculo 3, la&nbsp;<a href=\"https:\/\/www.diputados.gob.mx\/LeyesBiblio\/pdf\/CPEUM.pdf\" target=\"_blank\" rel=\"noreferrer noopener\">Constituci\u00f3n mexicana<\/a>&nbsp;establece que toda persona tiene derecho a la educaci\u00f3n y que el Estado impartir\u00e1 y garantizar\u00e1 su cumplimiento, por lo que el sistema educativo ha sido un eje prioritario para reformarse durante cada gobierno.<\/p>\n\n\n\n<p>Entre algunas de las reformas que han buscado consolidar el sistema p\u00fablico, mejorar la calidad y actualizar los planes de estudio, destacan las realizadas en 1992, 2013 y 2019, las cuales cambiaron aspectos como la evaluaci\u00f3n docente, la autonom\u00eda escolar y los enfoques pedag\u00f3gicos.<\/p>\n\n\n\n<p>Previo a la implementaci\u00f3n de la Nueva Escuela Mexicana, la educaci\u00f3n se reg\u00eda por el&nbsp;<a href=\"https:\/\/www.diputados.gob.mx\/sedia\/sia\/spi\/SAPI-ISS-09-17.pdf\" target=\"_blank\" rel=\"noreferrer noopener\">Modelo Educativo 2017<\/a>&nbsp;\u2014derivado de la&nbsp;<a href=\"https:\/\/www.gob.mx\/cms\/uploads\/attachment\/file\/2924\/Resumen_Ejecutivo_de_la_Reforma_Educativa.pdf\" target=\"_blank\" rel=\"noreferrer noopener\">reforma educativa de 2013<\/a>\u2014 y se centraba en la memorizaci\u00f3n, la teor\u00eda, el personal docente como autoridad m\u00e1xima y la evaluaci\u00f3n a trav\u00e9s de ex\u00e1menes finales, explica Alma Maldonado-Maldonado, acad\u00e9mica, pedagoga e investigadora de las pol\u00edticas educativas en M\u00e9xico y Am\u00e9rica Latina.&nbsp;<\/p>\n\n\n\n<p>Sin embargo, seg\u00fan la&nbsp;<a href=\"https:\/\/sil.gobernacion.gob.mx\/Archivos\/Documentos\/2023\/06\/asun_4579813_20230621_1686670224.pdf\" target=\"_blank\" rel=\"noreferrer noopener\">SEP y promotores de la NEM<\/a>, ese modelo limitaba la participaci\u00f3n activa del estudiantado.<\/p>\n\n\n\n<p>Con base en este argumento, a partir de 2019 surgi\u00f3 el nuevo modelo educativo impulsado por el expresidente Andr\u00e9s Manuel L\u00f3pez Obrador, quien&nbsp;<a href=\"https:\/\/www.diputados.gob.mx\/LeyesBiblio\/iniclave\/64\/CD-LXIV-I-2P-040\/04_dof_15may19.pdf\" target=\"_blank\" rel=\"noreferrer noopener\">reform\u00f3 al art\u00edculo 3 de la Constituci\u00f3n mexicana<\/a>&nbsp;el 15 mayo de ese mismo a\u00f1o para priorizar progresivamente un enfoque humanista, cr\u00edtico y comunitario a partir del ciclo escolar 2019-2020.&nbsp;<\/p>\n\n\n\n<p>Desde su creaci\u00f3n, la Nueva Escuela Mexicana ha generado diversas opiniones. Recientemente,&nbsp;<a href=\"https:\/\/animalpolitico.com\/politica\/desalojan-marx-arriaga-sep-libros-de-texto-violencia\" target=\"_blank\" rel=\"noreferrer noopener\">Marx Arriaga fue destituido de su cargo como director general de Materiales Educativos de la SEP<\/a>&nbsp;despu\u00e9s de que en diciembre del a\u00f1o pasado acus\u00f3 a la dependencia de \u201cquerer privatizar la educaci\u00f3n\u201d.&nbsp;<\/p>\n\n\n\n<p>Sobre ello, la&nbsp;<a href=\"https:\/\/www.gob.mx\/sep\/prensa\/nota-informativa-la-nueva-escuela-mexicana-es-del-pueblo-y-con-el-pueblo-sigue?idiom=es\">presidenta Claudia Sheinbaum<\/a>&nbsp;afirm\u00f3 que \u201ces falso que la NEM est\u00e9 en riesgo (\u2026) sigue porque hay miles de docentes que cada ma\u00f1ana la hacen real, que la adaptan a su tierra, que la reinventan con sus estudiantes y sus comunidades\u201d.&nbsp;<\/p>\n\n\n\n<p>Adem\u00e1s, inform\u00f3 los avances del modelo educativo como el fortalecimiento de la Estrategia Vida Saludable \u2014que erradic\u00f3 la comida chatarra en las escuelas\u2014 y el impulso de las Escuelas Libres de Violencia \u2014con lineamientos publicados en 2025 para la prevenci\u00f3n, atenci\u00f3n y erradicaci\u00f3n del maltrato y la violencia sexual.&nbsp;<\/p>\n\n\n\n<p><\/p>\n\n\n\n<h2 class=\"wp-block-heading\">\u00bfEn qu\u00e9 consiste la Nueva Escuela Mexicana?&nbsp;<\/h2>\n\n\n\n<p>Este nuevo modelo educativo modifica al anterior al desplazar el enfoque educativo de la memorizaci\u00f3n y la ense\u00f1anza dividida en contenidos y encaminarlo hacia un enfoque m\u00e1s integral y humanista. De acuerdo con la&nbsp;<a href=\"https:\/\/dfa.edomex.gob.mx\/sites\/dfa.edomex.gob.mx\/files\/files\/NEM%20principios%20y%20orientacio%C3%ADn%20pedago%C3%ADgica.pdf\" target=\"_blank\" rel=\"noreferrer noopener\">SEP<\/a>, el prop\u00f3sito principal de la NEM es brindar calidad en la ense\u00f1anza, por ello, el sujeto principal de la Nueva Escuela Mexicana es el alumnado.<\/p>\n\n\n\n<p>Principalmente, la NEM promueve la organizaci\u00f3n de los temarios a partir de campos formativos y sustituye las materias por proyectos, lo que permite al estudiantado relacionar conocimientos con situaciones reales de su entorno, seg\u00fan la&nbsp;<a href=\"https:\/\/dfa.edomex.gob.mx\/sites\/dfa.edomex.gob.mx\/files\/files\/NEM%20principios%20y%20orientacio%C3%ADn%20pedago%C3%ADgica.pdf\" target=\"_blank\" rel=\"noreferrer noopener\">SEP<\/a>. \u201cEse es uno de los elementos distintivos del modelo, pero tambi\u00e9n uno de sus principales problemas: no todo se puede ense\u00f1ar a trav\u00e9s de proyectos. Es una propuesta dif\u00edcil de implementar\u201d, asegura Alma Maldonado-Maldonado.&nbsp;<\/p>\n\n\n\n<p>Asimismo, la Nueva Escuela Mexicana transforma la manera de evaluar y el rol del docente: la evaluaci\u00f3n deja de centrarse en calificaciones y ex\u00e1menes para convertirse en un proceso formativo y continuo, que acompa\u00f1a el desarrollo de saberes, habilidades y actitudes en el que el personal docente asume un papel de gu\u00eda del aprendizaje, no de una figura autoritaria.&nbsp;<\/p>\n\n\n\n<p>Sobre ello, Gabriela Conde Moreno, escritora y colaboradora en los libros de primaria NEM, destaca que \u201cexiste la idea de que este modelo no se puede evaluar, pero eso no es cierto. Siguen existiendo pruebas estandarizadas que permiten medir aprendizajes b\u00e1sicos como lectura, escritura, matem\u00e1ticas o ubicaci\u00f3n espacial. Adem\u00e1s, hay indicadores cotidianos muy claros: c\u00f3mo leen y escriben las ni\u00f1as y los ni\u00f1os, c\u00f3mo se organizan colectivamente y c\u00f3mo aplican lo aprendido en su vida diaria\u201d.&nbsp;<\/p>\n\n\n\n<p>Otro de los ejes clave es el enfoque comunitario e intercultural. Ello significa que los aprendizajes se vinculan con la realidad de cada comunidad, su historia, su cultura y sus problem\u00e1ticas. Alma Maldonado-Maldonado expone que priorizar la ense\u00f1anza dentro del contexto social mexicano \u201c es muy problem\u00e1tico porque representa una idea muy romantizada sobre el pa\u00eds. Puede ser una influencia positiva por visibilizar a la cotidianidad mexicana, pero tambi\u00e9n negativa\u201d.&nbsp;<\/p>\n\n\n\n<p><strong><em>Te puede interesar:&nbsp;<\/em><\/strong><a href=\"https:\/\/animalpolitico.com\/verificacion-de-hechos\/te-explico\/sep-reconoce-infancias-trans-no-binarias\" target=\"_blank\" rel=\"noreferrer noopener\"><strong><em>La SEP reconoce a las infancias trans y no binarias: \u00bfqu\u00e9 contienen los nuevos materiales de orientaci\u00f3n para docentes?<\/em><\/strong><\/a><\/p>\n\n\n\n<h2 class=\"wp-block-heading\">Entre la apuesta pedag\u00f3gica y el desgaste docente<\/h2>\n\n\n\n<p>Como colaboradora en el proyecto de la NEM, Gabriela Conde Moreno asegura que es un modelo enorme y vivo, por lo que las dificultades son naturales. \u201cUno de los principales retos es escuchar a las maestras y los maestros que est\u00e1n frente a grupo porque son quienes mejor pueden decir qu\u00e9 funciona y qu\u00e9 no\u201d, destaca.&nbsp;<\/p>\n\n\n\n<p>\u201cHoy sabemos que existen muchas formas de aprender, distintas inteligencias y m\u00faltiples maneras de ser ni\u00f1a o ni\u00f1o. La Nueva Escuela Mexicana busca dejar atr\u00e1s una l\u00f3gica capacitista \u2014de qui\u00e9n puede y qui\u00e9n no\u2014 y apostar por la construcci\u00f3n colectiva del conocimiento a partir de la experiencia\u201d, se\u00f1ala Gabriela Conde Moreno.&nbsp;<\/p>\n\n\n\n<p>\u201cCada sexenio hemos visto una nueva reforma educativa. Hist\u00f3ricamente, cada gobierno ha querido dejar su sello. El problema es que los cambios se hacen sin una evaluaci\u00f3n previa de lo que funcion\u00f3 y lo que no. As\u00ed, el sistema educativo ha sido manipulado durante a\u00f1os\u201d, afirma Alma Maldonado-Maldonado.<\/p>\n\n\n\n<p>Y concluye: \u201cQuienes m\u00e1s resienten esto son las maestras y los maestros. Se les cambia constantemente el modelo, el lenguaje y los conceptos. Aprenden una \u2018nueva\u2019 forma de ense\u00f1ar que pronto es reemplazada por otra. Esto genera desgaste, desorientaci\u00f3n y una sensaci\u00f3n de que se trata m\u00e1s de modas educativas que de pol\u00edticas s\u00f3lidas\u201d.&nbsp;<\/p>\n\n\n\n<p><a href=\"https:\/\/www.animalpolitico.com\/politica\/marx-arriaga-protestas-aeropuerto-chihuahua-sep\">\u00abLos libros no son tuyos\u00bb: Marx Arriaga es recibido con protestas en aeropuerto de Chihuahua<\/a><\/p>\n\n\n\n<p><a href=\"https:\/\/www.animalpolitico.com\/politica\/marx-arriaga-destitucion-sep-abandona-oficinas-atrincherado\"><\/a><\/p>\n\n\n\n<p><a href=\"https:\/\/www.animalpolitico.com\/politica\/marx-arriaga-destitucion-sep-abandona-oficinas-atrincherado\">Marx Arriaga recibe destituci\u00f3n de la SEP y abandona las oficinas tras cuatro d\u00edas atrincherado<\/a><\/p>\n\n\n\n<p><a href=\"https:\/\/www.animalpolitico.com\/politica\/libros-texto-no-se-reharan-enriquecer-marx-arriaga-sep\"><\/a><\/p>\n\n\n\n<p><a href=\"https:\/\/www.animalpolitico.com\/politica\/libros-texto-no-se-reharan-enriquecer-marx-arriaga-sep\">\u201cSe van a enriquecer\u201d: Sheinbaum aclara que libros no se rehar\u00e1n tras despido de Marx Arriaga<\/a><\/p>\n\n\n\n<p>Fuente: <a href=\"https:\/\/www.animalpolitico.com\/verificacion-de-hechos\/te-explico\/como-funciona-nueva-escuela-mexicana\">https:\/\/www.animalpolitico.com\/verificacion-de-hechos\/te-explico\/como-funciona-nueva-escuela-mexicana<\/a><\/p>\n","protected":false},"excerpt":{"rendered":"<p>Impulsada por la Secretar\u00eda de Educaci\u00f3n P\u00fablica, la NEM genera expectativas y cuestionamientos sobre su aplicaci\u00f3n en las aulas, sus [&hellip;]<\/p>\n","protected":false},"author":1,"featured_media":116972,"comment_status":"open","ping_status":"open","sticky":false,"template":"","format":"standard","meta":{"site-sidebar-layout":"default","site-content-layout":"","ast-site-content-layout":"default","site-content-style":"default","site-sidebar-style":"default","ast-global-header-display":"","ast-banner-title-visibility":"","ast-main-header-display":"","ast-hfb-above-header-display":"","ast-hfb-below-header-display":"","ast-hfb-mobile-header-display":"","site-post-title":"","ast-breadcrumbs-content":"","ast-featured-img":"","footer-sml-layout":"","theme-transparent-header-meta":"","adv-header-id-meta":"","stick-header-meta":"","header-above-stick-meta":"","header-main-stick-meta":"","header-below-stick-meta":"","astra-migrate-meta-layouts":"default","ast-page-background-enabled":"default","ast-page-background-meta":{"desktop":{"background-color":"var(--ast-global-color-4)","background-image":"","background-repeat":"repeat","background-position":"center center","background-size":"auto","background-attachment":"scroll","background-type":"","background-media":"","overlay-type":"","overlay-color":"","overlay-opacity":"","overlay-gradient":""},"tablet":{"background-color":"","background-image":"","background-repeat":"repeat","background-position":"center center","background-size":"auto","background-attachment":"scroll","background-type":"","background-media":"","overlay-type":"","overlay-color":"","overlay-opacity":"","overlay-gradient":""},"mobile":{"background-color":"","background-image":"","background-repeat":"repeat","background-position":"center center","background-size":"auto","background-attachment":"scroll","background-type":"","background-media":"","overlay-type":"","overlay-color":"","overlay-opacity":"","overlay-gradient":""}},"ast-content-background-meta":{"desktop":{"background-color":"var(--ast-global-color-5)","background-image":"","background-repeat":"repeat","background-position":"center center","background-size":"auto","background-attachment":"scroll","background-type":"","background-media":"","overlay-type":"","overlay-color":"","overlay-opacity":"","overlay-gradient":""},"tablet":{"background-color":"var(--ast-global-color-5)","background-image":"","background-repeat":"repeat","background-position":"center center","background-size":"auto","background-attachment":"scroll","background-type":"","background-media":"","overlay-type":"","overlay-color":"","overlay-opacity":"","overlay-gradient":""},"mobile":{"background-color":"var(--ast-global-color-5)","background-image":"","background-repeat":"repeat","background-position":"center center","background-size":"auto","background-attachment":"scroll","background-type":"","background-media":"","overlay-type":"","overlay-color":"","overlay-opacity":"","overlay-gradient":""}},"footnotes":""},"categories":[8],"tags":[17812],"class_list":["post-116971","post","type-post","status-publish","format-standard","has-post-thumbnail","hentry","category-noticias","tag-nueva-escuela-mexicana"],"_links":{"self":[{"href":"https:\/\/losperiodistas.com.mx\/portal\/wp-json\/wp\/v2\/posts\/116971","targetHints":{"allow":["GET"]}}],"collection":[{"href":"https:\/\/losperiodistas.com.mx\/portal\/wp-json\/wp\/v2\/posts"}],"about":[{"href":"https:\/\/losperiodistas.com.mx\/portal\/wp-json\/wp\/v2\/types\/post"}],"author":[{"embeddable":true,"href":"https:\/\/losperiodistas.com.mx\/portal\/wp-json\/wp\/v2\/users\/1"}],"replies":[{"embeddable":true,"href":"https:\/\/losperiodistas.com.mx\/portal\/wp-json\/wp\/v2\/comments?post=116971"}],"version-history":[{"count":1,"href":"https:\/\/losperiodistas.com.mx\/portal\/wp-json\/wp\/v2\/posts\/116971\/revisions"}],"predecessor-version":[{"id":116973,"href":"https:\/\/losperiodistas.com.mx\/portal\/wp-json\/wp\/v2\/posts\/116971\/revisions\/116973"}],"wp:featuredmedia":[{"embeddable":true,"href":"https:\/\/losperiodistas.com.mx\/portal\/wp-json\/wp\/v2\/media\/116972"}],"wp:attachment":[{"href":"https:\/\/losperiodistas.com.mx\/portal\/wp-json\/wp\/v2\/media?parent=116971"}],"wp:term":[{"taxonomy":"category","embeddable":true,"href":"https:\/\/losperiodistas.com.mx\/portal\/wp-json\/wp\/v2\/categories?post=116971"},{"taxonomy":"post_tag","embeddable":true,"href":"https:\/\/losperiodistas.com.mx\/portal\/wp-json\/wp\/v2\/tags?post=116971"}],"curies":[{"name":"wp","href":"https:\/\/api.w.org\/{rel}","templated":true}]}}