{"id":116967,"date":"2026-02-19T05:51:10","date_gmt":"2026-02-19T11:51:10","guid":{"rendered":"https:\/\/losperiodistas.com.mx\/portal\/?p=116967"},"modified":"2026-02-19T05:51:12","modified_gmt":"2026-02-19T11:51:12","slug":"cardenal-arizmendi-todos-necesitamos-convertirnos-exaudi","status":"publish","type":"post","link":"https:\/\/losperiodistas.com.mx\/portal\/cardenal-arizmendi-todos-necesitamos-convertirnos-exaudi\/","title":{"rendered":"Cardenal Arizmendi: Todos necesitamos convertirnos | Exaudi"},"content":{"rendered":"\n<p class=\"has-medium-font-size\">Le\u00f3n XIV: \u00abPidamos la fuerza de un ayuno que alcance tambi\u00e9n a la lengua, para que disminuyan las palabras que hieren y crezca el espacio para la voz de los dem\u00e1s\u00bb<\/p>\n\n\n\n<figure class=\"wp-block-image\"><img decoding=\"async\" src=\"https:\/\/exaudi.org\/wp-content\/uploads\/2026\/02\/pexels-automnenoble-1033797-1024x683.jpg\" alt=\"Cardenal Arizmendi: Todos necesitamos convertirnos\"\/><\/figure>\n\n\n\n<p><a href=\"https:\/\/www.facebook.com\/sharer\/sharer.php?u=https%3A%2F%2Fexaudi.org%2Fes%2Fcardenal-arizmendi-todos-necesitamos-convertirnos%2F\" target=\"_blank\" rel=\"noreferrer noopener\"><\/a><a href=\"https:\/\/twitter.com\/intent\/tweet?url=https%3A%2F%2Fexaudi.org%2Fes%2Fcardenal-arizmendi-todos-necesitamos-convertirnos%2F&amp;text=Cardenal+Arizmendi%3A+Todos+necesitamos+convertirnos\" target=\"_blank\" rel=\"noreferrer noopener\"><\/a><a href=\"https:\/\/www.linkedin.com\/sharing\/share-offsite\/?url=https%3A%2F%2Fexaudi.org%2Fes%2Fcardenal-arizmendi-todos-necesitamos-convertirnos%2F\" target=\"_blank\" rel=\"noreferrer noopener\"><\/a><a href=\"https:\/\/api.whatsapp.com\/send?text=Cardenal+Arizmendi%3A+Todos+necesitamos+convertirnos%20https%3A%2F%2Fexaudi.org%2Fes%2Fcardenal-arizmendi-todos-necesitamos-convertirnos%2F\" target=\"_blank\" rel=\"noreferrer noopener\"><\/a><a href=\"https:\/\/t.me\/share\/url?url=https%3A%2F%2Fexaudi.org%2Fes%2Fcardenal-arizmendi-todos-necesitamos-convertirnos%2F&amp;text=Cardenal+Arizmendi%3A+Todos+necesitamos+convertirnos\" target=\"_blank\" rel=\"noreferrer noopener\"><\/a><\/p>\n\n\n\n<p>El&nbsp;<a href=\"https:\/\/exaudi.org\/es\/author\/felipearizmendi\/\" target=\"_blank\" rel=\"noreferrer noopener\">cardenal Felipe Arizmendi<\/a>, obispo em\u00e9rito de San Crist\u00f3bal de Las Casas y responsable de la Doctrina de la Fe en la&nbsp;<a href=\"https:\/\/www.cem.org.mx\/\" target=\"_blank\" rel=\"noreferrer noopener\">Conferencia del Episcopado Mexicano (CEM)<\/a>, ofrece a los lectores de Exaudi su art\u00edculo semanal.<\/p>\n\n\n\n<figure class=\"wp-block-embed is-type-rich is-provider-spotify wp-block-embed-spotify wp-embed-aspect-21-9 wp-has-aspect-ratio\"><div class=\"wp-block-embed__wrapper\">\n<iframe title=\"Spotify Embed: Cardenal Arizmendi: Todos necesitamos convertirnos\" style=\"border-radius: 12px\" width=\"100%\" height=\"152\" frameborder=\"0\" allowfullscreen allow=\"autoplay; clipboard-write; encrypted-media; fullscreen; picture-in-picture\" loading=\"lazy\" src=\"https:\/\/open.spotify.com\/embed\/episode\/7mMRaZV3QxaYpG2KE4fGST?si=0xYoOudfSWKUgg5HT_i_jA&amp;utm_source=oembed\"><\/iframe>\n<\/div><\/figure>\n\n\n\n<h3 class=\"wp-block-heading\"><strong>HECHOS<\/strong><\/h3>\n\n\n\n<p>Estamos iniciando la Cuaresma, que es un tiempo propicio para corregir errores y esforzarnos para resucitar con Cristo a una vida nueva. Sin embargo, para algunos, este tiempo pasa desapercibido. Para otros, es s\u00f3lo una costumbre de recibir ceniza y de ver las representaciones de la Semana Santa, como un espect\u00e1culo para entretenerse.<\/p>\n\n\n\n<p>Hay quienes hacen algunos sacrificios tanto para controlar la comida y la bebida, como para unirse a la Pasi\u00f3n de Jes\u00fas, ofreciendo sus privaciones para el perd\u00f3n de los pecados, propios y ajenos. Unos ofrecen no comer pan o tortillas, abstenerse de ver tanta televisi\u00f3n y dejar unos ratos su celular, levantarse m\u00e1s temprano y ayudar m\u00e1s en las tareas del hogar. Otros ofrecen abstenerse de bebidas embriagantes durante estos d\u00edas, pero pasando, vuelven a lo de antes. Es laudable su sacrificio y no se le puede menospreciar, pero todos esperar\u00edamos que este control fuera m\u00e1s permanente, por su propio bien y por el bienestar de la familia.<\/p>\n\n\n\n<p>Por lo contrario, no faltan quienes se consideran casi perfectos y no reconocen sus propios errores. Echan la culpa a los dem\u00e1s de todo, pero ellos no aceptan estar fallando tambi\u00e9n. Como en un matrimonio: el esposo, sobre todo si es de los antiguos machos, no acepta que \u00e9l est\u00e1 mal y culpa a la esposa de cualquier cosa; nada le parece bien, por sus propios complejos machistas. Y al rev\u00e9s: la esposa que se siente perfecta y no asume los cambios que deber\u00eda procurar en su forma de ser y de actuar, por el bien de los hijos y del matrimonio. El peor defecto es no aceptar los propios errores.<\/p>\n\n\n\n<h3 class=\"wp-block-heading\"><strong>ILUMINACION<\/strong><\/h3>\n\n\n\n<p>El Papa Le\u00f3n XIV, en su Mensaje para esta Cuaresma, nos invita a abrir el coraz\u00f3n a Dios y a los dem\u00e1s. Y nos propone unas abstinencias de la lengua muy concretas. Dice:<\/p>\n\n\n\n<p><em>\u201cLa Cuaresma es el tiempo en el que la Iglesia, con solicitud maternal, nos invita a poner de nuevo el misterio de Dios en el centro de nuestra vida, para que nuestra fe recobre su impulso y el coraz\u00f3n no se disperse entre las inquietudes y distracciones cotidianas.<\/em><\/p>\n\n\n\n<p><em>Todo camino de conversi\u00f3n comienza cuando nos dejamos alcanzar por la Palabra y la acogemos con docilidad de esp\u00edritu. Existe, por tanto, un v\u00ednculo entre el don de la Palabra de Dios, el espacio de hospitalidad que le ofrecemos y la transformaci\u00f3n que ella realiza. Por eso, el itinerario cuaresmal se convierte en una ocasi\u00f3n propicia para escuchar la voz del Se\u00f1or y renovar la decisi\u00f3n de seguir a Cristo, recorriendo con \u00c9l el camino que sube a Jerusal\u00e9n, donde se cumple el misterio de su pasi\u00f3n, muerte y resurrecci\u00f3n.<\/em><\/p>\n\n\n\n<p><em>Este a\u00f1o me gustar\u00eda llamar la atenci\u00f3n sobre la importancia de dar espacio a la Palabra a trav\u00e9s de la&nbsp;escucha, ya que la disposici\u00f3n a escuchar es el primer signo con el que se manifiesta el deseo de entrar en relaci\u00f3n con el otro.<\/em><\/p>\n\n\n\n<p><em>Dios mismo, al revelarse a Mois\u00e9s desde la zarza ardiente, muestra que la escucha es un rasgo distintivo de su ser: \u00abYo he visto la opresi\u00f3n de mi pueblo, que est\u00e1 en Egipto, y he o\u00eddo los gritos de dolor\u00bb (Ex&nbsp;3,7). La escucha del clamor de los oprimidos es el comienzo de una historia de liberaci\u00f3n, en la que el Se\u00f1or involucra tambi\u00e9n a Mois\u00e9s, envi\u00e1ndolo a abrir un camino de salvaci\u00f3n para sus hijos reducidos a la esclavitud.<\/em><\/p>\n\n\n\n<p><em>La escucha de la Palabra en la liturgia nos educa para una escucha m\u00e1s verdadera de la realidad. Entre las muchas voces que atraviesan nuestra vida personal y social, las Sagradas Escrituras nos hacen capaces de reconocer la voz que clama desde el sufrimiento y la injusticia, para que no quede sin respuesta. Entrar en esta disposici\u00f3n interior de receptividad significa dejarnos instruir hoy por Dios para escuchar&nbsp;como&nbsp;\u00c9l, hasta reconocer que la condici\u00f3n de los pobres representa un grito que, en la historia de la humanidad, interpela constantemente nuestra vida, nuestras sociedades, los sistemas pol\u00edticos y econ\u00f3micos, y especialmente a la Iglesia.&nbsp;<\/em><\/p>\n\n\n\n<p><em>Si la Cuaresma es tiempo de escucha, el&nbsp;ayuno&nbsp;constituye una pr\u00e1ctica concreta que dispone a la acogida de la Palabra de Dios. La abstinencia de alimento, en efecto, es un ejercicio asc\u00e9tico antiqu\u00edsimo e insustituible en el camino de la conversi\u00f3n.<\/em><\/p>\n\n\n\n<p><em>Sin embargo, para que el ayuno conserve su verdad evang\u00e9lica y evite la tentaci\u00f3n de enorgullecer el coraz\u00f3n, debe vivirse siempre con fe y humildad. El ayuno debe incluir tambi\u00e9n otras formas de privaci\u00f3n destinadas a hacernos adquirir un estilo de vida m\u00e1s sobrio. Por eso, me gustar\u00eda invitarles a una forma de abstinencia muy concreta y a menudo poco apreciada, es decir, la de abstenerse de utilizar palabras que afectan y lastiman a nuestro pr\u00f3jimo. Empecemos a desarmar el lenguaje, renunciando a las palabras hirientes, al juicio inmediato, a hablar mal de quienes est\u00e1n ausentes y no pueden defenderse, a las calumnias. Esforc\u00e9monos, en cambio, por aprender a medir las palabras y a cultivar la amabilidad: en la familia, entre amigos, en el lugar de trabajo, en las redes sociales, en los debates pol\u00edticos, en los medios de comunicaci\u00f3n y en las comunidades cristianas. Entonces, muchas palabras de odio dar\u00e1n paso a palabras de esperanza y paz\u201d. &nbsp;<\/em><\/p>\n\n\n\n<h3 class=\"wp-block-heading\"><strong>ACCIONES<\/strong><\/h3>\n\n\n\n<p>El mismo Papa recomienda:&nbsp;<em>\u201cPidamos la gracia de vivir una Cuaresma que haga m\u00e1s atento nuestro o\u00eddo a Dios y a los m\u00e1s necesitados. Pidamos la fuerza de un ayuno que alcance tambi\u00e9n a la lengua, para que disminuyan las palabras que hieren y crezca el espacio para la voz de los dem\u00e1s. Y compromet\u00e1monos para que nuestras comunidades se conviertan en lugares donde el grito de los que sufren encuentre acogida y la escucha genere caminos de liberaci\u00f3n, haci\u00e9ndonos m\u00e1s dispuestos y diligentes para contribuir a edificar la civilizaci\u00f3n del amor\u201d.<\/em><\/p>\n\n\n\n<figure class=\"wp-block-embed is-type-rich is-provider-gestor-del-servicio wp-block-embed-gestor-del-servicio\"><div class=\"wp-block-embed__wrapper\">\nhttps:\/\/youtube.com\/watch?v=JQD9Ty8c_CU%3Ffeature%3Doembed\n<\/div><\/figure>\n\n\n\n<figure class=\"wp-block-image\"><img decoding=\"async\" src=\"https:\/\/exaudi.org\/wp-content\/uploads\/2026\/02\/Copia-de-voces-2.jpg\" alt=\"\" class=\"wp-image-158355\"\/><\/figure>\n\n\n\n<p><a href=\"mailto:felipearizmendi@exaudi.org\" target=\"_blank\" rel=\"noreferrer noopener\"><\/a><\/p>\n\n\n\n<p>Fuente: <a href=\"https:\/\/exaudi.org\/es\/cardenal-arizmendi-todos-necesitamos-convertirnos\/\">https:\/\/exaudi.org\/es\/cardenal-arizmendi-todos-necesitamos-convertirnos\/<\/a><\/p>\n","protected":false},"excerpt":{"rendered":"<p>Le\u00f3n XIV: \u00abPidamos la fuerza de un ayuno que alcance tambi\u00e9n a la lengua, para que disminuyan las palabras que [&hellip;]<\/p>\n","protected":false},"author":1,"featured_media":116969,"comment_status":"open","ping_status":"open","sticky":false,"template":"","format":"standard","meta":{"site-sidebar-layout":"default","site-content-layout":"","ast-site-content-layout":"default","site-content-style":"default","site-sidebar-style":"default","ast-global-header-display":"","ast-banner-title-visibility":"","ast-main-header-display":"","ast-hfb-above-header-display":"","ast-hfb-below-header-display":"","ast-hfb-mobile-header-display":"","site-post-title":"","ast-breadcrumbs-content":"","ast-featured-img":"","footer-sml-layout":"","theme-transparent-header-meta":"","adv-header-id-meta":"","stick-header-meta":"","header-above-stick-meta":"","header-main-stick-meta":"","header-below-stick-meta":"","astra-migrate-meta-layouts":"default","ast-page-background-enabled":"default","ast-page-background-meta":{"desktop":{"background-color":"var(--ast-global-color-4)","background-image":"","background-repeat":"repeat","background-position":"center center","background-size":"auto","background-attachment":"scroll","background-type":"","background-media":"","overlay-type":"","overlay-color":"","overlay-opacity":"","overlay-gradient":""},"tablet":{"background-color":"","background-image":"","background-repeat":"repeat","background-position":"center center","background-size":"auto","background-attachment":"scroll","background-type":"","background-media":"","overlay-type":"","overlay-color":"","overlay-opacity":"","overlay-gradient":""},"mobile":{"background-color":"","background-image":"","background-repeat":"repeat","background-position":"center center","background-size":"auto","background-attachment":"scroll","background-type":"","background-media":"","overlay-type":"","overlay-color":"","overlay-opacity":"","overlay-gradient":""}},"ast-content-background-meta":{"desktop":{"background-color":"var(--ast-global-color-5)","background-image":"","background-repeat":"repeat","background-position":"center center","background-size":"auto","background-attachment":"scroll","background-type":"","background-media":"","overlay-type":"","overlay-color":"","overlay-opacity":"","overlay-gradient":""},"tablet":{"background-color":"var(--ast-global-color-5)","background-image":"","background-repeat":"repeat","background-position":"center center","background-size":"auto","background-attachment":"scroll","background-type":"","background-media":"","overlay-type":"","overlay-color":"","overlay-opacity":"","overlay-gradient":""},"mobile":{"background-color":"var(--ast-global-color-5)","background-image":"","background-repeat":"repeat","background-position":"center center","background-size":"auto","background-attachment":"scroll","background-type":"","background-media":"","overlay-type":"","overlay-color":"","overlay-opacity":"","overlay-gradient":""}},"footnotes":""},"categories":[8],"tags":[34288,8432],"class_list":["post-116967","post","type-post","status-publish","format-standard","has-post-thumbnail","hentry","category-noticias","tag-cardenal-felipe-arizmendi","tag-cuaresma"],"_links":{"self":[{"href":"https:\/\/losperiodistas.com.mx\/portal\/wp-json\/wp\/v2\/posts\/116967","targetHints":{"allow":["GET"]}}],"collection":[{"href":"https:\/\/losperiodistas.com.mx\/portal\/wp-json\/wp\/v2\/posts"}],"about":[{"href":"https:\/\/losperiodistas.com.mx\/portal\/wp-json\/wp\/v2\/types\/post"}],"author":[{"embeddable":true,"href":"https:\/\/losperiodistas.com.mx\/portal\/wp-json\/wp\/v2\/users\/1"}],"replies":[{"embeddable":true,"href":"https:\/\/losperiodistas.com.mx\/portal\/wp-json\/wp\/v2\/comments?post=116967"}],"version-history":[{"count":1,"href":"https:\/\/losperiodistas.com.mx\/portal\/wp-json\/wp\/v2\/posts\/116967\/revisions"}],"predecessor-version":[{"id":116970,"href":"https:\/\/losperiodistas.com.mx\/portal\/wp-json\/wp\/v2\/posts\/116967\/revisions\/116970"}],"wp:featuredmedia":[{"embeddable":true,"href":"https:\/\/losperiodistas.com.mx\/portal\/wp-json\/wp\/v2\/media\/116969"}],"wp:attachment":[{"href":"https:\/\/losperiodistas.com.mx\/portal\/wp-json\/wp\/v2\/media?parent=116967"}],"wp:term":[{"taxonomy":"category","embeddable":true,"href":"https:\/\/losperiodistas.com.mx\/portal\/wp-json\/wp\/v2\/categories?post=116967"},{"taxonomy":"post_tag","embeddable":true,"href":"https:\/\/losperiodistas.com.mx\/portal\/wp-json\/wp\/v2\/tags?post=116967"}],"curies":[{"name":"wp","href":"https:\/\/api.w.org\/{rel}","templated":true}]}}