{"id":11695,"date":"2021-08-17T08:15:34","date_gmt":"2021-08-17T13:15:34","guid":{"rendered":"http:\/\/losperiodistas.com.mx\/portal\/?p=11695"},"modified":"2021-08-17T08:15:36","modified_gmt":"2021-08-17T13:15:36","slug":"dialogo-economico-de-alto-nivel-entre-mexico-y-eu-sera-el-9-de-septiembre-en-washington-ebrard-el-economista","status":"publish","type":"post","link":"https:\/\/losperiodistas.com.mx\/portal\/dialogo-economico-de-alto-nivel-entre-mexico-y-eu-sera-el-9-de-septiembre-en-washington-ebrard-el-economista\/","title":{"rendered":"Di\u00e1logo econ\u00f3mico de alto nivel entre M\u00e9xico y EU ser\u00e1 el 9 de septiembre en Washington: Ebrard | El Economista"},"content":{"rendered":"\n<p style=\"font-size:18px\"><em>El canciller Marcelo Ebrard anunci\u00f3 en la conferencia matutina de este martes que el presidente Andr\u00e9s Manuel L\u00f3pez Obrador se reunir\u00e1 con el mandatario estadounidense Joe Biden el pr\u00f3ximo 9 de septiembre en Washington.<\/em><\/p>\n\n\n\n<figure class=\"wp-block-image size-large\"><img fetchpriority=\"high\" decoding=\"async\" width=\"1024\" height=\"578\" src=\"https:\/\/losperiodistas.com.mx\/portal\/wp-content\/uploads\/2021\/08\/Captura-de-Pantalla-2021-08-17-a-las-8.13.24-1024x578.jpg\" alt=\"\" class=\"wp-image-11696\" srcset=\"https:\/\/losperiodistas.com.mx\/portal\/wp-content\/uploads\/2021\/08\/Captura-de-Pantalla-2021-08-17-a-las-8.13.24-1024x578.jpg 1024w, https:\/\/losperiodistas.com.mx\/portal\/wp-content\/uploads\/2021\/08\/Captura-de-Pantalla-2021-08-17-a-las-8.13.24-300x169.jpg 300w, https:\/\/losperiodistas.com.mx\/portal\/wp-content\/uploads\/2021\/08\/Captura-de-Pantalla-2021-08-17-a-las-8.13.24-768x434.jpg 768w, https:\/\/losperiodistas.com.mx\/portal\/wp-content\/uploads\/2021\/08\/Captura-de-Pantalla-2021-08-17-a-las-8.13.24.jpg 1516w\" sizes=\"(max-width: 1024px) 100vw, 1024px\" \/><\/figure>\n\n\n\n<p class=\"has-vivid-cyan-blue-color has-text-color has-medium-font-size\">REDACCI\u00d3N EL ECONOMISTA<\/p>\n\n\n\n<p>El canciller&nbsp;<strong>Marcelo Ebrard<\/strong>&nbsp;anunci\u00f3 en la conferencia matutina de este martes que el presidente&nbsp;<strong>Andr\u00e9s Manuel L\u00f3pez Obrador<\/strong>&nbsp;se reunir\u00e1 con el mandatario estadounidense&nbsp;<strong>Joe Biden<\/strong>&nbsp;el pr\u00f3ximo 9 de septiembre en Washington.<\/p>\n\n\n\n<p>El secretario de&nbsp;<strong>Relaciones Exteriores<\/strong>&nbsp;precis\u00f3 que en el&nbsp;<a href=\"https:\/\/www.eleconomista.com.mx\/politica\/Habra-dialogo-de-alto-nivel-entre-Mexico-y-EU-sobre-reactivacion-economica-Ebrard-20210810-0068.html\" target=\"_blank\" rel=\"noreferrer noopener\">Di\u00e1logo Econ\u00f3mico de Alto Nivel entre M\u00e9xico y Estados Unidos<\/a>&nbsp;estar\u00e1n en la agenda cuatro puntos:&nbsp;<\/p>\n\n\n\n<ol class=\"wp-block-list\"><li>Relocalizaci\u00f3n de las cadenas de suministro<\/li><li>Mecanismos de coordinaci\u00f3n en situaciones de emergencia<\/li><li>Cooperaci\u00f3n para desarrollo en el Sur de M\u00e9xico y Centroam\u00e9rica&nbsp;<\/li><li>Infraestructura fronteriza<\/li><\/ol>\n\n\n\n<p>Por su parte el presidente agradeci\u00f3\u00a0al gobierno de Estados Unidos su apoyo y colaboraci\u00f3n por los 8.5 millones de vacunas que don\u00f3 el pa\u00eds vecino del Norte y destac\u00f3\u00a0que con\u00a0<strong>Joe Biden<\/strong>\u00a0lleva muy buena relaci\u00f3n.<\/p>\n\n\n\n<p>Fuente: https:\/\/www.eleconomista.com.mx\/politica\/Dialogo-economico-de-alto-nivel-entre-Mexico-y-EU-sera-el-9-de-septiembre-en-Washington-Ebrard-20210817-0031.html<\/p>\n","protected":false},"excerpt":{"rendered":"<p>El canciller Marcelo Ebrard anunci\u00f3 en la conferencia matutina de este martes que el presidente Andr\u00e9s Manuel L\u00f3pez Obrador se [&hellip;]<\/p>\n","protected":false},"author":1,"featured_media":11696,"comment_status":"open","ping_status":"open","sticky":false,"template":"","format":"standard","meta":{"site-sidebar-layout":"default","site-content-layout":"","ast-site-content-layout":"default","site-content-style":"default","site-sidebar-style":"default","ast-global-header-display":"","ast-banner-title-visibility":"","ast-main-header-display":"","ast-hfb-above-header-display":"","ast-hfb-below-header-display":"","ast-hfb-mobile-header-display":"","site-post-title":"","ast-breadcrumbs-content":"","ast-featured-img":"","footer-sml-layout":"","theme-transparent-header-meta":"","adv-header-id-meta":"","stick-header-meta":"","header-above-stick-meta":"","header-main-stick-meta":"","header-below-stick-meta":"","astra-migrate-meta-layouts":"default","ast-page-background-enabled":"default","ast-page-background-meta":{"desktop":{"background-color":"var(--ast-global-color-4)","background-image":"","background-repeat":"repeat","background-position":"center center","background-size":"auto","background-attachment":"scroll","background-type":"","background-media":"","overlay-type":"","overlay-color":"","overlay-opacity":"","overlay-gradient":""},"tablet":{"background-color":"","background-image":"","background-repeat":"repeat","background-position":"center center","background-size":"auto","background-attachment":"scroll","background-type":"","background-media":"","overlay-type":"","overlay-color":"","overlay-opacity":"","overlay-gradient":""},"mobile":{"background-color":"","background-image":"","background-repeat":"repeat","background-position":"center center","background-size":"auto","background-attachment":"scroll","background-type":"","background-media":"","overlay-type":"","overlay-color":"","overlay-opacity":"","overlay-gradient":""}},"ast-content-background-meta":{"desktop":{"background-color":"var(--ast-global-color-5)","background-image":"","background-repeat":"repeat","background-position":"center center","background-size":"auto","background-attachment":"scroll","background-type":"","background-media":"","overlay-type":"","overlay-color":"","overlay-opacity":"","overlay-gradient":""},"tablet":{"background-color":"var(--ast-global-color-5)","background-image":"","background-repeat":"repeat","background-position":"center center","background-size":"auto","background-attachment":"scroll","background-type":"","background-media":"","overlay-type":"","overlay-color":"","overlay-opacity":"","overlay-gradient":""},"mobile":{"background-color":"var(--ast-global-color-5)","background-image":"","background-repeat":"repeat","background-position":"center center","background-size":"auto","background-attachment":"scroll","background-type":"","background-media":"","overlay-type":"","overlay-color":"","overlay-opacity":"","overlay-gradient":""}},"footnotes":""},"categories":[8],"tags":[3308],"class_list":["post-11695","post","type-post","status-publish","format-standard","has-post-thumbnail","hentry","category-noticias","tag-amlo-reunion-biden"],"_links":{"self":[{"href":"https:\/\/losperiodistas.com.mx\/portal\/wp-json\/wp\/v2\/posts\/11695","targetHints":{"allow":["GET"]}}],"collection":[{"href":"https:\/\/losperiodistas.com.mx\/portal\/wp-json\/wp\/v2\/posts"}],"about":[{"href":"https:\/\/losperiodistas.com.mx\/portal\/wp-json\/wp\/v2\/types\/post"}],"author":[{"embeddable":true,"href":"https:\/\/losperiodistas.com.mx\/portal\/wp-json\/wp\/v2\/users\/1"}],"replies":[{"embeddable":true,"href":"https:\/\/losperiodistas.com.mx\/portal\/wp-json\/wp\/v2\/comments?post=11695"}],"version-history":[{"count":1,"href":"https:\/\/losperiodistas.com.mx\/portal\/wp-json\/wp\/v2\/posts\/11695\/revisions"}],"predecessor-version":[{"id":11697,"href":"https:\/\/losperiodistas.com.mx\/portal\/wp-json\/wp\/v2\/posts\/11695\/revisions\/11697"}],"wp:featuredmedia":[{"embeddable":true,"href":"https:\/\/losperiodistas.com.mx\/portal\/wp-json\/wp\/v2\/media\/11696"}],"wp:attachment":[{"href":"https:\/\/losperiodistas.com.mx\/portal\/wp-json\/wp\/v2\/media?parent=11695"}],"wp:term":[{"taxonomy":"category","embeddable":true,"href":"https:\/\/losperiodistas.com.mx\/portal\/wp-json\/wp\/v2\/categories?post=11695"},{"taxonomy":"post_tag","embeddable":true,"href":"https:\/\/losperiodistas.com.mx\/portal\/wp-json\/wp\/v2\/tags?post=11695"}],"curies":[{"name":"wp","href":"https:\/\/api.w.org\/{rel}","templated":true}]}}