{"id":11686,"date":"2021-08-17T04:06:39","date_gmt":"2021-08-17T09:06:39","guid":{"rendered":"http:\/\/losperiodistas.com.mx\/portal\/?p=11686"},"modified":"2021-08-17T04:06:41","modified_gmt":"2021-08-17T09:06:41","slug":"las-vidas-y-los-medios-de-subsistencia-de-los-afganos-cambian-aun-mas-a-medida-que-termina-la-ocupacion-estadounidense-the-conversation","status":"publish","type":"post","link":"https:\/\/losperiodistas.com.mx\/portal\/las-vidas-y-los-medios-de-subsistencia-de-los-afganos-cambian-aun-mas-a-medida-que-termina-la-ocupacion-estadounidense-the-conversation\/","title":{"rendered":"Las vidas y los medios de subsistencia de los afganos cambian a\u00fan m\u00e1s a medida que termina la ocupaci\u00f3n estadounidense | The Conversation"},"content":{"rendered":"\n<p style=\"font-size:18px\"><em>Miles de familias, obligadas a abandonar sus hogares por los enfrentamientos entre los talibanes y las fuerzas gubernamentales afganas, buscan refugio en un parque de Kabul.\u00a0<\/em><\/p>\n\n\n\n<figure class=\"wp-block-image size-large\"><img fetchpriority=\"high\" decoding=\"async\" width=\"1024\" height=\"310\" src=\"https:\/\/losperiodistas.com.mx\/portal\/wp-content\/uploads\/2021\/08\/Captura-de-Pantalla-2021-08-17-a-las-4.01.49-1024x310.jpg\" alt=\"\" class=\"wp-image-11687\" srcset=\"https:\/\/losperiodistas.com.mx\/portal\/wp-content\/uploads\/2021\/08\/Captura-de-Pantalla-2021-08-17-a-las-4.01.49-1024x310.jpg 1024w, https:\/\/losperiodistas.com.mx\/portal\/wp-content\/uploads\/2021\/08\/Captura-de-Pantalla-2021-08-17-a-las-4.01.49-300x91.jpg 300w, https:\/\/losperiodistas.com.mx\/portal\/wp-content\/uploads\/2021\/08\/Captura-de-Pantalla-2021-08-17-a-las-4.01.49-768x233.jpg 768w, https:\/\/losperiodistas.com.mx\/portal\/wp-content\/uploads\/2021\/08\/Captura-de-Pantalla-2021-08-17-a-las-4.01.49-1536x465.jpg 1536w, https:\/\/losperiodistas.com.mx\/portal\/wp-content\/uploads\/2021\/08\/Captura-de-Pantalla-2021-08-17-a-las-4.01.49-2048x620.jpg 2048w\" sizes=\"(max-width: 1024px) 100vw, 1024px\" \/><figcaption><a href=\"https:\/\/www.gettyimages.com\/detail\/news-photo\/thousands-of-displaced-families-suffer-hardships-in-a-park-news-photo\/1234621883\">Agencia Haroon Sabawoon \/ Anadolu a trav\u00e9s de Getty Images<\/a><\/figcaption><\/figure>\n\n\n\n<p class=\"has-vivid-cyan-blue-color has-text-color has-medium-font-size\">ABDULKADER SINNO \/ THE CONVERSATION<\/p>\n\n\n\n<p>Estados Unidos invadi\u00f3 Afganist\u00e1n a fines de 2001 con el objetivo de&nbsp;<a href=\"https:\/\/www.nytimes.com\/article\/afghanistan-war-us.html\">destruir al-Qaida y sus anfitriones talibanes<\/a>&nbsp;y, supuestamente,&nbsp;<a href=\"https:\/\/www.jstor.org\/stable\/23524156\">establecer un estado afgano democr\u00e1tico<\/a>&nbsp;y ayudar a las mujeres y los ni\u00f1os afganos.<\/p>\n\n\n\n<p>Veinte a\u00f1os despu\u00e9s, Estados Unidos y su coalici\u00f3n de unos 40 aliados han cerrado sus bases y retirado, con pocas excepciones, sus \u00faltimas tropas.&nbsp;Los&nbsp;<a href=\"https:\/\/www.cnn.com\/2021\/08\/16\/middleeast\/taliban-control-afghanistan-explained-intl-hnk\/index.html\">talibanes se han apoderado de la mayor parte del pa\u00eds<\/a>&nbsp;, incluida su capital, Kabul.<\/p>\n\n\n\n<p>M\u00e1s de 5,000&nbsp;<a href=\"http:\/\/icasualties.org\/\">soldados<\/a>&nbsp;y&nbsp;<a href=\"https:\/\/www.dol.gov\/owcp\/dlhwc\/dbaallnation.htm\">contratistas<\/a>&nbsp;estadounidenses&nbsp;murieron durante ese tiempo.&nbsp;Otros&nbsp;<a href=\"http:\/\/icasualties.org\/\">1.200 soldados de la coalici\u00f3n<\/a>&nbsp;tambi\u00e9n murieron.&nbsp;Al-Qaida no est\u00e1 derrotado;&nbsp;todav\u00eda est\u00e1 en Afganist\u00e1n y, en general, tiene considerablemente&nbsp;<a href=\"https:\/\/www.bbc.com\/news\/world-asia-48056433\">m\u00e1s miembros y opera en muchos m\u00e1s territorios<\/a>&nbsp;alrededor del mundo que en 2001. Una lectura cuidadosa del&nbsp;<a href=\"https:\/\/www.state.gov\/wp-content\/uploads\/2020\/02\/Agreement-For-Bringing-Peace-to-Afghanistan-02.29.20.pdf\">acuerdo de paz de<\/a>&nbsp;febrero de 2020&nbsp;entre la administraci\u00f3n Trump y los talibanes, un acuerdo que&nbsp;<a href=\"https:\/\/www.bbc.com\/news\/world-asia-55775522\">aparentemente la<\/a>&nbsp;administraci\u00f3n Biden&nbsp;<a href=\"https:\/\/www.bbc.com\/news\/world-asia-55775522\">adhiri\u00e9ndose<\/a>&nbsp;, revela que los talibanes casi no hicieron concesiones a cambio de la retirada de Estados Unidos.<\/p>\n\n\n\n<p>Como&nbsp;<a href=\"http:\/\/sinno.com\/publications---data.html\">investigador<\/a>&nbsp;desde hace mucho tiempo&nbsp;<a href=\"http:\/\/sinno.com\/publications---data.html\">de los conflictos de Afganist\u00e1n<\/a>&nbsp;, he observado c\u00f3mo la vida y los medios de subsistencia de los afganos se han visto afectados por la fallida ocupaci\u00f3n occidental de su pa\u00eds durante 20 a\u00f1os.<\/p>\n\n\n\n<figure class=\"wp-block-image\"><a href=\"https:\/\/images.theconversation.com\/files\/416073\/original\/file-20210813-27-a98d4m.jpg?ixlib=rb-1.1.0&amp;q=45&amp;auto=format&amp;w=1000&amp;fit=clip\"><img decoding=\"async\" src=\"https:\/\/images.theconversation.com\/files\/416073\/original\/file-20210813-27-a98d4m.jpg?ixlib=rb-1.1.0&amp;q=45&amp;auto=format&amp;w=754&amp;fit=clip\" alt=\"Los ni\u00f1os se sientan en alfombras fuera de un edificio de ladrillo.\"\/><\/a><figcaption>Los ni\u00f1os se encuentran entre los miles de afganos que han huido de sus hogares, buscando refugio en otros lugares de Afganist\u00e1n o en otros pa\u00edses.&nbsp;<a href=\"https:\/\/www.gettyimages.com\/detail\/news-photo\/internally-displaced-afghan-families-who-fled-from-the-news-photo\/1234651269\">Wakil Kohsar \/ AFP a trav\u00e9s de Getty Images<\/a><\/figcaption><\/figure>\n\n\n\n<h2 class=\"wp-block-heading\">El estado que Estados Unidos dej\u00f3 atr\u00e1s<\/h2>\n\n\n\n<p>Cuando Estados Unidos invadi\u00f3 Afganist\u00e1n a fines de 2001, los talibanes estaban a punto de controlar gran parte del pa\u00eds, que en ese entonces albergaba a 21 millones de personas.&nbsp;Su r\u00e9gimen fue brutal, pero logr\u00f3&nbsp;<a href=\"https:\/\/www.bbc.com\/news\/world-south-asia-11451718\">reprimir la anarqu\u00eda extrema y estabilizar<\/a>&nbsp;un pa\u00eds que, para entonces, hab\u00eda soportado 22 a\u00f1os de horrenda guerra contra los ocupantes sovi\u00e9ticos y entre facciones afganas rivales.<\/p>\n\n\n\n<p>Hasta su desaparici\u00f3n a mediados de agosto de 2021, el gobierno afgano en Kabul era d\u00e9bil, corrupto, dividido y vulnerable.&nbsp;Intent\u00f3 gobernar sobre una poblaci\u00f3n de 38 millones con&nbsp;<a href=\"https:\/\/www.transparency.org\/en\/countries\/afghanistan\">algunas de las instituciones estatales m\u00e1s corruptas de la Tierra<\/a>&nbsp;.&nbsp;El r\u00e9gimen establecido por Estados Unidos y sus aliados era&nbsp;<a href=\"https:\/\/doi.org\/10.1093\/ahr\/120.5.1811\">tan disfuncional<\/a>&nbsp;que se sab\u00eda que los tribunales afganos juzgaban a la parte que pagaba m\u00e1s, las fuerzas policiales extorsionaban a los civiles empobrecidos de forma regular y los funcionarios p\u00fablicos hac\u00edan poco&nbsp;<a href=\"https:\/\/www.unodc.org\/documents\/frontpage\/Corruption_in_Afghanistan_FINAL.pdf\">sin soborno<\/a>&nbsp;.&nbsp;Muchos&nbsp;<a href=\"https:\/\/www.cornellpress.cornell.edu\/book\/9781501746420\/warlord-survival\/\">funcionarios estatales tambi\u00e9n eran se\u00f1ores de la guerra depredadores<\/a>&nbsp;que reclutaban a sus seguidores para el servicio civil con la expectativa de que se enriquecer\u00edan mediante sobornos.<\/p>\n\n\n\n<p>Las facciones pol\u00edticas afganas respaldadas por el extranjero, como el&nbsp;<a href=\"https:\/\/www.pbs.org\/wgbh\/frontline\/article\/us-withdraws-afghanistan-hazara-status-civil-war\/\">grupo Hazara Fatemiyoun<\/a>&nbsp;organizado por Ir\u00e1n, se hab\u00edan infiltrado en todos los niveles del gobierno.&nbsp;Y en un intento desesperado por limitar las ganancias de los talibanes, el gobierno afgano comenz\u00f3 a&nbsp;<a href=\"https:\/\/apnews.com\/article\/joe-biden-taliban-business-race-and-ethnicity-99ce5fbb7b9a176b4662fbd04c7cb142\">pagar directamente a los se\u00f1ores<\/a>&nbsp;de la&nbsp;<a href=\"https:\/\/apnews.com\/article\/joe-biden-taliban-business-race-and-ethnicity-99ce5fbb7b9a176b4662fbd04c7cb142\">guerra independientes<\/a>&nbsp;por su apoyo, incluso cuando muchos estaban involucrados en el tr\u00e1fico de drogas y abusando de civiles.<\/p>\n\n\n\n<figure class=\"wp-block-image\"><a href=\"https:\/\/images.theconversation.com\/files\/416074\/original\/file-20210813-13-10tt6jk.jpg?ixlib=rb-1.1.0&amp;q=45&amp;auto=format&amp;w=1000&amp;fit=clip\"><img decoding=\"async\" src=\"https:\/\/images.theconversation.com\/files\/416074\/original\/file-20210813-13-10tt6jk.jpg?ixlib=rb-1.1.0&amp;q=45&amp;auto=format&amp;w=754&amp;fit=clip\" alt=\"Hombres que portan rifles se re\u00fanen fuera de un edificio\"\/><\/a><figcaption>Las milicias privadas dirigidas por se\u00f1ores de la guerra independientes han tomado partido en el conflicto entre los talibanes y el gobierno afgano.&nbsp;<a href=\"https:\/\/www.gettyimages.com\/detail\/news-photo\/afghan-militia-gather-with-their-weapons-to-support-news-photo\/1233885666\">Hoshang Hashimi \/ AFP a trav\u00e9s de Getty Images<\/a><\/figcaption><\/figure>\n\n\n\n<h2 class=\"wp-block-heading\">Vidas y medios de subsistencia de los afganos<\/h2>\n\n\n\n<p>Al menos 100.000 civiles afganos&nbsp;<a href=\"https:\/\/news.un.org\/en\/story\/2020\/02\/1057921\">murieron o resultaron heridos<\/a>&nbsp;en el conflicto entre la coalici\u00f3n liderada por Estados Unidos y los afganos que se resisten a la ocupaci\u00f3n de su pa\u00eds.&nbsp;Este n\u00famero debe considerarse un recuento insuficiente, ya que muchas v\u00edctimas afganas fueron enterradas r\u00e1pidamente siguiendo las costumbres isl\u00e1micas y no se mantuvieron registros.&nbsp;Probablemente muchos combatientes afganos&nbsp;<a href=\"https:\/\/www.brookings.edu\/wp-content\/uploads\/2020\/08\/FP_20200825_afganistan_index.pdf\">tambi\u00e9n<\/a>&nbsp;han&nbsp;<a href=\"https:\/\/www.brookings.edu\/wp-content\/uploads\/2020\/08\/FP_20200825_afganistan_index.pdf\">perdido la vida<\/a>&nbsp;y muchos m\u00e1s han quedado lisiados o gravemente heridos.&nbsp;La esperanza de vida en Afganist\u00e1n hoy es de apenas&nbsp;<a href=\"https:\/\/www.nytimes.com\/interactive\/2018\/09\/08\/world\/asia\/us-misleads-on-afghanistan.html\">48 a\u00f1os<\/a>&nbsp;.<\/p>\n\n\n\n<p>Afganist\u00e1n sigue siendo uno de los pa\u00edses m\u00e1s pobres del mundo, con&nbsp;<a href=\"https:\/\/www.bbc.com\/news\/56779160\">6 de cada 10 afganos que<\/a>&nbsp;viven en la pobreza y un&nbsp;<a href=\"https:\/\/data.worldbank.org\/indicator\/NY.GDP.PCAP.CD?locations=AF\">PIB per c\u00e1pita de unos 500 d\u00f3lares al a\u00f1o<\/a>&nbsp;, menos del 1% en los EE. UU. Se han destruido muchas propiedades y la econom\u00eda de guerra ha obligado a muchos afganos a una pobreza m\u00e1s profunda, al mismo tiempo que ha enriquecido a los capos de la droga y a los se\u00f1ores de la guerra vinculados al r\u00e9gimen.&nbsp;El abuso de opio y hero\u00edna se&nbsp;<a href=\"https:\/\/www.unodc.org\/documents\/afghanistan\/UNODC-DRUG-REPORT15-ONLINE-270116_1.pdf\">dispar\u00f3 en Afganist\u00e1n<\/a>&nbsp;durante los 20 a\u00f1os de ocupaci\u00f3n, y millones de afganos recurrieron a las drogas para escapar de su dura realidad.<\/p>\n\n\n\n<p>Hay&nbsp;<a href=\"https:\/\/www.unhcr.org\/en-us\/afghanistan.html\">2,5 millones de refugiados afganos registrados<\/a>&nbsp;en Pakist\u00e1n, Ir\u00e1n y m\u00e1s all\u00e1.&nbsp;<a href=\"https:\/\/watson.brown.edu\/costsofwar\/files\/cow\/imce\/papers\/2020\/Displacement_Vine%20et%20al_Costs%20of%20War%202020%2009%2008.pdf\">Otros tres millones de afganos son desplazados internos<\/a>&nbsp;.&nbsp;Es muy probable que estas cifras se disparen a ra\u00edz de las dram\u00e1ticas victorias de los talibanes de mediados de agosto de 2021.<\/p>\n\n\n\n<p>Muchos afganos desplazados, ya sea dentro o fuera de Afganist\u00e1n, carecen de los elementos b\u00e1sicos para una supervivencia m\u00ednima y son vulnerables a las enfermedades y la explotaci\u00f3n.&nbsp;Entre todos los refugiados del mundo, solo los de Palestina y Siria superan en n\u00famero a los de Afganist\u00e1n, y los afganos se encuentran entre los grupos de nacionalidades m\u00e1s grandes que&nbsp;<a href=\"https:\/\/www.bbc.com\/news\/world-europe-44660699\">buscan refugio en Europa<\/a>&nbsp;.<\/p>\n\n\n\n<p>El past\u00fan rural, el grupo \u00e9tnico que proporciona a los talibanes la mayor parte de su mano de obra, fue uno de los que m\u00e1s sufri\u00f3 durante la guerra porque la mayor parte de los combates tuvo lugar en sus zonas.<\/p>\n\n\n\n<p>Algunos pastunes urbanos y miembros de minor\u00edas, en particular el grupo \u00e9tnico hazara, hist\u00f3ricamente desfavorecido, aprovecharon las oportunidades econ\u00f3micas y educativas que ofrec\u00edan las agencias de ayuda occidentales y trabajaron para organizaciones y ej\u00e9rcitos extranjeros.&nbsp;Estos beneficiarios de la presencia extranjera son ahora&nbsp;<a href=\"https:\/\/www.npr.org\/2021\/06\/19\/1004991965\/afghan-interpreters-who-await-visas-after-helping-the-u-s-now-fear-for-their-liv\">algunas de las personas m\u00e1s vulnerables<\/a>&nbsp;en Afganist\u00e1n, ya que los talibanes pueden considerarlos traidores.<\/p>\n\n\n\n<figure class=\"wp-block-image\"><a href=\"https:\/\/images.theconversation.com\/files\/416072\/original\/file-20210813-15-1n6o5mk.jpg?ixlib=rb-1.1.0&amp;q=45&amp;auto=format&amp;w=1000&amp;fit=clip\"><img decoding=\"async\" src=\"https:\/\/images.theconversation.com\/files\/416072\/original\/file-20210813-15-1n6o5mk.jpg?ixlib=rb-1.1.0&amp;q=45&amp;auto=format&amp;w=754&amp;fit=clip\" alt=\"Hombres armados en motocicletas recorren una calle\"\/><\/a><figcaption>Soldados talibanes patrullan la ciudad afgana de Ghazni el 12 de agosto de 2021, despu\u00e9s de capturarla de las fuerzas gubernamentales.&nbsp;<a href=\"https:\/\/newsroom.ap.org\/detail\/APTOPIXAfghanistan\/066f2a220b9d4da2899ead9882b87f36\/photo\">Foto AP \/ Gulabuddin Amiri<\/a><\/figcaption><\/figure>\n\n\n\n<p>Decenas de miles de afganos que trabajaron para el ej\u00e9rcito de Estados Unidos, por ejemplo, est\u00e1n suplicando a Washington&nbsp;<a href=\"https:\/\/www.nytimes.com\/2021\/06\/24\/us\/politics\/afghan-interpreters-visas.html\">que se les permita venir a Estados Unidos con sus familias<\/a>&nbsp;.&nbsp;La administraci\u00f3n Biden admiti\u00f3 algunos, pero muchos m\u00e1s&nbsp;<a href=\"https:\/\/www.politico.com\/news\/2021\/08\/02\/biden-visa-program-afghan-interpreters-502085\">a\u00fan esperan ser reubicados<\/a>&nbsp;en los EE. UU.<\/p>\n\n\n\n<p>La situaci\u00f3n de las mujeres y los ni\u00f1os en Afganist\u00e1n no ha mejorado mucho.&nbsp;La tasa de mortalidad materna, con 1,6 mujeres que mueren por cada 100 nacimientos,&nbsp;<a href=\"https:\/\/www.nytimes.com\/interactive\/2018\/09\/08\/world\/asia\/us-misleads-on-afghanistan.html\">apenas ha cambiado<\/a>&nbsp;desde que gobernaron los talibanes a finales de la d\u00e9cada de 1990.&nbsp;Por otro lado,&nbsp;<a href=\"https:\/\/www.bbc.com\/news\/56779160\">m\u00e1s mujeres se incorporaron a la fuerza laboral<\/a>&nbsp;y&nbsp;<a href=\"https:\/\/wenr.wes.org\/2016\/09\/education-afghanistan\">m\u00e1s ni\u00f1os, en particular ni\u00f1as<\/a>&nbsp;, han tenido acceso a la educaci\u00f3n primaria en los \u00faltimos 20 a\u00f1os.&nbsp;A\u00fan as\u00ed, solo 1 de cada 10 ni\u00f1os afganos termina la escuela secundaria.<\/p>\n\n\n\n<p>En muchas \u00e1reas rurales, la situaci\u00f3n de las mujeres y ni\u00f1as ha empeorado: no solo no recibieron ayuda o educaci\u00f3n de calidad, sino que tuvieron que lidiar con&nbsp;<a href=\"https:\/\/www.hrw.org\/news\/2017\/10\/17\/afghanistan-girls-struggle-education#\">la pobreza extrema, las amenazas de violencia y la inseguridad de la guerra<\/a>&nbsp;.<\/p>\n\n\n\n<figure class=\"wp-block-image\"><a href=\"https:\/\/images.theconversation.com\/files\/416075\/original\/file-20210813-6624-1e84rz7.jpg?ixlib=rb-1.1.0&amp;q=45&amp;auto=format&amp;w=1000&amp;fit=clip\"><img decoding=\"async\" src=\"https:\/\/images.theconversation.com\/files\/416075\/original\/file-20210813-6624-1e84rz7.jpg?ixlib=rb-1.1.0&amp;q=45&amp;auto=format&amp;w=754&amp;fit=clip\" alt=\"Un grupo de soldados se encuentra junto a veh\u00edculos blindados con una bandera rusa ondeando sobre sus cabezas.\"\/><\/a><figcaption>Las tropas rusas formaban parte de una fuerza multinacional que realizaba ejercicios militares a lo largo de la frontera norte de Afganist\u00e1n a medida que los talibanes ganaban terreno.&nbsp;<a href=\"https:\/\/newsroom.ap.org\/detail\/RussiaTajikistanDrills\/2f3d66f0d62d4708a2b3871bc9682dba\/photo\">Foto AP \/ Didor Sadulloev<\/a><\/figcaption><\/figure>\n\n\n\n<h2 class=\"wp-block-heading\">\u00bfQu\u00e9 deparar\u00e1 el futuro?<\/h2>\n\n\n\n<p>La ocupaci\u00f3n estadounidense provoc\u00f3 que los afganos experimentaran 20 a\u00f1os m\u00e1s de guerra y sufrimiento.&nbsp;Ir\u00f3nicamente, Estados Unidos est\u00e1 dejando Afganist\u00e1n en un estado muy similar al que ten\u00eda cuando invadi\u00f3.<\/p>\n\n\n\n<p>Los talibanes han vuelto&nbsp;<a href=\"https:\/\/www.nytimes.com\/live\/2021\/08\/16\/world\/taliban-afghanistan-news\">a controlar gran parte de Afganist\u00e1n<\/a>&nbsp;, incluida la mayor parte de Kabul.&nbsp;Su antigua oposici\u00f3n, las milicias y los caudillos de la&nbsp;<a href=\"https:\/\/www.start.umd.edu\/baad\/narratives\/northern-alliance-or-united-islamic-front-salvation-afghanistan-uifsa\">ahora desaparecida Alianza del Norte<\/a>&nbsp;son m\u00e1s d\u00e9biles que en 2001, justo antes de la invasi\u00f3n estadounidense.<\/p>\n\n\n\n<p>Es probable que algunos miembros de grupos minoritarios, en particular los hazara y los que cooperaron con la ocupaci\u00f3n extranjera, sufran.&nbsp;Los afganos urbanos tambi\u00e9n tendr\u00e1n que hacer frente a las severas restricciones sociales de los talibanes que afectan en particular a las mujeres y las ni\u00f1as.&nbsp;La migraci\u00f3n fuera de Afganist\u00e1n aumentar\u00e1 a medida que los habitantes de las zonas urbanas y las minor\u00edas huyan para salvar sus vidas.&nbsp;Por otro lado, es probable que los talibanes impongan su estricta aplicaci\u00f3n de la ley y establezcan tribunales que no est\u00e9n dirigidos por funcionarios corruptos, lo que deber\u00eda disuadir el crimen.<\/p>\n\n\n\n<p>A partir de ahora, los talibanes han expresado el deseo de&nbsp;<a href=\"https:\/\/news.yahoo.com\/afghan-soldiers-seek-taliban-amnesty-081333126.html\">otorgar amnist\u00eda a los funcionarios estatales, soldados<\/a>&nbsp;y otros trabajadores.&nbsp;Si eso sucede, y si se mantiene, probablemente reforzar\u00eda el apoyo de los talibanes entre el p\u00fablico.<\/p>\n\n\n\n<p>Si EE. UU., Como suele hacer de manera reflexiva contra los retadores en el sistema internacional, opta por imponer&nbsp;<a href=\"https:\/\/opil.ouplaw.com\/view\/10.1093\/law-oxio\/e33.013.1\/law-oxio-e33?prd=OPIL&amp;result=3&amp;rskey=4oKcce\">duras sanciones a Afganist\u00e1n<\/a>&nbsp;como lo hicieron EE. UU. Y la ONU en la d\u00e9cada de 1990, entonces contribuir\u00eda a un sufrimiento a\u00fan mayor.<\/p>\n\n\n\n<p>Tambi\u00e9n es posible que la resistencia al gobierno de los talibanes se desarrolle durante los pr\u00f3ximos meses y a\u00f1os en el norte y en el centro del pa\u00eds.&nbsp;Si se reanuda la guerra civil, creo que los afganos experimentar\u00e1n a\u00fan m\u00e1s explotaci\u00f3n, pobreza desgarradora, muerte y sufrimiento.<\/p>\n\n\n\n<p>[\u00a0<em>Comprender los acontecimientos pol\u00edticos clave, cada semana.\u00a0<\/em><a href=\"https:\/\/theconversation.com\/us\/newsletters\/politics-weekly-74\/?utm_source=TCUS&amp;utm_medium=inline-link&amp;utm_campaign=newsletter-text&amp;utm_content=politics-understand\">Suscr\u00edbase al bolet\u00edn de pol\u00edtica de The Conversation<\/a>\u00a0.]<\/p>\n\n\n\n<p><a href=\"https:\/\/theconversation.com\/profiles\/abdulkader-sinno-681744\">Abdulkader Sinno<\/a> Profesor asociado de ciencias pol\u00edticas y estudios de Oriente Medio, Universidad de Indiana<\/p>\n\n\n\n<p>Fuente: https:\/\/theconversation.com\/afghans-lives-and-livelihoods-upended-even-more-as-us-occupation-ends-165059<\/p>\n\n\n\n<p><\/p>\n","protected":false},"excerpt":{"rendered":"<p>Miles de familias, obligadas a abandonar sus hogares por los enfrentamientos entre los talibanes y las fuerzas gubernamentales afganas, buscan [&hellip;]<\/p>\n","protected":false},"author":1,"featured_media":11687,"comment_status":"open","ping_status":"open","sticky":false,"template":"","format":"standard","meta":{"site-sidebar-layout":"default","site-content-layout":"","ast-site-content-layout":"default","site-content-style":"default","site-sidebar-style":"default","ast-global-header-display":"","ast-banner-title-visibility":"","ast-main-header-display":"","ast-hfb-above-header-display":"","ast-hfb-below-header-display":"","ast-hfb-mobile-header-display":"","site-post-title":"","ast-breadcrumbs-content":"","ast-featured-img":"","footer-sml-layout":"","theme-transparent-header-meta":"","adv-header-id-meta":"","stick-header-meta":"","header-above-stick-meta":"","header-main-stick-meta":"","header-below-stick-meta":"","astra-migrate-meta-layouts":"default","ast-page-background-enabled":"default","ast-page-background-meta":{"desktop":{"background-color":"var(--ast-global-color-4)","background-image":"","background-repeat":"repeat","background-position":"center center","background-size":"auto","background-attachment":"scroll","background-type":"","background-media":"","overlay-type":"","overlay-color":"","overlay-opacity":"","overlay-gradient":""},"tablet":{"background-color":"","background-image":"","background-repeat":"repeat","background-position":"center center","background-size":"auto","background-attachment":"scroll","background-type":"","background-media":"","overlay-type":"","overlay-color":"","overlay-opacity":"","overlay-gradient":""},"mobile":{"background-color":"","background-image":"","background-repeat":"repeat","background-position":"center center","background-size":"auto","background-attachment":"scroll","background-type":"","background-media":"","overlay-type":"","overlay-color":"","overlay-opacity":"","overlay-gradient":""}},"ast-content-background-meta":{"desktop":{"background-color":"var(--ast-global-color-5)","background-image":"","background-repeat":"repeat","background-position":"center center","background-size":"auto","background-attachment":"scroll","background-type":"","background-media":"","overlay-type":"","overlay-color":"","overlay-opacity":"","overlay-gradient":""},"tablet":{"background-color":"var(--ast-global-color-5)","background-image":"","background-repeat":"repeat","background-position":"center center","background-size":"auto","background-attachment":"scroll","background-type":"","background-media":"","overlay-type":"","overlay-color":"","overlay-opacity":"","overlay-gradient":""},"mobile":{"background-color":"var(--ast-global-color-5)","background-image":"","background-repeat":"repeat","background-position":"center center","background-size":"auto","background-attachment":"scroll","background-type":"","background-media":"","overlay-type":"","overlay-color":"","overlay-opacity":"","overlay-gradient":""}},"footnotes":""},"categories":[8],"tags":[3305,3225],"class_list":["post-11686","post","type-post","status-publish","format-standard","has-post-thumbnail","hentry","category-noticias","tag-la-vida-en-afganistan","tag-talibanes"],"_links":{"self":[{"href":"https:\/\/losperiodistas.com.mx\/portal\/wp-json\/wp\/v2\/posts\/11686","targetHints":{"allow":["GET"]}}],"collection":[{"href":"https:\/\/losperiodistas.com.mx\/portal\/wp-json\/wp\/v2\/posts"}],"about":[{"href":"https:\/\/losperiodistas.com.mx\/portal\/wp-json\/wp\/v2\/types\/post"}],"author":[{"embeddable":true,"href":"https:\/\/losperiodistas.com.mx\/portal\/wp-json\/wp\/v2\/users\/1"}],"replies":[{"embeddable":true,"href":"https:\/\/losperiodistas.com.mx\/portal\/wp-json\/wp\/v2\/comments?post=11686"}],"version-history":[{"count":1,"href":"https:\/\/losperiodistas.com.mx\/portal\/wp-json\/wp\/v2\/posts\/11686\/revisions"}],"predecessor-version":[{"id":11688,"href":"https:\/\/losperiodistas.com.mx\/portal\/wp-json\/wp\/v2\/posts\/11686\/revisions\/11688"}],"wp:featuredmedia":[{"embeddable":true,"href":"https:\/\/losperiodistas.com.mx\/portal\/wp-json\/wp\/v2\/media\/11687"}],"wp:attachment":[{"href":"https:\/\/losperiodistas.com.mx\/portal\/wp-json\/wp\/v2\/media?parent=11686"}],"wp:term":[{"taxonomy":"category","embeddable":true,"href":"https:\/\/losperiodistas.com.mx\/portal\/wp-json\/wp\/v2\/categories?post=11686"},{"taxonomy":"post_tag","embeddable":true,"href":"https:\/\/losperiodistas.com.mx\/portal\/wp-json\/wp\/v2\/tags?post=11686"}],"curies":[{"name":"wp","href":"https:\/\/api.w.org\/{rel}","templated":true}]}}