{"id":11680,"date":"2021-08-17T03:47:02","date_gmt":"2021-08-17T08:47:02","guid":{"rendered":"http:\/\/losperiodistas.com.mx\/portal\/?p=11680"},"modified":"2021-08-17T03:47:03","modified_gmt":"2021-08-17T08:47:03","slug":"el-presidente-afgano-escapo-con-cuatro-coches-y-un-helicoptero-llenos-de-dinero-la-razon","status":"publish","type":"post","link":"https:\/\/losperiodistas.com.mx\/portal\/el-presidente-afgano-escapo-con-cuatro-coches-y-un-helicoptero-llenos-de-dinero-la-razon\/","title":{"rendered":"El presidente afgano escap\u00f3 con cuatro coches y un helic\u00f3ptero llenos de dinero | La Raz\u00f3n"},"content":{"rendered":"\n<p style=\"font-size:18px\"><em>Ashraf Ghani tuvo que dejar una parte del millonario bot\u00edn sobre la pista de despegue para no desestabilizar el aparato<\/em><\/p>\n\n\n\n<figure class=\"wp-block-image size-large\"><img fetchpriority=\"high\" decoding=\"async\" width=\"1024\" height=\"581\" src=\"https:\/\/losperiodistas.com.mx\/portal\/wp-content\/uploads\/2021\/08\/Captura-de-Pantalla-2021-08-17-a-las-3.43.55-1024x581.jpg\" alt=\"\" class=\"wp-image-11681\" srcset=\"https:\/\/losperiodistas.com.mx\/portal\/wp-content\/uploads\/2021\/08\/Captura-de-Pantalla-2021-08-17-a-las-3.43.55-1024x581.jpg 1024w, https:\/\/losperiodistas.com.mx\/portal\/wp-content\/uploads\/2021\/08\/Captura-de-Pantalla-2021-08-17-a-las-3.43.55-300x170.jpg 300w, https:\/\/losperiodistas.com.mx\/portal\/wp-content\/uploads\/2021\/08\/Captura-de-Pantalla-2021-08-17-a-las-3.43.55-768x436.jpg 768w, https:\/\/losperiodistas.com.mx\/portal\/wp-content\/uploads\/2021\/08\/Captura-de-Pantalla-2021-08-17-a-las-3.43.55.jpg 1198w\" sizes=\"(max-width: 1024px) 100vw, 1024px\" \/><\/figure>\n\n\n\n<p><a href=\"https:\/\/www.larazon.es\/internacional\/20210816\/rwclskqd3zcmliitpbbpi2wqmi.html?jwsource=cl\">https:\/\/www.larazon.es\/internacional\/20210816\/rwclskqd3zcmliitpbbpi2wqmi.html?jwsource=cl<\/a><\/p>\n\n\n\n<p>ANTONIO NAVARRO \/ LA RAZ\u00d3N<\/p>\n\n\n\n<p>La poco decorosa huida en la tarde del domingo del ex presidente&nbsp;<a href=\"https:\/\/www.larazon.es\/actualidad\/20191222\/b24je5whczf5fijvq4z44u4ovm.html\"><strong>Ashraf Ghani<\/strong><\/a>, a bordo de un helic\u00f3ptero y cargado de bolsas de dinero, cuando hac\u00eda creer en esos momentos que las autoridades afganas negociaban con los talibanes \u201cun gobierno de transici\u00f3n\u201d es la met\u00e1fora m\u00e1s pat\u00e9tica del&nbsp;<strong>desmoronamiento del Estado afgano<\/strong>, un fr\u00e1gil experimento, espejismo de democracia, que no ha superado las dos d\u00e9cadas de vida.<\/p>\n\n\n\n<h3 class=\"wp-block-heading\">Noticias relacionadas<\/h3>\n\n\n\n<hr class=\"wp-block-separator\"\/>\n\n\n\n<ul class=\"wp-block-list\"><li><a href=\"https:\/\/www.larazon.es\/internacional\/20210816\/r3wkyi3spjdhthhczwunw5iqg4.html\">The Economist.&nbsp;El aterrador triunfo de los talibanes<\/a><\/li><li><a href=\"https:\/\/www.larazon.es\/internacional\/20210816\/c2afuk4s7rhhpgdeldvxvlehne.html\">Fallo de Inteligencia.&nbsp;Alemania, el primer pa\u00eds en reconocer su \u201cmea culpa\u201d en Afganist\u00e1n<\/a><\/li><\/ul>\n\n\n\n<p>Seg\u00fan el relato de un empleado de la embajada rusa en Kabul a las agencias de noticias de su pa\u00eds, en su huida el mandatario se llev\u00f3 consigo&nbsp;<strong>\u201ccuatro veh\u00edculos cargados de dinero<\/strong>&nbsp;y trat\u00f3 de meter otra bolsa de dinero en efectivo en el helic\u00f3ptero. No todo el dinero cupo y&nbsp;<strong>una parte del mismo qued\u00f3 tirado en la pista\u201d.<\/strong><\/p>\n\n\n\n<p>Este lunes, el propio portavoz de la Embajada rusa en Afganist\u00e1n hac\u00eda hincapi\u00e9 en que \u201cla situaci\u00f3n en Kabul es mejor en los primeros d\u00edas de control talib\u00e1n que bajo la presidencia de Ghani\u201d. \u201cLa forma en que Ghani huy\u00f3 de Afganist\u00e1n es lo que mejor caracteriza la ca\u00edda del r\u00e9gimen\u201d, resum\u00eda el portavoz ruso.&nbsp;<strong>Mosc\u00fa ya ha mostrado su disposici\u00f3n a cooperar con las nuevas autoridades.<\/strong><\/p>\n\n\n\n<p>Por el momento, el paradero final del presidente se desconoce con certeza. La cadena de televisi\u00f3n Al Yazira inform\u00f3, citando a un guardia de seguridad del presidente, de que&nbsp;<strong>Ghani se ha trasladado a la capital de Uzbekist\u00e1n, Taskent.&nbsp;<\/strong>Por su parte, seg\u00fan otra agencia rusa, Sputnik, que cita fuentes de la Administraci\u00f3n afgana, Ghani se encontrar\u00eda en estos momentos en el sultanato de Om\u00e1n, adonde habr\u00eda viajado desde Tayikist\u00e1n al serle negado el aterrizaje en la Rep\u00fablica centroasi\u00e1tica aliada de Mosc\u00fa.&nbsp;<strong>El destino final de Ghani,&nbsp;<\/strong>al que acompa\u00f1a su asesor en seguridad nacional, Hamdullah Mohib, y otro estrecho colaborador,&nbsp;<strong>ser\u00eda Estados Unidos.<\/strong><\/p>\n\n\n\n<h4 class=\"wp-block-heading\">La traici\u00f3n de un presidente<\/h4>\n\n\n\n<p>La deserci\u00f3n de Ghani es juzgada como&nbsp;<strong>\u201ctraici\u00f3n\u201d por la sociedad afgana<\/strong>&nbsp;despu\u00e9s de que el presidente se hubiera comprometido p\u00fablicamente a permanecer en el pa\u00eds a pesar de&nbsp;<a href=\"https:\/\/www.larazon.es\/editoriales\/20210816\/tceg4setd5bmnj7hgy3nml5csa.html\">la toma de Kabul por los talibanes&nbsp;<\/a>. No ha sido as\u00ed. El mandatario escap\u00f3 de Afganist\u00e1n antes mismo que lo hicieran las fuerzas militares estadounidenses que lo apuntalaron en el poder.<\/p>\n\n\n\n<p>Seg\u00fan el medio afgano \u201cTolo News\u201d, en dos d\u00edas&nbsp;<a href=\"https:\/\/www.larazon.es\/internacional\/20210816\/24gthllp5fbobmyjqcbqjcpodu.html\"><strong>hasta 45 vuelos de pasajeros viajaron desde Afganist\u00e1n y Tayikist\u00e1n<\/strong><\/a>y otros 28 hicieron lo propio hasta Uzbekist\u00e1n con oficiales del derrotado Gobierno a bordo. \u201cEsos cobardes abandonaron un pa\u00eds cuyo pueblo sacrific\u00f3 sus vidas por ellos\u201d, asegur\u00f3 el embajador afgano en Tayikist\u00e1n, Zahir Aghbar, en declaraciones recogidas por el citado digital.<\/p>\n\n\n\n<p>Ghani \u2013que hab\u00eda llegado al poder en las elecciones presidenciales de septiembre de 2014- asegur\u00f3 este domingo que su huida se debe a\u00a0<strong>su deseo de \u201cevitar un ba\u00f1o de sangre\u201d.<\/strong>\u00a0Entretanto, ayer el ex presidente\u00a0<a href=\"https:\/\/www.larazon.es\/tags\/hamid-karzai\/1\/\">Hamid Karzai<\/a>\u00a0(2001-2014) y el presidente del Alto Consejo para la Reconciliaci\u00f3n Nacional Abdul\u00e1 Abdul\u00e1 hac\u00edan p\u00fablico un video en el que aseguran estar\u00a0<strong>trabajando en estos momentos con los talibanes para garantizar el retorno de la \u201cnormalidad\u201d al pa\u00eds.<\/strong><\/p>\n\n\n\n<p>Fuente: https:\/\/www.larazon.es\/internacional\/20210816\/rwclskqd3zcmliitpbbpi2wqmi.html<\/p>\n","protected":false},"excerpt":{"rendered":"<p>Ashraf Ghani tuvo que dejar una parte del millonario bot\u00edn sobre la pista de despegue para no desestabilizar el aparato [&hellip;]<\/p>\n","protected":false},"author":1,"featured_media":11681,"comment_status":"open","ping_status":"open","sticky":false,"template":"","format":"standard","meta":{"site-sidebar-layout":"default","site-content-layout":"","ast-site-content-layout":"default","site-content-style":"default","site-sidebar-style":"default","ast-global-header-display":"","ast-banner-title-visibility":"","ast-main-header-display":"","ast-hfb-above-header-display":"","ast-hfb-below-header-display":"","ast-hfb-mobile-header-display":"","site-post-title":"","ast-breadcrumbs-content":"","ast-featured-img":"","footer-sml-layout":"","theme-transparent-header-meta":"","adv-header-id-meta":"","stick-header-meta":"","header-above-stick-meta":"","header-main-stick-meta":"","header-below-stick-meta":"","astra-migrate-meta-layouts":"default","ast-page-background-enabled":"default","ast-page-background-meta":{"desktop":{"background-color":"var(--ast-global-color-4)","background-image":"","background-repeat":"repeat","background-position":"center center","background-size":"auto","background-attachment":"scroll","background-type":"","background-media":"","overlay-type":"","overlay-color":"","overlay-opacity":"","overlay-gradient":""},"tablet":{"background-color":"","background-image":"","background-repeat":"repeat","background-position":"center center","background-size":"auto","background-attachment":"scroll","background-type":"","background-media":"","overlay-type":"","overlay-color":"","overlay-opacity":"","overlay-gradient":""},"mobile":{"background-color":"","background-image":"","background-repeat":"repeat","background-position":"center center","background-size":"auto","background-attachment":"scroll","background-type":"","background-media":"","overlay-type":"","overlay-color":"","overlay-opacity":"","overlay-gradient":""}},"ast-content-background-meta":{"desktop":{"background-color":"var(--ast-global-color-5)","background-image":"","background-repeat":"repeat","background-position":"center center","background-size":"auto","background-attachment":"scroll","background-type":"","background-media":"","overlay-type":"","overlay-color":"","overlay-opacity":"","overlay-gradient":""},"tablet":{"background-color":"var(--ast-global-color-5)","background-image":"","background-repeat":"repeat","background-position":"center center","background-size":"auto","background-attachment":"scroll","background-type":"","background-media":"","overlay-type":"","overlay-color":"","overlay-opacity":"","overlay-gradient":""},"mobile":{"background-color":"var(--ast-global-color-5)","background-image":"","background-repeat":"repeat","background-position":"center center","background-size":"auto","background-attachment":"scroll","background-type":"","background-media":"","overlay-type":"","overlay-color":"","overlay-opacity":"","overlay-gradient":""}},"footnotes":""},"categories":[8],"tags":[3252,3300],"class_list":["post-11680","post","type-post","status-publish","format-standard","has-post-thumbnail","hentry","category-noticias","tag-ashraf-ghani","tag-estado-afgano"],"_links":{"self":[{"href":"https:\/\/losperiodistas.com.mx\/portal\/wp-json\/wp\/v2\/posts\/11680","targetHints":{"allow":["GET"]}}],"collection":[{"href":"https:\/\/losperiodistas.com.mx\/portal\/wp-json\/wp\/v2\/posts"}],"about":[{"href":"https:\/\/losperiodistas.com.mx\/portal\/wp-json\/wp\/v2\/types\/post"}],"author":[{"embeddable":true,"href":"https:\/\/losperiodistas.com.mx\/portal\/wp-json\/wp\/v2\/users\/1"}],"replies":[{"embeddable":true,"href":"https:\/\/losperiodistas.com.mx\/portal\/wp-json\/wp\/v2\/comments?post=11680"}],"version-history":[{"count":1,"href":"https:\/\/losperiodistas.com.mx\/portal\/wp-json\/wp\/v2\/posts\/11680\/revisions"}],"predecessor-version":[{"id":11682,"href":"https:\/\/losperiodistas.com.mx\/portal\/wp-json\/wp\/v2\/posts\/11680\/revisions\/11682"}],"wp:featuredmedia":[{"embeddable":true,"href":"https:\/\/losperiodistas.com.mx\/portal\/wp-json\/wp\/v2\/media\/11681"}],"wp:attachment":[{"href":"https:\/\/losperiodistas.com.mx\/portal\/wp-json\/wp\/v2\/media?parent=11680"}],"wp:term":[{"taxonomy":"category","embeddable":true,"href":"https:\/\/losperiodistas.com.mx\/portal\/wp-json\/wp\/v2\/categories?post=11680"},{"taxonomy":"post_tag","embeddable":true,"href":"https:\/\/losperiodistas.com.mx\/portal\/wp-json\/wp\/v2\/tags?post=11680"}],"curies":[{"name":"wp","href":"https:\/\/api.w.org\/{rel}","templated":true}]}}