{"id":1168,"date":"2020-11-14T09:05:21","date_gmt":"2020-11-14T15:05:21","guid":{"rendered":"http:\/\/losperiodistas.com.mx\/portal\/?p=1168"},"modified":"2020-11-14T09:05:21","modified_gmt":"2020-11-14T15:05:21","slug":"autoridades-mexicanas-detienen-a-primer-militar-vinculado-con-desaparicion-estudiantes-ayotzinapa","status":"publish","type":"post","link":"https:\/\/losperiodistas.com.mx\/portal\/autoridades-mexicanas-detienen-a-primer-militar-vinculado-con-desaparicion-estudiantes-ayotzinapa\/","title":{"rendered":"Autoridades mexicanas detienen a primer militar vinculado con desaparici\u00f3n estudiantes Ayotzinapa"},"content":{"rendered":"\n<p class=\"has-vivid-cyan-blue-color has-text-color has-medium-font-size\">REUTERS STAFF<\/p>\n\n\n\n<p>CIUDAD DE M\u00c9XICO, 13 nov (Reuters) &#8211; El primer militar presuntamente implicado en el sonado caso de los 43 estudiantes desaparecidos en M\u00e9xico en 2014 fue detenido, dijeron el viernes dos fuentes a Reuters, semanas despu\u00e9s de que fueran giradas decenas de \u00f3rdenes de aprehensi\u00f3n en contra de efectivos castrenses como parte de las pesquisas.<\/p>\n\n\n\n<p>El capit\u00e1n Jos\u00e9 Crespo, ahora en retiro, fue capturado el jueves por la noche, seg\u00fan las fuentes quienes no dieron detalles sobre el lugar del hecho ni de reclusi\u00f3n. Autoridades mexicanas ni la Fiscal\u00eda se han pronunciados sobre el tema.<\/p>\n\n\n\n<p>El 26 de septiembre de 2014, el entonces militar estuvo a cargo de soldados que realizaron recorridos en varios puntos de la ciudad Iguala, del sure\u00f1o estado Guerrero, donde los estudiantes fueron atacados y secuestrados por polic\u00edas vinculados a la delincuencia.<\/p>\n\n\n\n<p>\u201cLa detenci\u00f3n fue ayer (jueves) en la noche por el cargo de delincuencia organizada\u201d, dijo a Reuters una fuente con conocimiento del caso, que prefiri\u00f3 no ser nombrada.<\/p>\n\n\n\n<p>En su momento, Crespo declar\u00f3 ante la fiscal\u00eda que no tuvo conocimiento del paradero de los j\u00f3venes y que durante aquella noche buscaba, junto con sus subalternos, una motocicleta que supuestamente hab\u00eda sido robada a otro oficial, deslind\u00e1ndose de su participaci\u00f3n en la desaparici\u00f3n de los estudiantes.<\/p>\n\n\n\n<p>Tambi\u00e9n estuvo presente, junto con otros soldados, en el hospital Cristina, de la ciudad Iguala, a donde normalistas heridos fueron trasladados, de acuerdo con el informe del Grupo Interdisciplinario del Expertos Independientes (GIEI), designado por la CIDH en 2015 para investigar el sonado caso.<\/p>\n\n\n\n<p>Incluso, seg\u00fan el mismo documento, sus subalternos tomaron fotograf\u00edas en las que se ve\u00eda a los estudiantes sentados dentro de las instalaciones del hospital mientras esperaban recibir atenci\u00f3n m\u00e9dica.<\/p>\n\n\n\n<p>\u201cEs importante la detenciones del capital Crespo porque es una forma de romper el pacto de silencio que ha existido y saber de una vez qu\u00e9 paso con los muchachos\u201d, dijo Felipe de la Cruz, vocero de familiares de los j\u00f3venes desaparecidos, quien afirm\u00f3 que fueron notificados el viernes sobre la captura.<\/p>\n\n\n\n<p>La aprehensi\u00f3n ocurre a pocas semanas de que el presidente Andr\u00e9s Manuel L\u00f3pez Obrador dijo que limpiar\u00eda a la instituci\u00f3n castrense de posibles actos de corrupci\u00f3n, tras la detenci\u00f3n en Estados Unidos del exsecretario de Defensa, Salvador Cienfuegos, acusado de delitos de narcotr\u00e1fico.<\/p>\n\n\n\n<p>El general neg\u00f3 en su momento que personal a su cargo hubiera participado directa o indirecta en la desaparici\u00f3n de los j\u00f3venes estudiantes de magisterio, un caso que cimbr\u00f3 al Gobierno del entonces presidente Enrique Pe\u00f1a Nieto y que destap\u00f3 graves fallas en el sistema de justicia.<\/p>\n\n\n\n<p>En septiembre, la fiscal\u00eda dijo que por primera vez se giraron \u00f3rdenes de aprehensi\u00f3n en contra de militares, como parte de las pesquisas del caso.<\/p>\n\n\n\n<p>Reporte de Lizbeth D\u00edaz. Editado por Ana Isabel Mart\u00ednez<\/p>\n\n\n\n<p>Fuente: https:\/\/lta.reuters.com\/article\/delito-mexico-ayotzinapa-idLTAKBN27T2VN<\/p>\n","protected":false},"excerpt":{"rendered":"<p>REUTERS STAFF CIUDAD DE M\u00c9XICO, 13 nov (Reuters) &#8211; El primer militar presuntamente implicado en el sonado caso de los [&hellip;]<\/p>\n","protected":false},"author":1,"featured_media":1169,"comment_status":"open","ping_status":"open","sticky":false,"template":"","format":"standard","meta":{"site-sidebar-layout":"default","site-content-layout":"","ast-site-content-layout":"default","site-content-style":"default","site-sidebar-style":"default","ast-global-header-display":"","ast-banner-title-visibility":"","ast-main-header-display":"","ast-hfb-above-header-display":"","ast-hfb-below-header-display":"","ast-hfb-mobile-header-display":"","site-post-title":"","ast-breadcrumbs-content":"","ast-featured-img":"","footer-sml-layout":"","theme-transparent-header-meta":"","adv-header-id-meta":"","stick-header-meta":"","header-above-stick-meta":"","header-main-stick-meta":"","header-below-stick-meta":"","astra-migrate-meta-layouts":"default","ast-page-background-enabled":"default","ast-page-background-meta":{"desktop":{"background-color":"var(--ast-global-color-4)","background-image":"","background-repeat":"repeat","background-position":"center center","background-size":"auto","background-attachment":"scroll","background-type":"","background-media":"","overlay-type":"","overlay-color":"","overlay-opacity":"","overlay-gradient":""},"tablet":{"background-color":"","background-image":"","background-repeat":"repeat","background-position":"center center","background-size":"auto","background-attachment":"scroll","background-type":"","background-media":"","overlay-type":"","overlay-color":"","overlay-opacity":"","overlay-gradient":""},"mobile":{"background-color":"","background-image":"","background-repeat":"repeat","background-position":"center center","background-size":"auto","background-attachment":"scroll","background-type":"","background-media":"","overlay-type":"","overlay-color":"","overlay-opacity":"","overlay-gradient":""}},"ast-content-background-meta":{"desktop":{"background-color":"var(--ast-global-color-5)","background-image":"","background-repeat":"repeat","background-position":"center center","background-size":"auto","background-attachment":"scroll","background-type":"","background-media":"","overlay-type":"","overlay-color":"","overlay-opacity":"","overlay-gradient":""},"tablet":{"background-color":"var(--ast-global-color-5)","background-image":"","background-repeat":"repeat","background-position":"center center","background-size":"auto","background-attachment":"scroll","background-type":"","background-media":"","overlay-type":"","overlay-color":"","overlay-opacity":"","overlay-gradient":""},"mobile":{"background-color":"var(--ast-global-color-5)","background-image":"","background-repeat":"repeat","background-position":"center center","background-size":"auto","background-attachment":"scroll","background-type":"","background-media":"","overlay-type":"","overlay-color":"","overlay-opacity":"","overlay-gradient":""}},"footnotes":""},"categories":[8],"tags":[],"class_list":["post-1168","post","type-post","status-publish","format-standard","has-post-thumbnail","hentry","category-noticias"],"_links":{"self":[{"href":"https:\/\/losperiodistas.com.mx\/portal\/wp-json\/wp\/v2\/posts\/1168","targetHints":{"allow":["GET"]}}],"collection":[{"href":"https:\/\/losperiodistas.com.mx\/portal\/wp-json\/wp\/v2\/posts"}],"about":[{"href":"https:\/\/losperiodistas.com.mx\/portal\/wp-json\/wp\/v2\/types\/post"}],"author":[{"embeddable":true,"href":"https:\/\/losperiodistas.com.mx\/portal\/wp-json\/wp\/v2\/users\/1"}],"replies":[{"embeddable":true,"href":"https:\/\/losperiodistas.com.mx\/portal\/wp-json\/wp\/v2\/comments?post=1168"}],"version-history":[{"count":1,"href":"https:\/\/losperiodistas.com.mx\/portal\/wp-json\/wp\/v2\/posts\/1168\/revisions"}],"predecessor-version":[{"id":1170,"href":"https:\/\/losperiodistas.com.mx\/portal\/wp-json\/wp\/v2\/posts\/1168\/revisions\/1170"}],"wp:featuredmedia":[{"embeddable":true,"href":"https:\/\/losperiodistas.com.mx\/portal\/wp-json\/wp\/v2\/media\/1169"}],"wp:attachment":[{"href":"https:\/\/losperiodistas.com.mx\/portal\/wp-json\/wp\/v2\/media?parent=1168"}],"wp:term":[{"taxonomy":"category","embeddable":true,"href":"https:\/\/losperiodistas.com.mx\/portal\/wp-json\/wp\/v2\/categories?post=1168"},{"taxonomy":"post_tag","embeddable":true,"href":"https:\/\/losperiodistas.com.mx\/portal\/wp-json\/wp\/v2\/tags?post=1168"}],"curies":[{"name":"wp","href":"https:\/\/api.w.org\/{rel}","templated":true}]}}