{"id":11676,"date":"2021-08-17T03:39:19","date_gmt":"2021-08-17T08:39:19","guid":{"rendered":"http:\/\/losperiodistas.com.mx\/portal\/?p=11676"},"modified":"2021-08-17T03:39:21","modified_gmt":"2021-08-17T08:39:21","slug":"comisiones-en-el-senado-aprueban-ley-de-revocacion-de-mandato-la-jornada","status":"publish","type":"post","link":"https:\/\/losperiodistas.com.mx\/portal\/comisiones-en-el-senado-aprueban-ley-de-revocacion-de-mandato-la-jornada\/","title":{"rendered":"Comisiones en el Senado aprueban ley de revocaci\u00f3n de mandato | La Jornada"},"content":{"rendered":"\n<p><\/p>\n\n\n\n<figure class=\"wp-block-image size-large\"><img fetchpriority=\"high\" decoding=\"async\" width=\"1024\" height=\"533\" src=\"https:\/\/losperiodistas.com.mx\/portal\/wp-content\/uploads\/2021\/08\/Captura-de-Pantalla-2021-08-17-a-las-3.35.02-1024x533.jpg\" alt=\"\" class=\"wp-image-11678\" srcset=\"https:\/\/losperiodistas.com.mx\/portal\/wp-content\/uploads\/2021\/08\/Captura-de-Pantalla-2021-08-17-a-las-3.35.02-1024x533.jpg 1024w, https:\/\/losperiodistas.com.mx\/portal\/wp-content\/uploads\/2021\/08\/Captura-de-Pantalla-2021-08-17-a-las-3.35.02-300x156.jpg 300w, https:\/\/losperiodistas.com.mx\/portal\/wp-content\/uploads\/2021\/08\/Captura-de-Pantalla-2021-08-17-a-las-3.35.02-768x400.jpg 768w, https:\/\/losperiodistas.com.mx\/portal\/wp-content\/uploads\/2021\/08\/Captura-de-Pantalla-2021-08-17-a-las-3.35.02-1536x799.jpg 1536w, https:\/\/losperiodistas.com.mx\/portal\/wp-content\/uploads\/2021\/08\/Captura-de-Pantalla-2021-08-17-a-las-3.35.02.jpg 1914w\" sizes=\"(max-width: 1024px) 100vw, 1024px\" \/><figcaption>Las Comisiones Unidas de Gobernaci\u00f3n y de Estudios Legislativos Segunda del Senado de la Rep\u00fablica se re\u00fanen para discutir el dictamen de la ley federal de revocaci\u00f3n de mandato a distancia, en la Ciudad de M\u00e9xico, el 16 de agosto de 2021.\u00a0Foto\u00a0<strong>Mar\u00eda Luisa Severiano<\/strong><\/figcaption><\/figure>\n\n\n\n<p class=\"has-vivid-cyan-blue-color has-text-color has-medium-font-size\">V\u00cdCTOR BALLINAS \/ LA JORNADA<\/p>\n\n\n\n<p><em>Ciudad de M\u00e9xico.<\/em>&nbsp;En comisiones, el Senado aprob\u00f3 en lo general y en lo particular, el dictamen de la Ley Federal de Revocaci\u00f3n de Mandato, reglamentaria del art\u00edculo 35 constitucional, para poder realizar este ejercicio en marzo pr\u00f3ximo. Esta tarde al reanudarse la reuni\u00f3n de Comisiones Unidas, luego de un receso de m\u00e1s de tres horas, Morena y sus aliados aprobaron los art\u00edculos 25 y 56 que hab\u00edan quedado pendientes y tres adiciones<\/p>\n\n\n\n<p>Por mayor\u00eda en las comisiones de Gobernaci\u00f3n y la de Estudios Legislativos Segunda Morena y sus aliados aprobaron el dictamen en lo general, a medio d\u00eda. El PT, el PRI y MC, votaron en contra, el PRD en abstenci\u00f3n y el panista Dami\u00e1n Zepeda manifest\u00f3 que su voto lo reservaba para el Pleno.<\/p>\n\n\n\n<p>Luego de casi tres horas de discusi\u00f3n, en la reuni\u00f3n que inici\u00f3 a las 10:30 de la ma\u00f1ana y concluy\u00f3 a las 14:30, se aprob\u00f3 el dictamen en lo general, aunque la oposici\u00f3n solicit\u00f3 que se pospusiera el encuentro, para solicitar una consulta con el respecto al dictamen y para tratar de hacer cambios, su propuesta no prosper\u00f3.<\/p>\n\n\n\n<p>La presidenta de la comisi\u00f3n de Gobernaci\u00f3n, la morenista M\u00f3nica Fern\u00e1ndez explic\u00f3 que de los 57 art\u00edculos que tiene este dictamen dos est\u00e1n encorchetados y en seis hay propuestas para hacerles adiciones. Detall\u00f3 que se trata del an\u00e1lisis de seis iniciativas que fueron presentadas en la Permanente e insisti\u00f3 que las diferencias se encuentran en el tema de las sanciones y en el tema del INE.<\/p>\n\n\n\n<p>PRI, PT, MC y PAN pidieron que se modificar\u00e1 la pregunta, porque en su opini\u00f3n, de lo que se trata es de un revocaci\u00f3n y como est\u00e1 presentada parece que se impulsa una ratificaci\u00f3n de mandato.<\/p>\n\n\n\n<p>El morenista Salom\u00f3n Jara dijo que m\u00e1s all\u00e1 de las diferencias de fondo y matices hay que celebrar la revocaci\u00f3n de mandato como un derecho ciudadano. Abund\u00f3 que la oposici\u00f3n tuvo su gran oportunidad en el pasado y no lo hizo y refiri\u00f3 que los lineamientos para el INE deben ser lo suficientemente claros.<video preload=\"none\" src=\"https:\/\/nv.vi-serve.com\/vis-media\/101\/269\/7uojNnsBH0bMtj-zbQDh_720p.mp4\"><\/p>\n\n\n\n<p>La senadora Antare Vazquez manifest\u00f3 en la reuni\u00f3n que con la pregunta se le quiere dar absoluta claridad al ciudadano, a la ciudadan\u00eda se le tiene que dejar claro \u201cporque ya tuvimos la experiencia de la consulta, con un pregunta modificada por la Corte y que gener\u00f3 confusi\u00f3n\u201d.<\/p>\n\n\n\n<p>Se procedi\u00f3 en las comisiones a discutir en lo particular los dos art\u00edculos que est\u00e1n encorchetados, el art\u00edculo 25 y 56. En la discusi\u00f3n, en donde ya no estuvo presente PRI, PT, PRD y MC, se discuti\u00f3 la redacci\u00f3n que se aprobar\u00eda.<\/p>\n\n\n\n<p>Se acord\u00f3 por Morena y PES que en ambos casos prevalecer\u00e1 la propuesta del coordinador de Morena, Ricardo Monreal y se desecharon las propuestas del PAN, PRI, PRD y MC. Sin embargo, a la hora de tomar la votaci\u00f3n en lo particular de esos art\u00edculos, a la Comisi\u00f3n de Gobernaci\u00f3n le falt\u00f3 un voto para poder avalarlos ya que de quince integrantes solo obtuvo siete votos en dos ocasiones en que se procedi\u00f3 a pasar lista para recoger los votos.<\/p>\n\n\n\n<p>En la Comisi\u00f3n de Estudios Legislativos Segunda, aunque tambi\u00e9n tiene quince integrantes reuni\u00f3 forum con trece asistentes y con siete votos se aprobaron en esa instancia los dos art\u00edculos.<\/p>\n\n\n\n<p>Se decret\u00f3 un receso de tres horas para repetir la votaci\u00f3n en espera de que los senadores que se ausentaron o tuvieron que retirarse de la reuni\u00f3n a distancia, vuelvan a conectarse a los dispositivos electr\u00f3nicos para emitir el voto.<\/p>\n\n\n\n<p>Al reanudarse los trabajos esta tarde, Morena logr\u00f3 la asistencia del senador Jos\u00e9 Ram\u00f3n Enr\u00edquez quien estuvo ausente en la sesi\u00f3n matutina y tambi\u00e9n regres\u00f3 el senador Salom\u00f3n Jara, con lo cual Morena obtuvo en la Comisi\u00f3n de Gobernaci\u00f3n ocho votos a favor, cero en contra y cero abstenciones, porque no asistieron los legisladores del PAN, PRI, MC y PRD.<\/p>\n\n\n\n<p>A su vez, la comisi\u00f3n de Estudios Legislativos tambi\u00e9n obtuvo nueve votos para aprobar los art\u00edculos 25 y 56 ya que en la sesi\u00f3n matutina hab\u00eda logrado siete votos a favor. Los senadores del PAN, PRI, PT, PRD, MC y Partido Verde no asistieron.<\/p>\n\n\n\n<p>La presidenta de la Comisi\u00f3n de Gobernaci\u00f3n manifest\u00f3 \u201cya tenemos un dictamen completo, se aprobaron tres propuesta de adiciones, la redacci\u00f3n de los art\u00edculos 25 y 56, por lo que se ha cumplido el cometido, el dictamen queda aprobado y se remitir\u00e1 a la Mesa Directiva del Senado.\u201d<\/p>\n\n\n\n<p>Fuente: https:\/\/www.jornada.com.mx\/notas\/2021\/08\/16\/politica\/aprueban-senadores-en-lo-general-ley-de-revocacion-de-mandato\/<\/p>\n","protected":false},"excerpt":{"rendered":"<p>V\u00cdCTOR BALLINAS \/ LA JORNADA Ciudad de M\u00e9xico.&nbsp;En comisiones, el Senado aprob\u00f3 en lo general y en lo particular, el [&hellip;]<\/p>\n","protected":false},"author":1,"featured_media":11678,"comment_status":"open","ping_status":"open","sticky":false,"template":"","format":"standard","meta":{"site-sidebar-layout":"default","site-content-layout":"","ast-site-content-layout":"default","site-content-style":"default","site-sidebar-style":"default","ast-global-header-display":"","ast-banner-title-visibility":"","ast-main-header-display":"","ast-hfb-above-header-display":"","ast-hfb-below-header-display":"","ast-hfb-mobile-header-display":"","site-post-title":"","ast-breadcrumbs-content":"","ast-featured-img":"","footer-sml-layout":"","theme-transparent-header-meta":"","adv-header-id-meta":"","stick-header-meta":"","header-above-stick-meta":"","header-main-stick-meta":"","header-below-stick-meta":"","astra-migrate-meta-layouts":"default","ast-page-background-enabled":"default","ast-page-background-meta":{"desktop":{"background-color":"var(--ast-global-color-4)","background-image":"","background-repeat":"repeat","background-position":"center center","background-size":"auto","background-attachment":"scroll","background-type":"","background-media":"","overlay-type":"","overlay-color":"","overlay-opacity":"","overlay-gradient":""},"tablet":{"background-color":"","background-image":"","background-repeat":"repeat","background-position":"center center","background-size":"auto","background-attachment":"scroll","background-type":"","background-media":"","overlay-type":"","overlay-color":"","overlay-opacity":"","overlay-gradient":""},"mobile":{"background-color":"","background-image":"","background-repeat":"repeat","background-position":"center center","background-size":"auto","background-attachment":"scroll","background-type":"","background-media":"","overlay-type":"","overlay-color":"","overlay-opacity":"","overlay-gradient":""}},"ast-content-background-meta":{"desktop":{"background-color":"var(--ast-global-color-5)","background-image":"","background-repeat":"repeat","background-position":"center center","background-size":"auto","background-attachment":"scroll","background-type":"","background-media":"","overlay-type":"","overlay-color":"","overlay-opacity":"","overlay-gradient":""},"tablet":{"background-color":"var(--ast-global-color-5)","background-image":"","background-repeat":"repeat","background-position":"center center","background-size":"auto","background-attachment":"scroll","background-type":"","background-media":"","overlay-type":"","overlay-color":"","overlay-opacity":"","overlay-gradient":""},"mobile":{"background-color":"var(--ast-global-color-5)","background-image":"","background-repeat":"repeat","background-position":"center center","background-size":"auto","background-attachment":"scroll","background-type":"","background-media":"","overlay-type":"","overlay-color":"","overlay-opacity":"","overlay-gradient":""}},"footnotes":""},"categories":[8],"tags":[3298,3299],"class_list":["post-11676","post","type-post","status-publish","format-standard","has-post-thumbnail","hentry","category-noticias","tag-ley-federal-de-revocacion-de-mandato","tag-senado-mexico"],"_links":{"self":[{"href":"https:\/\/losperiodistas.com.mx\/portal\/wp-json\/wp\/v2\/posts\/11676","targetHints":{"allow":["GET"]}}],"collection":[{"href":"https:\/\/losperiodistas.com.mx\/portal\/wp-json\/wp\/v2\/posts"}],"about":[{"href":"https:\/\/losperiodistas.com.mx\/portal\/wp-json\/wp\/v2\/types\/post"}],"author":[{"embeddable":true,"href":"https:\/\/losperiodistas.com.mx\/portal\/wp-json\/wp\/v2\/users\/1"}],"replies":[{"embeddable":true,"href":"https:\/\/losperiodistas.com.mx\/portal\/wp-json\/wp\/v2\/comments?post=11676"}],"version-history":[{"count":1,"href":"https:\/\/losperiodistas.com.mx\/portal\/wp-json\/wp\/v2\/posts\/11676\/revisions"}],"predecessor-version":[{"id":11679,"href":"https:\/\/losperiodistas.com.mx\/portal\/wp-json\/wp\/v2\/posts\/11676\/revisions\/11679"}],"wp:featuredmedia":[{"embeddable":true,"href":"https:\/\/losperiodistas.com.mx\/portal\/wp-json\/wp\/v2\/media\/11678"}],"wp:attachment":[{"href":"https:\/\/losperiodistas.com.mx\/portal\/wp-json\/wp\/v2\/media?parent=11676"}],"wp:term":[{"taxonomy":"category","embeddable":true,"href":"https:\/\/losperiodistas.com.mx\/portal\/wp-json\/wp\/v2\/categories?post=11676"},{"taxonomy":"post_tag","embeddable":true,"href":"https:\/\/losperiodistas.com.mx\/portal\/wp-json\/wp\/v2\/tags?post=11676"}],"curies":[{"name":"wp","href":"https:\/\/api.w.org\/{rel}","templated":true}]}}