{"id":116721,"date":"2026-02-15T08:04:33","date_gmt":"2026-02-15T14:04:33","guid":{"rendered":"https:\/\/losperiodistas.com.mx\/portal\/?p=116721"},"modified":"2026-02-15T08:04:34","modified_gmt":"2026-02-15T14:04:34","slug":"que-es-y-que-no-es-nuevo-en-las-criticas-de-los-obispos-estadounidenses-a-la-politica-exterior-de-trump-the-conversation","status":"publish","type":"post","link":"https:\/\/losperiodistas.com.mx\/portal\/que-es-y-que-no-es-nuevo-en-las-criticas-de-los-obispos-estadounidenses-a-la-politica-exterior-de-trump-the-conversation\/","title":{"rendered":"\u00bfQu\u00e9 es y qu\u00e9 no es nuevo en las cr\u00edticas de los obispos estadounidenses a la pol\u00edtica exterior de Trump? | The Conversation"},"content":{"rendered":"\n<figure class=\"wp-block-image size-large\"><img fetchpriority=\"high\" decoding=\"async\" width=\"1024\" height=\"341\" src=\"https:\/\/losperiodistas.com.mx\/portal\/wp-content\/uploads\/2026\/02\/file-20260209-56-9shvy8-1024x341.jpg\" alt=\"\" class=\"wp-image-116722\" srcset=\"https:\/\/losperiodistas.com.mx\/portal\/wp-content\/uploads\/2026\/02\/file-20260209-56-9shvy8-1024x341.jpg 1024w, https:\/\/losperiodistas.com.mx\/portal\/wp-content\/uploads\/2026\/02\/file-20260209-56-9shvy8-300x100.jpg 300w, https:\/\/losperiodistas.com.mx\/portal\/wp-content\/uploads\/2026\/02\/file-20260209-56-9shvy8-768x256.jpg 768w, https:\/\/losperiodistas.com.mx\/portal\/wp-content\/uploads\/2026\/02\/file-20260209-56-9shvy8-1536x512.jpg 1536w, https:\/\/losperiodistas.com.mx\/portal\/wp-content\/uploads\/2026\/02\/file-20260209-56-9shvy8.jpg 1920w\" sizes=\"(max-width: 1024px) 100vw, 1024px\" \/><figcaption class=\"wp-element-caption\">Los cardenales Robert McElroy, Joseph Tobin y Blase Cupich emitieron una declaraci\u00f3n sobre la pol\u00edtica exterior de Estados Unidos el 19 de enero de 2026.\u00a0<br><a href=\"https:\/\/newsroom.ap.org\/home\/search?query=cupich&amp;mediaType=photo\">Gregorio Borgia\/Gregory Bull\/AP Photo<\/a><\/figcaption><\/figure>\n\n\n\n<p class=\"has-medium-font-size\"><strong><a href=\"https:\/\/theconversation.com\/profiles\/gerard-f-powers-2579312\">Gerard F. Powers<\/a> \/ The Conversation<\/strong><\/p>\n\n\n\n<p class=\"has-small-font-size\">Director de Estudios Cat\u00f3licos sobre Consolidaci\u00f3n de la Paz, Universidad de Notre Dame<\/p>\n\n\n\n<p>En las \u00faltimas semanas, los l\u00edderes cat\u00f3licos han sido cada vez m\u00e1s francos en sus cr\u00edticas a la pol\u00edtica exterior de la administraci\u00f3n Trump, especialmente su&nbsp;<a href=\"https:\/\/theconversation.com\/3-ways-us-actions-in-venezuela-violated-international-law-273066\">intervenci\u00f3n militar en Venezuela<\/a>&nbsp;y&nbsp;<a href=\"https:\/\/theconversation.com\/trumps-stated-reasons-for-taking-greenland-are-wrong-but-the-tactics-fit-with-the-plan-to-limit-chinas-economic-interests-273548\">sus amenazas sobre Groenlandia<\/a>&nbsp;.<\/p>\n\n\n\n<p>El 19 de enero de 2026, los tres cardenales a cargo de las arquidi\u00f3cesis estadounidenses \u2014Blase Cupich de Chicago, Robert McElroy de Washington, D.C., y Joseph Tobin de Newark\u2014 emitieron una inusual&nbsp;<a href=\"https:\/\/adw.org\/news\/joint-statement-morality-u-s-foreign-policy-english\/\">declaraci\u00f3n conjunta<\/a>&nbsp;. \u00abEstados Unidos ha entrado en el debate m\u00e1s profundo y candente sobre el fundamento moral de sus acciones en el mundo desde el fin de la Guerra Fr\u00eda\u00bb, comenzaron, exigiendo \u00abuna pol\u00edtica exterior genuinamente moral\u00bb.<\/p>\n\n\n\n<p>Los cardenales citaron el discurso anual del Papa Le\u00f3n XIV&nbsp;<a href=\"https:\/\/www.vatican.va\/content\/leo-xiv\/en\/speeches\/2026\/january\/documents\/20260109-corpo-diplomatico.html\">al cuerpo diplom\u00e1tico del Vaticano<\/a>&nbsp;, pronunciado a principios de ese mes, en el que deplor\u00f3 que \u201cse est\u00e1 extendiendo un celo por la guerra\u201d y que la norma que rige el uso de la fuerza \u201cha sido completamente socavada\u201d.<\/p>\n\n\n\n<p>En entrevistas posteriores, Cupich critic\u00f3 la operaci\u00f3n estadounidense para capturar al presidente Nicol\u00e1s Maduro&nbsp;<a href=\"https:\/\/apnews.com\/article\/vatican-us-bishops-foreign-policy-e6e2fb03d75bf529153b257d00fbecc1\">por enviar el mensaje de que \u00abla fuerza da la raz\u00f3n<\/a>&nbsp;\u00ab.&nbsp;<a href=\"https:\/\/www.nytimes.com\/2026\/01\/19\/us\/catholics-trump-archbishops.html\">Tobin se\u00f1al\u00f3<\/a>&nbsp;que algunos miembros de la administraci\u00f3n Trump parec\u00edan estar planteando \u00abcasi un c\u00e1lculo darwiniano de que los poderosos sobreviven y los d\u00e9biles no lo merecen\u00bb.<\/p>\n\n\n\n<p>Como ex asesor de pol\u00edtica exterior de la Conferencia de Obispos Cat\u00f3licos de Estados Unidos y ahora&nbsp;<a href=\"https:\/\/kroc.nd.edu\/faculty-and-staff\/gerard-f-powers\/\">director de estudios sobre consolidaci\u00f3n de la paz cat\u00f3lica<\/a>&nbsp;en el Instituto Kroc de Notre Dame, s\u00e9 lo raro que es que la breve declaraci\u00f3n de los cardenales se convirtiera en noticia de primera plana, especialmente porque lo que dijeron reiter\u00f3 en su mayor parte ense\u00f1anzas de larga data de la Iglesia.<\/p>\n\n\n\n<figure class=\"wp-block-image\"><a href=\"https:\/\/images.theconversation.com\/files\/717240\/original\/file-20260209-56-z7x5xa.jpg?ixlib=rb-4.1.0&amp;q=45&amp;auto=format&amp;w=1000&amp;fit=clip\"><img decoding=\"async\" src=\"https:\/\/images.theconversation.com\/files\/717240\/original\/file-20260209-56-z7x5xa.jpg?ixlib=rb-4.1.0&amp;q=45&amp;auto=format&amp;w=754&amp;fit=clip\" alt=\"Un hombre de cabello gris y traje negro con cuello clerical sonr\u00ede mientras se sienta frente a una cortina azul brillante.\"\/><\/a><figcaption class=\"wp-element-caption\">Servicios Militares El arzobispo Timothy Broglio habla durante una conferencia de prensa en una asamblea plenaria en Baltimore el 11 de noviembre de 2025.&nbsp;<a href=\"https:\/\/newsroom.ap.org\/detail\/USCatholicBishops\/b04c64c5cea940d69a334a68968456c0\/photo?vs=false&amp;currentItemNo=1&amp;startingItemNo=0\">Foto AP\/Stephanie Scarbrough<\/a><\/figcaption><\/figure>\n\n\n\n<p>M\u00e1s novedosas, sin embargo, fueron las declaraciones del arzobispo Timothy Broglio, quien preside la Arquidi\u00f3cesis para los Servicios Militares. En diciembre de 2025, Broglio emiti\u00f3&nbsp;<a href=\"https:\/\/files.milarch.org\/archbishop\/abp-statement-on-caribbean-interceptions-3dec2025.pdf\">una cr\u00edtica detallada<\/a>&nbsp;de la moralidad y la legalidad de los ataques de la administraci\u00f3n Trump&nbsp;<a href=\"https:\/\/www.nytimes.com\/article\/trump-drug-boat-strikes-timeline.html\">contra embarcaciones en el Caribe<\/a>&nbsp;. En una&nbsp;<a href=\"https:\/\/www.bbc.com\/audio\/play\/m002q27j\">entrevista con la BBC<\/a>&nbsp;en enero , cuando se le pregunt\u00f3 si una invasi\u00f3n de Groenlandia podr\u00eda considerarse justa, dijo: \u00abNo veo ninguna circunstancia que lo fuera\u00bb.<\/p>\n\n\n\n<h3 class=\"wp-block-heading\">Un gran enlace cada uno o dos d\u00edas<\/h3>\n\n\n\n<p>Obtenga nuestros textos<\/p>\n\n\n\n<p>Es inusual que un arzobispo de las fuerzas armadas cuestione la moralidad de intervenciones militares estadounidenses espec\u00edficas. Despu\u00e9s de hacerlo, es a\u00fan m\u00e1s inusual que inste a los l\u00edderes del pa\u00eds&nbsp;<a href=\"https:\/\/www.milarch.org\/archbishop-broglio-issues-statement-on-u-s-military-assaults-against-suspected-drug-smugglers\/\">a respetar la conciencia del personal militar<\/a>&nbsp;\u00abno pidi\u00e9ndoles que participen en actos inmorales\u00bb y a&nbsp;<a href=\"https:\/\/www.bbc.com\/audio\/play\/m002q27j\">recordarles<\/a>&nbsp;que \u00abser\u00eda moralmente aceptable desobedecer tal orden\u00bb.<\/p>\n\n\n\n<p>Todas estas declaraciones contin\u00faan el legado de los obispos estadounidenses de oponerse a pr\u00e1cticamente todas las intervenciones militares importantes de Estados Unidos desde Vietnam,&nbsp;<a href=\"https:\/\/www.usccb.org\/resources\/pastoral-message-living-faith-and-hope-after-september-11\">excepto la invasi\u00f3n de Afganist\u00e1n<\/a>&nbsp;.<\/p>\n\n\n\n<h2 class=\"wp-block-heading\">Guerra justa<\/h2>\n\n\n\n<p>Esa oposici\u00f3n refleja la tradici\u00f3n centenaria de \u201cguerra justa\u201d de la Iglesia Cat\u00f3lica y su enfoque cada vez m\u00e1s restrictivo de lo que se considera \u201cjusto\u201d.<\/p>\n\n\n\n<p>Los criterios de la guerra justa limitan cu\u00e1ndo, por qu\u00e9 y c\u00f3mo se puede usar la fuerza. Seg\u00fan&nbsp;<a href=\"https:\/\/www.usccb.org\/sites\/default\/files\/flipbooks\/catechism\/558\/\">el catecismo cat\u00f3lico<\/a>&nbsp;, ir a la guerra es leg\u00edtimo cuando no existen otros medios para detener un da\u00f1o duradero, grave y cierto, existe una probabilidad razonable de \u00e9xito y la guerra no producir\u00e1 males ni des\u00f3rdenes m\u00e1s graves que el mal que se pretende eliminar.<\/p>\n\n\n\n<p>En otras palabras, la guerra deber\u00eda ser \u00abun \u00faltimo recurso en situaciones extremas, no un instrumento normal de la pol\u00edtica nacional\u00bb,&nbsp;<a href=\"https:\/\/www.archchicago.org\/en\/news-release\/-\/article\/2026\/01\/19\/three-catholic-cardinals-issue-rare-joint-statement-on-the-morality-of-u-s-foreign-policy\">como se\u00f1alaron los cardenales en su declaraci\u00f3n<\/a>&nbsp;. La Iglesia Cat\u00f3lica presupone que la guerra es un fracaso de la pol\u00edtica.<\/p>\n\n\n\n<p>Ese enfoque restrictivo, que algunos cat\u00f3licos conservadores&nbsp;<a href=\"https:\/\/firstthings.com\/why-just-war-theory-always-matters\/\">denominan \u00abpacifismo funcional<\/a>&nbsp;\u00ab, ha puesto a los l\u00edderes eclesi\u00e1sticos en contra de las intervenciones militares estadounidenses que reflejan una interpretaci\u00f3n mucho m\u00e1s permisiva de la guerra justa. Este enfoque permisivo presupone que la guerra podr\u00eda ser el \u00faltimo recurso, pero sigue siendo una forma de pol\u00edtica, una herramienta m\u00e1s en la pol\u00edtica exterior.<\/p>\n\n\n\n<h2 class=\"wp-block-heading\">Cr\u00edtica de la Guerra Fr\u00eda<\/h2>\n\n\n\n<p>Estos enfoques contrastantes fueron especialmente evidentes en el debate nuclear de principios de la d\u00e9cada de 1980 y en el debate sobre la invasi\u00f3n de Irak en 2003.<\/p>\n\n\n\n<p>Cuando Ronald Reagan asumi\u00f3 el cargo, su administraci\u00f3n lanz\u00f3 una masiva&nbsp;<a href=\"https:\/\/www.armscontrol.org\/act\/2004-07\/arms-control-today\/looking-back-nuclear-arms-control-legacy-ronald-reagan\">acumulaci\u00f3n nuclear<\/a>&nbsp;y despleg\u00f3 armas nucleares de alcance intermedio en Europa, argumentando que los estadounidenses se estaban quedando atr\u00e1s de los sovi\u00e9ticos en la Guerra Fr\u00eda.<\/p>\n\n\n\n<figure class=\"wp-block-image\"><a href=\"https:\/\/images.theconversation.com\/files\/717246\/original\/file-20260209-64-r0s5de.jpg?ixlib=rb-4.1.0&amp;q=45&amp;auto=format&amp;w=1000&amp;fit=clip\"><img decoding=\"async\" src=\"https:\/\/images.theconversation.com\/files\/717246\/original\/file-20260209-64-r0s5de.jpg?ixlib=rb-4.1.0&amp;q=45&amp;auto=format&amp;w=754&amp;fit=clip\" alt=\"Un hombre con traje y corbata a rayas, de pie ante un atril frente a un sello presidencial, levanta el brazo en un gesto de pulgar hacia arriba.\"\/><\/a><figcaption class=\"wp-element-caption\">El presidente Ronald Reagan analiza la producci\u00f3n del misil nuclear MX durante una conferencia de prensa el 14 de mayo de 1984.&nbsp;<a href=\"https:\/\/newsroom.ap.org\/home\/search?query=reagan%20nuclear&amp;mediaType=photo\">AP Photo\/Scott Stewart<\/a><\/figcaption><\/figure>\n\n\n\n<p>En 1983, los obispos estadounidenses publicaron una carta muy influyente,&nbsp;<a href=\"https:\/\/www.usccb.org\/upload\/challenge-peace-gods-promise-our-response-1983.pdf\">El Desaf\u00edo de la Paz<\/a>&nbsp;, que se opon\u00eda a elementos fundamentales de la pol\u00edtica nuclear de la administraci\u00f3n. Exig\u00edan el cese de la carrera armamentista, se opon\u00edan al primer uso de armas nucleares y se mostraban esc\u00e9pticos respecto a la moralidad incluso de un segundo uso limitado, o como represalia.<\/p>\n\n\n\n<p><a href=\"https:\/\/www.nytimes.com\/1983\/05\/01\/opinion\/the-bishops-letter.html\">Su carta de 103 p\u00e1ginas no tuvo un impacto directo en la pol\u00edtica nuclear estadounidense, pero contribuy\u00f3 a que los responsables pol\u00edticos y los analistas<\/a>&nbsp;dejaran de considerar obsoleta la tradici\u00f3n de la guerra justa&nbsp;. La pastoral era lectura obligatoria en las academias militares.<\/p>\n\n\n\n<p>Uno de los arquitectos de la Iniciativa de Defensa Estrat\u00e9gica de Reagan, el almirante James Watkins, Jefe de Operaciones Navales, se mostr\u00f3 preocupado por las cr\u00edticas de la Iglesia a la disuasi\u00f3n,&nbsp;<a href=\"https:\/\/search.worldcat.org\/title\/18833429\">seg\u00fan el periodista John Newhouse<\/a>&nbsp;. Watkins consideraba la defensa antimisiles una alternativa moralmente superior, y as\u00ed fue como el llamado&nbsp;<a href=\"https:\/\/www.ebsco.com\/research-starters\/military-history-and-science\/strategic-defense-initiative-sdi\">programa de la \u00abGuerra de las Galaxias\u00bb<\/a>&nbsp;se present\u00f3 ante un Congreso y un p\u00fablico esc\u00e9pticos.<\/p>\n\n\n\n<h2 class=\"wp-block-heading\">No a la guerra preventiva<\/h2>\n\n\n\n<p>El debate sobre el uso excesivamente permisivo de la fuerza alcanz\u00f3 su punto \u00e1lgido en el per\u00edodo previo a la invasi\u00f3n de Irak por la administraci\u00f3n Bush en 2003. La administraci\u00f3n argument\u00f3 que la fuerza militar&nbsp;<a href=\"https:\/\/georgewbush-whitehouse.archives.gov\/nsc\/nss\/2002\/\">no deb\u00eda limitarse a la defensa contra la agresi\u00f3n<\/a>&nbsp;. Desde esta perspectiva, la guerra preventiva se justificaba para eliminar el peligro potencial que Irak representaba tras el 11-S: un r\u00e9gimen rebelde, con armas de destrucci\u00f3n masiva y v\u00ednculos con terroristas globales.<\/p>\n\n\n\n<p>El papa Juan Pablo II, los obispos estadounidenses y l\u00edderes cat\u00f3licos de todo el mundo&nbsp;<a href=\"https:\/\/www.usccb.org\/resources\/statements-church-leaders-iraq-2003\">se opusieron vehementemente<\/a>&nbsp;, afirmando que dicha doctrina debilitar\u00eda la tradici\u00f3n de la guerra justa y el derecho internacional. Como&nbsp;<a href=\"https:\/\/zenit.org\/2002\/09\/22\/cardinal-ratzinger-says-unilateral-attack-on-iraq-not-justified\/\">dijo en 2002<\/a>&nbsp;el entonces cardenal Joseph Ratzinger, quien posteriormente se convirti\u00f3 en el papa Benedicto XVI : \u00abEl concepto de &#8216;guerra preventiva&#8217; no aparece en el Catecismo de la Iglesia Cat\u00f3lica\u00bb.<\/p>\n\n\n\n<p>Ya en mayo de 2002, los obispos estadounidenses iniciaron&nbsp;<a href=\"https:\/\/www.jstor.org\/stable\/40468576?casa_token=j6lYSb7mWccAAAAA%3AS7iPgXbBMdWKTzd-xwS8Z12qzNnymQRiJMqIivKM-ePCEbiTwIoke9GVKUD4v7ZJpUjolM3mR2GBgjFi2QlG6nHNjIwbJ9OgxHziz5c4ngxO-LgkhWxnXQ&amp;seq=16\">una serie de reuniones<\/a>&nbsp;con funcionarios de la Casa Blanca,&nbsp;<a href=\"https:\/\/www.usccb.org\/resources\/information-bishops-and-war-iraq-may-2003\">inst\u00e1ndolos a no ir a la guerra<\/a>&nbsp;. En marzo de 2003, Juan Pablo II envi\u00f3 al cardenal italiano Pio Laghi a entregar personalmente una carta al presidente George W. Bush&nbsp;<a href=\"https:\/\/www.vatican.va\/holy_father\/special_features\/peace\/documents\/peace_20030306_card-laghi-usa-meeting_en.html\">inst\u00e1ndolo a hacer lo mismo<\/a>&nbsp;.<\/p>\n\n\n\n<figure class=\"wp-block-image\"><a href=\"https:\/\/images.theconversation.com\/files\/717159\/original\/file-20260209-56-ix4gw6.jpg?ixlib=rb-4.1.0&amp;q=45&amp;auto=format&amp;w=1000&amp;fit=clip\"><img decoding=\"async\" src=\"https:\/\/images.theconversation.com\/files\/717159\/original\/file-20260209-56-ix4gw6.jpg?ixlib=rb-4.1.0&amp;q=45&amp;auto=format&amp;w=754&amp;fit=clip\" alt=\"Un hombre con traje y corbata azul se sienta en una silla blanca adornada, al lado de otro hombre sentado con t\u00fanica blanca leyendo en un micr\u00f3fono.\"\/><\/a><figcaption class=\"wp-element-caption\">Durante su discurso del 4 de junio de 2004, el Papa Juan Pablo II record\u00f3 al presidente George W. Bush la oposici\u00f3n del Vaticano a la guerra en Irak.&nbsp;<a href=\"https:\/\/www.gettyimages.com\/detail\/news-photo\/pope-reminded-president-bush-of-the-vaticans-opposition-to-news-photo\/108491818?adppopup=true\">Eric Vandeville\/Gamma-Rapho v\u00eda Getty Images<\/a><\/figcaption><\/figure>\n\n\n\n<h2 class=\"wp-block-heading\">Nuevo contexto<\/h2>\n\n\n\n<p>No es novedad que el enfoque m\u00e1s idealista y cosmopolita de la Iglesia hacia los asuntos internacionales est\u00e9 en profunda tensi\u00f3n&nbsp;<a href=\"https:\/\/www.cnn.com\/2026\/01\/05\/politics\/video\/senior-white-house-aide-stephen-miller-says-us-military-threat-to-maintain-control-of-venezuela-digvid\">con la pol\u00edtica exterior estadounidense, realista y antiglobalista<\/a>&nbsp;. De hecho, los obispos han sido m\u00e1s francos en el pasado que ahora.<\/p>\n\n\n\n<p>Pero lo novedoso, al menos desde el fin de la Guerra Fr\u00eda, es la creciente preocupaci\u00f3n de los l\u00edderes eclesi\u00e1sticos por una pol\u00edtica exterior que intenta romper las normas. Gobiernos anteriores ofrecieron justificaciones legales y morales para las invenciones militares, como&nbsp;<a href=\"https:\/\/www.npr.org\/2003\/03\/17\/1195205\/transcript-of-president-bushs-speech-on-iraq\">las afirmaciones de la administraci\u00f3n Bush de que Irak fue una guerra justa<\/a>&nbsp;.<\/p>\n\n\n\n<p>Trump, sin embargo, ha abandonado cualquier pretensi\u00f3n de sus predecesores,&nbsp;<a href=\"https:\/\/www.nytimes.com\/live\/2026\/01\/08\/us\/trump-nyt-interview\">y le dijo al New York Times<\/a>&nbsp;: \u00abNo necesito el derecho internacional\u00bb. El \u00fanico l\u00edmite a su poder internacional, dijo, es \u00abmi propia moralidad\u00bb.<\/p>\n\n\n\n<p>Las declaraciones de los obispos sobre la pol\u00edtica exterior de su administraci\u00f3n son escasas y modestas en comparaci\u00f3n con el pasado. Pero con un&nbsp;<a href=\"https:\/\/www.politico.com\/news\/2026\/01\/20\/trump-pope-leo-migrants-europe-00734862\">papa estadounidense a la cabeza<\/a>&nbsp;, podr\u00edan ser la primera salva de una oposici\u00f3n m\u00e1s p\u00fablica y en\u00e9rgica por parte de los l\u00edderes cat\u00f3licos.<\/p>\n\n\n\n<p>Fuente: <a href=\"https:\/\/theconversation.com\/what-is-and-isnt-new-about-us-bishops-criticism-of-trumps-foreign-policy-274499\">https:\/\/theconversation.com\/what-is-and-isnt-new-about-us-bishops-criticism-of-trumps-foreign-policy-274499<\/a><\/p>\n","protected":false},"excerpt":{"rendered":"<p>Gerard F. Powers \/ The Conversation Director de Estudios Cat\u00f3licos sobre Consolidaci\u00f3n de la Paz, Universidad de Notre Dame En [&hellip;]<\/p>\n","protected":false},"author":1,"featured_media":116722,"comment_status":"open","ping_status":"open","sticky":false,"template":"","format":"standard","meta":{"site-sidebar-layout":"default","site-content-layout":"","ast-site-content-layout":"default","site-content-style":"default","site-sidebar-style":"default","ast-global-header-display":"","ast-banner-title-visibility":"","ast-main-header-display":"","ast-hfb-above-header-display":"","ast-hfb-below-header-display":"","ast-hfb-mobile-header-display":"","site-post-title":"","ast-breadcrumbs-content":"","ast-featured-img":"","footer-sml-layout":"","theme-transparent-header-meta":"","adv-header-id-meta":"","stick-header-meta":"","header-above-stick-meta":"","header-main-stick-meta":"","header-below-stick-meta":"","astra-migrate-meta-layouts":"default","ast-page-background-enabled":"default","ast-page-background-meta":{"desktop":{"background-color":"var(--ast-global-color-4)","background-image":"","background-repeat":"repeat","background-position":"center center","background-size":"auto","background-attachment":"scroll","background-type":"","background-media":"","overlay-type":"","overlay-color":"","overlay-opacity":"","overlay-gradient":""},"tablet":{"background-color":"","background-image":"","background-repeat":"repeat","background-position":"center center","background-size":"auto","background-attachment":"scroll","background-type":"","background-media":"","overlay-type":"","overlay-color":"","overlay-opacity":"","overlay-gradient":""},"mobile":{"background-color":"","background-image":"","background-repeat":"repeat","background-position":"center center","background-size":"auto","background-attachment":"scroll","background-type":"","background-media":"","overlay-type":"","overlay-color":"","overlay-opacity":"","overlay-gradient":""}},"ast-content-background-meta":{"desktop":{"background-color":"var(--ast-global-color-5)","background-image":"","background-repeat":"repeat","background-position":"center center","background-size":"auto","background-attachment":"scroll","background-type":"","background-media":"","overlay-type":"","overlay-color":"","overlay-opacity":"","overlay-gradient":""},"tablet":{"background-color":"var(--ast-global-color-5)","background-image":"","background-repeat":"repeat","background-position":"center center","background-size":"auto","background-attachment":"scroll","background-type":"","background-media":"","overlay-type":"","overlay-color":"","overlay-opacity":"","overlay-gradient":""},"mobile":{"background-color":"var(--ast-global-color-5)","background-image":"","background-repeat":"repeat","background-position":"center center","background-size":"auto","background-attachment":"scroll","background-type":"","background-media":"","overlay-type":"","overlay-color":"","overlay-opacity":"","overlay-gradient":""}},"footnotes":""},"categories":[8],"tags":[46299,46300],"class_list":["post-116721","post","type-post","status-publish","format-standard","has-post-thumbnail","hentry","category-noticias","tag-obispos-estados-unidos","tag-trump-iglesia-catolica"],"_links":{"self":[{"href":"https:\/\/losperiodistas.com.mx\/portal\/wp-json\/wp\/v2\/posts\/116721","targetHints":{"allow":["GET"]}}],"collection":[{"href":"https:\/\/losperiodistas.com.mx\/portal\/wp-json\/wp\/v2\/posts"}],"about":[{"href":"https:\/\/losperiodistas.com.mx\/portal\/wp-json\/wp\/v2\/types\/post"}],"author":[{"embeddable":true,"href":"https:\/\/losperiodistas.com.mx\/portal\/wp-json\/wp\/v2\/users\/1"}],"replies":[{"embeddable":true,"href":"https:\/\/losperiodistas.com.mx\/portal\/wp-json\/wp\/v2\/comments?post=116721"}],"version-history":[{"count":1,"href":"https:\/\/losperiodistas.com.mx\/portal\/wp-json\/wp\/v2\/posts\/116721\/revisions"}],"predecessor-version":[{"id":116723,"href":"https:\/\/losperiodistas.com.mx\/portal\/wp-json\/wp\/v2\/posts\/116721\/revisions\/116723"}],"wp:featuredmedia":[{"embeddable":true,"href":"https:\/\/losperiodistas.com.mx\/portal\/wp-json\/wp\/v2\/media\/116722"}],"wp:attachment":[{"href":"https:\/\/losperiodistas.com.mx\/portal\/wp-json\/wp\/v2\/media?parent=116721"}],"wp:term":[{"taxonomy":"category","embeddable":true,"href":"https:\/\/losperiodistas.com.mx\/portal\/wp-json\/wp\/v2\/categories?post=116721"},{"taxonomy":"post_tag","embeddable":true,"href":"https:\/\/losperiodistas.com.mx\/portal\/wp-json\/wp\/v2\/tags?post=116721"}],"curies":[{"name":"wp","href":"https:\/\/api.w.org\/{rel}","templated":true}]}}