{"id":11672,"date":"2021-08-17T08:22:36","date_gmt":"2021-08-17T13:22:36","guid":{"rendered":"http:\/\/losperiodistas.com.mx\/portal\/?p=11672"},"modified":"2021-08-17T04:30:05","modified_gmt":"2021-08-17T09:30:05","slug":"una-rasputin-en-la-corte-de-monaco-charlene-y-su-estrecha-relacion-con-una-bruja-vanitatis","status":"publish","type":"post","link":"https:\/\/losperiodistas.com.mx\/portal\/una-rasputin-en-la-corte-de-monaco-charlene-y-su-estrecha-relacion-con-una-bruja-vanitatis\/","title":{"rendered":"Una &#8216;Rasput\u00edn&#8217; en la corte de M\u00f3naco: Charl\u00e8ne y su estrecha relaci\u00f3n con una bruja | Vanitatis"},"content":{"rendered":"\n<p style=\"font-size:18px\"><em>Mientras la princesa est\u00e1 recuper\u00e1ndose de una intervenci\u00f3n quir\u00fargica, se la relaciona con Dawn Earl, una bruja numer\u00f3loga de la que no se separa<\/em><\/p>\n\n\n\n<figure class=\"wp-block-image size-large\"><img fetchpriority=\"high\" decoding=\"async\" width=\"1024\" height=\"769\" src=\"https:\/\/losperiodistas.com.mx\/portal\/wp-content\/uploads\/2021\/08\/Captura-de-Pantalla-2021-08-17-a-las-3.18.22-1024x769.jpg\" alt=\"\" class=\"wp-image-11673\" srcset=\"https:\/\/losperiodistas.com.mx\/portal\/wp-content\/uploads\/2021\/08\/Captura-de-Pantalla-2021-08-17-a-las-3.18.22-1024x769.jpg 1024w, https:\/\/losperiodistas.com.mx\/portal\/wp-content\/uploads\/2021\/08\/Captura-de-Pantalla-2021-08-17-a-las-3.18.22-300x225.jpg 300w, https:\/\/losperiodistas.com.mx\/portal\/wp-content\/uploads\/2021\/08\/Captura-de-Pantalla-2021-08-17-a-las-3.18.22-768x577.jpg 768w, https:\/\/losperiodistas.com.mx\/portal\/wp-content\/uploads\/2021\/08\/Captura-de-Pantalla-2021-08-17-a-las-3.18.22.jpg 1116w\" sizes=\"(max-width: 1024px) 100vw, 1024px\" \/><figcaption>La princesa Charl\u00e8ne en una imagen de archivo. (Reuters)<br><\/figcaption><\/figure>\n\n\n\n<p class=\"has-vivid-cyan-blue-color has-text-color has-medium-font-size\">N.T. \/ VANITATIS \/ EL CONFIDENCIAL<\/p>\n\n\n\n<p>Alo largo de la historia, son muchos los miembros de la realeza que han ca\u00eddo en manos de brujos con la intenci\u00f3n de recibir ayuda sobrenatural. Desde&nbsp;<strong>el famoso Rasput\u00edn,&nbsp;<\/strong>quien prometi\u00f3 a la \u00faltima zarina curar a su hijo, Alexei, mientras se entromet\u00eda en los asuntos de Estado, a Greet Hofmans, una holandesa que aseguraba recibir mensajes del m\u00e1s all\u00e1 y que embauc\u00f3 a la reina Juliana de los Pa\u00edses Bajos, abuela del actual rey, prometiendo que pod\u00eda curar la ceguera de su hija peque\u00f1a, la princesa Cristina. Y en un giro que nadie esperaba, y menos en estos momentos,&nbsp;<strong><a href=\"https:\/\/www.vanitatis.elconfidencial.com\/casas-reales\/2021-08-08\/charlene-de-monaco-look-guerrera-africana_3222499\/\">Charl\u00e8ne de M\u00f3naco<\/a>&nbsp;<\/strong>ha sido relacionada con un personaje parecido a los mencionados.<\/p>\n\n\n\n<p>La situaci\u00f3n actual de la princesa ha sido puesta en entredicho en estos \u00faltimos meses.&nbsp;<a href=\"https:\/\/www.vanitatis.elconfidencial.com\/casas-reales\/2021-08-12\/charlene-monaco-alberto-ruptura-sudafrica-no-saben-nada_3226692\/\">Desde febrero, Charl\u00e8ne se encuentra en Sud\u00e1frica<\/a>&nbsp;y aunque ella ha asegurado&nbsp;<a href=\"https:\/\/www.vanitatis.elconfidencial.com\/casas-reales\/2021-07-16\/charlene-monaco-no-regresa-casa-dolencia_3187952\/\">en incontables ocasiones<\/a>&nbsp;que el motivo de su no regreso al principado se debe a problemas de salud, ya que sufre una infecci\u00f3n en los o\u00eddos que le impide coger un avi\u00f3n, una afecci\u00f3n de la que ha sido operada este mismo fin de semana,<a href=\"https:\/\/www.vanitatis.elconfidencial.com\/casas-reales\/2021-08-14\/parte-medico-operacion-charlene-monaco-alberto_3232026\/\">&nbsp;en una intervenci\u00f3n con anestesia general<\/a>&nbsp;de cuatro horas de duraci\u00f3n, hay medios que siguen especulando con que&nbsp;<strong>el verdadero motivo de la estancia de Charl\u00e8ne en su pa\u00eds es otro.<\/strong><\/p>\n\n\n\n<figure class=\"wp-block-image\"><img decoding=\"async\" src=\"https:\/\/www.ecestaticos.com\/image\/clipping\/a66eb6cadc06c41bff5600dd7784ce37\/nongoma-south-africa-17-03-2021-charlene-princess-of-monaco-c-looks-on-during-the-memorial-for-the-late-zulu-monarch-king-goodwill-zwelithini-at-the-kwakhethomthandayo-royal-palace-in-nongoma-south-africa-18-march-2021-the-king-was-laid-to-rest-in-a-private-funeral-on-wednesday-night-attended-by-only-male-members-of-the-royal-family-in-accordance-with-his-wishes-king-zwelithini-died-in-hospital-on-friday-at-the-age-of-72-sudafrica-efe-epa-phill-magakoe-pool.jpg\" alt=\"La princesa Charl\u00e8ne en Sud\u00e1frica.  (Reuters)\"\/><\/figure>\n\n\n\n<p>La revista alemana &#8216;Bunte&#8217; fue la primera en llevar a su portada&nbsp;<strong><a href=\"https:\/\/www.vanitatis.elconfidencial.com\/casas-reales\/2021-07-20\/charlene-monaco-revista-alemana-negaciones_3191679\/\">la posible separaci\u00f3n de Alberto y su esposa<\/a>.<\/strong>&nbsp;Si bien, &#8216;Paris Match&#8217;, conocida por su buen\u00edsima relaci\u00f3n con los Grimaldi, tambi\u00e9n ha llevado la historia en sus p\u00e1ginas. Y lo que m\u00e1s sorprende es que uno de sus periodistas, St\u00e9phane Bern, presentador de radio y televisi\u00f3n y escritor franco-luxemburgu\u00e9s especializado en historia y familias reales europeas, ha ido un paso m\u00e1s all\u00e1,<strong>&nbsp;introduciendo en esta historia el nombre de Dawn Earl,<\/strong>&nbsp;quien seg\u00fan el periodista tiene que ver con la marcha de la princesa. \u201cCharl\u00e8ne de M\u00f3naco no toma la m\u00e1s m\u00ednima decisi\u00f3n sin el consejo de una adivina. La temida Dawn Earl es conocida por ser una profetisa sudafricana que sobrevivi\u00f3 a una secta australiana\u201d, escrib\u00eda en &#8216;Paris Match&#8217;.<\/p>\n\n\n\n<p>Aunque no existen fotograf\u00edas de ella, ni siquiera informaci\u00f3n de su origen,<strong>\u00a0el nombre de Dawn Earl est\u00e1 relacionado con Charl\u00e8ne desde al menos 2017.<\/strong>\u00a0Ya ese a\u00f1o aparec\u00eda en el Bolet\u00edn Oficial del Principado como acompa\u00f1ante de la princesa en un viaje que realiz\u00f3 a la India. \u00abConsejera privada de la princesa\u00bb, es el t\u00edtulo que le otorgan en dicho documento oficial. Puestos en contacto con el palacio, no quieren dar ning\u00fan tipo de informaci\u00f3n sobre Dawn Earl. Tampoco periodistas de M\u00f3naco consultados por este medio quieren pronunciarse.<\/p>\n\n\n\n<figure class=\"wp-block-image size-large\"><img decoding=\"async\" width=\"763\" height=\"1024\" src=\"https:\/\/losperiodistas.com.mx\/portal\/wp-content\/uploads\/2021\/08\/Captura-de-Pantalla-2021-08-17-a-las-3.20.41-763x1024.jpg\" alt=\"\" class=\"wp-image-11674\" srcset=\"https:\/\/losperiodistas.com.mx\/portal\/wp-content\/uploads\/2021\/08\/Captura-de-Pantalla-2021-08-17-a-las-3.20.41-763x1024.jpg 763w, https:\/\/losperiodistas.com.mx\/portal\/wp-content\/uploads\/2021\/08\/Captura-de-Pantalla-2021-08-17-a-las-3.20.41-224x300.jpg 224w, https:\/\/losperiodistas.com.mx\/portal\/wp-content\/uploads\/2021\/08\/Captura-de-Pantalla-2021-08-17-a-las-3.20.41-768x1030.jpg 768w, https:\/\/losperiodistas.com.mx\/portal\/wp-content\/uploads\/2021\/08\/Captura-de-Pantalla-2021-08-17-a-las-3.20.41.jpg 1112w\" sizes=\"(max-width: 763px) 100vw, 763px\" \/><figcaption>Charl\u00e8ne de M\u00f3naco. (Getty)<\/figcaption><\/figure>\n\n\n\n<p>Seg\u00fan aseguraba la revista &#8216;Woman&#8217;s Day&#8217; hace un tiempo, Charl\u00e8ne\u00a0<strong>\u00abha dejado su futuro en manos en el esoterico estudio de los n\u00fameros<\/strong>, incluso llegando a implicar a Alberto. Antes de atender cualquier evento real, Charl\u00e8ne consulta a su n\u00famerologa, a veces en el \u00faltimo minuto, para decidir si va o no. Si los n\u00fameros no est\u00e1n alineados a su favor, Charl\u00e8ne simplemente no acude\u00bb. Y es precisamente Dawn Earl quien ahora est\u00e1 junto a la princesa en Sud\u00e1frica, lejos de ese \u00abpueblo poblado por tiburones y v\u00edboras\u00bb, forma con la que seg\u00fan &#8216;Paris Match&#8217; catalog\u00f3 Charl\u00e8ne el principado del que es princesa y que, de momento, no ha vuelto a pisar.<\/p>\n\n\n\n<p>Fuente: https:\/\/www.vanitatis.elconfidencial.com\/casas-reales\/2021-08-17\/charlene-monaco-rasputin-bruja-estrecha-relacion_3234782\/<\/p>\n","protected":false},"excerpt":{"rendered":"<p>Mientras la princesa est\u00e1 recuper\u00e1ndose de una intervenci\u00f3n quir\u00fargica, se la relaciona con Dawn Earl, una bruja numer\u00f3loga de la [&hellip;]<\/p>\n","protected":false},"author":1,"featured_media":11673,"comment_status":"open","ping_status":"open","sticky":false,"template":"","format":"standard","meta":{"site-sidebar-layout":"default","site-content-layout":"","ast-site-content-layout":"default","site-content-style":"default","site-sidebar-style":"default","ast-global-header-display":"","ast-banner-title-visibility":"","ast-main-header-display":"","ast-hfb-above-header-display":"","ast-hfb-below-header-display":"","ast-hfb-mobile-header-display":"","site-post-title":"","ast-breadcrumbs-content":"","ast-featured-img":"","footer-sml-layout":"","theme-transparent-header-meta":"","adv-header-id-meta":"","stick-header-meta":"","header-above-stick-meta":"","header-main-stick-meta":"","header-below-stick-meta":"","astra-migrate-meta-layouts":"default","ast-page-background-enabled":"default","ast-page-background-meta":{"desktop":{"background-color":"var(--ast-global-color-4)","background-image":"","background-repeat":"repeat","background-position":"center center","background-size":"auto","background-attachment":"scroll","background-type":"","background-media":"","overlay-type":"","overlay-color":"","overlay-opacity":"","overlay-gradient":""},"tablet":{"background-color":"","background-image":"","background-repeat":"repeat","background-position":"center center","background-size":"auto","background-attachment":"scroll","background-type":"","background-media":"","overlay-type":"","overlay-color":"","overlay-opacity":"","overlay-gradient":""},"mobile":{"background-color":"","background-image":"","background-repeat":"repeat","background-position":"center center","background-size":"auto","background-attachment":"scroll","background-type":"","background-media":"","overlay-type":"","overlay-color":"","overlay-opacity":"","overlay-gradient":""}},"ast-content-background-meta":{"desktop":{"background-color":"var(--ast-global-color-5)","background-image":"","background-repeat":"repeat","background-position":"center center","background-size":"auto","background-attachment":"scroll","background-type":"","background-media":"","overlay-type":"","overlay-color":"","overlay-opacity":"","overlay-gradient":""},"tablet":{"background-color":"var(--ast-global-color-5)","background-image":"","background-repeat":"repeat","background-position":"center center","background-size":"auto","background-attachment":"scroll","background-type":"","background-media":"","overlay-type":"","overlay-color":"","overlay-opacity":"","overlay-gradient":""},"mobile":{"background-color":"var(--ast-global-color-5)","background-image":"","background-repeat":"repeat","background-position":"center center","background-size":"auto","background-attachment":"scroll","background-type":"","background-media":"","overlay-type":"","overlay-color":"","overlay-opacity":"","overlay-gradient":""}},"footnotes":""},"categories":[8],"tags":[3296,3297,3295],"class_list":["post-11672","post","type-post","status-publish","format-standard","has-post-thumbnail","hentry","category-noticias","tag-bruja-numerologa","tag-charlene-de-monaco","tag-dawn-earl"],"_links":{"self":[{"href":"https:\/\/losperiodistas.com.mx\/portal\/wp-json\/wp\/v2\/posts\/11672","targetHints":{"allow":["GET"]}}],"collection":[{"href":"https:\/\/losperiodistas.com.mx\/portal\/wp-json\/wp\/v2\/posts"}],"about":[{"href":"https:\/\/losperiodistas.com.mx\/portal\/wp-json\/wp\/v2\/types\/post"}],"author":[{"embeddable":true,"href":"https:\/\/losperiodistas.com.mx\/portal\/wp-json\/wp\/v2\/users\/1"}],"replies":[{"embeddable":true,"href":"https:\/\/losperiodistas.com.mx\/portal\/wp-json\/wp\/v2\/comments?post=11672"}],"version-history":[{"count":1,"href":"https:\/\/losperiodistas.com.mx\/portal\/wp-json\/wp\/v2\/posts\/11672\/revisions"}],"predecessor-version":[{"id":11675,"href":"https:\/\/losperiodistas.com.mx\/portal\/wp-json\/wp\/v2\/posts\/11672\/revisions\/11675"}],"wp:featuredmedia":[{"embeddable":true,"href":"https:\/\/losperiodistas.com.mx\/portal\/wp-json\/wp\/v2\/media\/11673"}],"wp:attachment":[{"href":"https:\/\/losperiodistas.com.mx\/portal\/wp-json\/wp\/v2\/media?parent=11672"}],"wp:term":[{"taxonomy":"category","embeddable":true,"href":"https:\/\/losperiodistas.com.mx\/portal\/wp-json\/wp\/v2\/categories?post=11672"},{"taxonomy":"post_tag","embeddable":true,"href":"https:\/\/losperiodistas.com.mx\/portal\/wp-json\/wp\/v2\/tags?post=11672"}],"curies":[{"name":"wp","href":"https:\/\/api.w.org\/{rel}","templated":true}]}}