{"id":11669,"date":"2021-08-16T19:35:58","date_gmt":"2021-08-17T00:35:58","guid":{"rendered":"http:\/\/losperiodistas.com.mx\/portal\/?p=11669"},"modified":"2021-08-16T19:35:59","modified_gmt":"2021-08-17T00:35:59","slug":"vacuna-contra-covid-19-de-moderna-avanza-en-proceso-de-aprobacion-en-mexico-cofepris-el-economista","status":"publish","type":"post","link":"https:\/\/losperiodistas.com.mx\/portal\/vacuna-contra-covid-19-de-moderna-avanza-en-proceso-de-aprobacion-en-mexico-cofepris-el-economista\/","title":{"rendered":"Vacuna contra Covid-19 de Moderna avanza en proceso de aprobaci\u00f3n en M\u00e9xico: Cofepris | El Economista"},"content":{"rendered":"\n<p style=\"font-size:18px\"><em>Durante la 87 sesi\u00f3n extraordinaria del Comit\u00e9 de Mol\u00e9culas Nuevas y Subcomit\u00e9 de Evaluaci\u00f3n de Productos Biotecnol\u00f3gicos, los expertos dieron de forma un\u00e1nime una opini\u00f3n favorable sobre la vacuna de Moderna, con la indicaci\u00f3n para uso de emergencia\u00a0en personas de 18 a\u00f1os de edad en adelante.<\/em><\/p>\n\n\n\n<figure class=\"wp-block-image size-large\"><img fetchpriority=\"high\" decoding=\"async\" width=\"1024\" height=\"680\" src=\"https:\/\/losperiodistas.com.mx\/portal\/wp-content\/uploads\/2021\/08\/Captura-de-Pantalla-2021-08-16-a-las-19.33.16-1024x680.jpg\" alt=\"\" class=\"wp-image-11670\" srcset=\"https:\/\/losperiodistas.com.mx\/portal\/wp-content\/uploads\/2021\/08\/Captura-de-Pantalla-2021-08-16-a-las-19.33.16-1024x680.jpg 1024w, https:\/\/losperiodistas.com.mx\/portal\/wp-content\/uploads\/2021\/08\/Captura-de-Pantalla-2021-08-16-a-las-19.33.16-300x199.jpg 300w, https:\/\/losperiodistas.com.mx\/portal\/wp-content\/uploads\/2021\/08\/Captura-de-Pantalla-2021-08-16-a-las-19.33.16-768x510.jpg 768w, https:\/\/losperiodistas.com.mx\/portal\/wp-content\/uploads\/2021\/08\/Captura-de-Pantalla-2021-08-16-a-las-19.33.16.jpg 1522w\" sizes=\"(max-width: 1024px) 100vw, 1024px\" \/><\/figure>\n\n\n\n<p class=\"has-vivid-cyan-blue-color has-text-color has-medium-font-size\">JORGE MONROY \/ EL ECONOMISTA<\/p>\n\n\n\n<p>La Comisi\u00f3n Federal para la Protecci\u00f3n contra Riesgos (<strong>Cofepris<\/strong>) dio a conocer avances en el proceso de aprobaci\u00f3n de la&nbsp;<strong>vacuna<\/strong>&nbsp;<strong>contra Covid-19 de Moderna<\/strong>&nbsp;en M\u00e9xico.<\/p>\n\n\n\n<p>El organismo detall\u00f3 que durante la 87 sesi\u00f3n extraordinaria del&nbsp;<a href=\"https:\/\/www.gob.mx\/cofepris\/acciones-y-programas\/comite-de-moleculas-nuevas-70667\" target=\"_blank\" rel=\"noreferrer noopener\">Comit\u00e9 de Mol\u00e9culas Nuevas<\/a>&nbsp;y Subcomit\u00e9 de Evaluaci\u00f3n de Productos Biotecnol\u00f3gicos, los expertos dieron de forma un\u00e1nime una opini\u00f3n favorable&nbsp;sobre el&nbsp;<strong>biol\u00f3gico ARNm-1273<\/strong>&nbsp;desarrollado en Estados Unidos, con la indicaci\u00f3n para uso de emergencia para la protecci\u00f3n ante la enfermedad Covid-19 en personas de 18 a\u00f1os de edad en adelante.<\/p>\n\n\n\n<p>\u201cEl siguiente paso consiste en la autorizaci\u00f3n para el uso de emergencia\u201d, dijo la&nbsp;<strong>Cofepris<\/strong>.<\/p>\n\n\n\n<p>La Comisi\u00f3n, como parte de su proceso de optimizaci\u00f3n de los procedimientos del Comit\u00e9 de Mol\u00e9culas Nuevas, dijo que sus decisiones ser\u00e1n transparentes.<\/p>\n\n\n\n<p>\u201cEl comit\u00e9 y subcomit\u00e9 son \u00f3rganos auxiliares de consulta y son parte de esta comisi\u00f3n reguladora; emiten opiniones no vinculantes sobre medicamentos y dem\u00e1s insumos para la salud, por lo que este paso no representa todav\u00eda una autorizaci\u00f3n para uso\u201d, aclar\u00f3 la Cofepris.<\/p>\n\n\n\n<figure class=\"wp-block-embed is-type-rich is-provider-twitter wp-block-embed-twitter\"><div class=\"wp-block-embed__wrapper\">\n<blockquote class=\"twitter-tweet\" data-width=\"500\" data-dnt=\"true\"><p lang=\"es\" dir=\"ltr\">Esto nos permitir\u00e1 utilizar las dosis que el gobierno de Estados Unidos enviar\u00e1 a nuestro pa\u00eds y as\u00ed acelerar el Plan Nacional de Vacunaci\u00f3n contra <a href=\"https:\/\/twitter.com\/hashtag\/COVID19?src=hash&amp;ref_src=twsrc%5Etfw\">#COVID19<\/a>. <a href=\"https:\/\/t.co\/j03QpGIqbA\">https:\/\/t.co\/j03QpGIqbA<\/a><\/p>&mdash; Hugo L\u00f3pez-Gatell Ram\u00edrez (@HLGatell) <a href=\"https:\/\/twitter.com\/HLGatell\/status\/1427387350989037571?ref_src=twsrc%5Etfw\">August 16, 2021<\/a><\/blockquote><script async src=\"https:\/\/platform.twitter.com\/widgets.js\" charset=\"utf-8\"><\/script>\n<\/div><\/figure>\n\n\n\n<p>Mencion\u00f3 que la opini\u00f3n t\u00e9cnica favorable o no favorable es emitida bas\u00e1ndose en la evidencia cient\u00edfica y m\u00e9dica presentada, y es integrada por los laboratorios a sus expedientes. \u201cLa Comisi\u00f3n de Autorizaci\u00f3n Sanitaria queda pendiente de la solicitud de uso de emergencia de la vacuna\u201d, indic\u00f3 el organismo.<\/p>\n\n\n\n<p>El secretario de Relaciones Exteriores, Marcelo Ebrard, dijo el 10 de agosto&nbsp;que el gobierno estadounidense&nbsp;<a href=\"https:\/\/www.eleconomista.com.mx\/politica\/EU-enviara-3.5-millones-de-vacunas-Covid-19-de-Moderna-y-5-millones-de-AstraZeneca-a-Mexico-Ebrard-20210810-0034.html\" target=\"_blank\" rel=\"noreferrer noopener\">enviar\u00e1 a M\u00e9xico&nbsp;3.5 millones de dosis<\/a>&nbsp;de la&nbsp;<strong>vacuna de Moderna<\/strong>&nbsp;y hasta 5 millones de dosis del biol\u00f3gico desarrollado por AstraZeneca.<\/p>\n\n\n\n<p>Cabe recordar que el pasado 5 de agosto, el presidente Andr\u00e9s Manuel L\u00f3pez Obrador explic\u00f3 que no se ha otorgado la autorizaci\u00f3n para el uso de esta vacuna, debido a que la farmac\u00e9utica no hab\u00eda terminado de enregar la documentaci\u00f3n necesaria.<\/p>\n\n\n\n<p><a href=\"mailto:jorge.monroy@eleconomista.mx\" target=\"_blank\" rel=\"noreferrer noopener\">jorge.monroy@eleconomista.mx<\/a><\/p>\n\n\n\n<p>kg<\/p>\n\n\n\n<p>Fuente: https:\/\/www.eleconomista.com.mx\/arteseideas\/Vacuna-contra-Covid-19-de-Moderna-recibe-opinion-favorable-del-Comite-de-Moleculas-Nuevas-Cofepris-20210816-0075.html<\/p>\n","protected":false},"excerpt":{"rendered":"<p>Durante la 87 sesi\u00f3n extraordinaria del Comit\u00e9 de Mol\u00e9culas Nuevas y Subcomit\u00e9 de Evaluaci\u00f3n de Productos Biotecnol\u00f3gicos, los expertos dieron [&hellip;]<\/p>\n","protected":false},"author":1,"featured_media":11670,"comment_status":"open","ping_status":"open","sticky":false,"template":"","format":"standard","meta":{"site-sidebar-layout":"default","site-content-layout":"","ast-site-content-layout":"default","site-content-style":"default","site-sidebar-style":"default","ast-global-header-display":"","ast-banner-title-visibility":"","ast-main-header-display":"","ast-hfb-above-header-display":"","ast-hfb-below-header-display":"","ast-hfb-mobile-header-display":"","site-post-title":"","ast-breadcrumbs-content":"","ast-featured-img":"","footer-sml-layout":"","theme-transparent-header-meta":"","adv-header-id-meta":"","stick-header-meta":"","header-above-stick-meta":"","header-main-stick-meta":"","header-below-stick-meta":"","astra-migrate-meta-layouts":"default","ast-page-background-enabled":"default","ast-page-background-meta":{"desktop":{"background-color":"var(--ast-global-color-4)","background-image":"","background-repeat":"repeat","background-position":"center center","background-size":"auto","background-attachment":"scroll","background-type":"","background-media":"","overlay-type":"","overlay-color":"","overlay-opacity":"","overlay-gradient":""},"tablet":{"background-color":"","background-image":"","background-repeat":"repeat","background-position":"center center","background-size":"auto","background-attachment":"scroll","background-type":"","background-media":"","overlay-type":"","overlay-color":"","overlay-opacity":"","overlay-gradient":""},"mobile":{"background-color":"","background-image":"","background-repeat":"repeat","background-position":"center center","background-size":"auto","background-attachment":"scroll","background-type":"","background-media":"","overlay-type":"","overlay-color":"","overlay-opacity":"","overlay-gradient":""}},"ast-content-background-meta":{"desktop":{"background-color":"var(--ast-global-color-5)","background-image":"","background-repeat":"repeat","background-position":"center center","background-size":"auto","background-attachment":"scroll","background-type":"","background-media":"","overlay-type":"","overlay-color":"","overlay-opacity":"","overlay-gradient":""},"tablet":{"background-color":"var(--ast-global-color-5)","background-image":"","background-repeat":"repeat","background-position":"center center","background-size":"auto","background-attachment":"scroll","background-type":"","background-media":"","overlay-type":"","overlay-color":"","overlay-opacity":"","overlay-gradient":""},"mobile":{"background-color":"var(--ast-global-color-5)","background-image":"","background-repeat":"repeat","background-position":"center center","background-size":"auto","background-attachment":"scroll","background-type":"","background-media":"","overlay-type":"","overlay-color":"","overlay-opacity":"","overlay-gradient":""}},"footnotes":""},"categories":[8],"tags":[2353,3294],"class_list":["post-11669","post","type-post","status-publish","format-standard","has-post-thumbnail","hentry","category-noticias","tag-cofepris","tag-vacuna-covid-moderna"],"_links":{"self":[{"href":"https:\/\/losperiodistas.com.mx\/portal\/wp-json\/wp\/v2\/posts\/11669","targetHints":{"allow":["GET"]}}],"collection":[{"href":"https:\/\/losperiodistas.com.mx\/portal\/wp-json\/wp\/v2\/posts"}],"about":[{"href":"https:\/\/losperiodistas.com.mx\/portal\/wp-json\/wp\/v2\/types\/post"}],"author":[{"embeddable":true,"href":"https:\/\/losperiodistas.com.mx\/portal\/wp-json\/wp\/v2\/users\/1"}],"replies":[{"embeddable":true,"href":"https:\/\/losperiodistas.com.mx\/portal\/wp-json\/wp\/v2\/comments?post=11669"}],"version-history":[{"count":1,"href":"https:\/\/losperiodistas.com.mx\/portal\/wp-json\/wp\/v2\/posts\/11669\/revisions"}],"predecessor-version":[{"id":11671,"href":"https:\/\/losperiodistas.com.mx\/portal\/wp-json\/wp\/v2\/posts\/11669\/revisions\/11671"}],"wp:featuredmedia":[{"embeddable":true,"href":"https:\/\/losperiodistas.com.mx\/portal\/wp-json\/wp\/v2\/media\/11670"}],"wp:attachment":[{"href":"https:\/\/losperiodistas.com.mx\/portal\/wp-json\/wp\/v2\/media?parent=11669"}],"wp:term":[{"taxonomy":"category","embeddable":true,"href":"https:\/\/losperiodistas.com.mx\/portal\/wp-json\/wp\/v2\/categories?post=11669"},{"taxonomy":"post_tag","embeddable":true,"href":"https:\/\/losperiodistas.com.mx\/portal\/wp-json\/wp\/v2\/tags?post=11669"}],"curies":[{"name":"wp","href":"https:\/\/api.w.org\/{rel}","templated":true}]}}