{"id":11658,"date":"2021-08-16T18:59:24","date_gmt":"2021-08-16T23:59:24","guid":{"rendered":"http:\/\/losperiodistas.com.mx\/portal\/?p=11658"},"modified":"2021-08-16T18:59:25","modified_gmt":"2021-08-16T23:59:25","slug":"practican-traqueostomia-a-vicente-fernandez-permanece-despierto-y-sin-sedacion-l-d-digital","status":"publish","type":"post","link":"https:\/\/losperiodistas.com.mx\/portal\/practican-traqueostomia-a-vicente-fernandez-permanece-despierto-y-sin-sedacion-l-d-digital\/","title":{"rendered":"Practican traqueostom\u00eda a Vicente Fern\u00e1ndez, permanece despierto y sin sedaci\u00f3n | L-D Digital"},"content":{"rendered":"\n<p style=\"font-size:18px\"><em>Se le practic\u00f3 una traqueostom\u00eda a Vicente Fern\u00e1ndez, permanece sin sedaci\u00f3n e interactuando con su familia<\/em><\/p>\n\n\n\n<figure class=\"wp-block-image size-large\"><img fetchpriority=\"high\" decoding=\"async\" width=\"1024\" height=\"571\" src=\"https:\/\/losperiodistas.com.mx\/portal\/wp-content\/uploads\/2021\/08\/Captura-de-Pantalla-2021-08-16-a-las-18.54.55-1024x571.jpg\" alt=\"\" class=\"wp-image-11659\" srcset=\"https:\/\/losperiodistas.com.mx\/portal\/wp-content\/uploads\/2021\/08\/Captura-de-Pantalla-2021-08-16-a-las-18.54.55-1024x571.jpg 1024w, https:\/\/losperiodistas.com.mx\/portal\/wp-content\/uploads\/2021\/08\/Captura-de-Pantalla-2021-08-16-a-las-18.54.55-300x167.jpg 300w, https:\/\/losperiodistas.com.mx\/portal\/wp-content\/uploads\/2021\/08\/Captura-de-Pantalla-2021-08-16-a-las-18.54.55-768x428.jpg 768w, https:\/\/losperiodistas.com.mx\/portal\/wp-content\/uploads\/2021\/08\/Captura-de-Pantalla-2021-08-16-a-las-18.54.55-1536x856.jpg 1536w, https:\/\/losperiodistas.com.mx\/portal\/wp-content\/uploads\/2021\/08\/Captura-de-Pantalla-2021-08-16-a-las-18.54.55.jpg 1550w\" sizes=\"(max-width: 1024px) 100vw, 1024px\" \/><\/figure>\n\n\n\n<p class=\"has-vivid-cyan-blue-color has-text-color has-medium-font-size\">L\u00d3PEZ-D\u00d3RIGA DIGITAL<\/p>\n\n\n\n<p>La tarde de este lunes, el m\u00e9dico internista que atiende al&nbsp;<a href=\"https:\/\/vicentefernandez.mx\/\" target=\"_blank\" rel=\"noreferrer noopener\">cantante<\/a><strong>&nbsp;Vicente Fern\u00e1ndez<\/strong>&nbsp;inform\u00f3 que al int\u00e9rprete se le practic\u00f3 una traqueostom\u00eda sin&nbsp;<strong>incidentes<\/strong>&nbsp;y actualmente permanece&nbsp;<strong>sin sedaci\u00f3n<\/strong>, despierto e interact\u00faa con su&nbsp;<strong>familia<\/strong>.<\/p>\n\n\n\n<p>El doctor apunt\u00f3 adem\u00e1s que su coraz\u00f3n y pulmones permanecen estables y el respirador que tiene actualmente funciona como soporte.<\/p>\n\n\n\n<p>Se\u00f1al\u00f3 que se contin\u00faa con la rehabilitaci\u00f3n del\u00a0<a href=\"https:\/\/lopezdoriga.com\/?s=vICENTE+FERN%C3%81NDEZ\" target=\"_blank\" rel=\"noreferrer noopener\">artista<\/a>. \u201cHasta el momento la<strong>\u00a0evoluci\u00f3n<\/strong>\u00a0ha sido muy favorable dentro del\u00a0<strong>proceso de su enfermedad<\/strong>\u201c, concluy\u00f3.<\/p>\n\n\n\n<figure class=\"wp-block-image size-large\"><img decoding=\"async\" width=\"707\" height=\"1024\" src=\"https:\/\/losperiodistas.com.mx\/portal\/wp-content\/uploads\/2021\/08\/Captura-de-Pantalla-2021-08-16-a-las-18.56.04-707x1024.jpg\" alt=\"\" class=\"wp-image-11660\" srcset=\"https:\/\/losperiodistas.com.mx\/portal\/wp-content\/uploads\/2021\/08\/Captura-de-Pantalla-2021-08-16-a-las-18.56.04-707x1024.jpg 707w, https:\/\/losperiodistas.com.mx\/portal\/wp-content\/uploads\/2021\/08\/Captura-de-Pantalla-2021-08-16-a-las-18.56.04-207x300.jpg 207w, https:\/\/losperiodistas.com.mx\/portal\/wp-content\/uploads\/2021\/08\/Captura-de-Pantalla-2021-08-16-a-las-18.56.04-768x1112.jpg 768w, https:\/\/losperiodistas.com.mx\/portal\/wp-content\/uploads\/2021\/08\/Captura-de-Pantalla-2021-08-16-a-las-18.56.04-1061x1536.jpg 1061w, https:\/\/losperiodistas.com.mx\/portal\/wp-content\/uploads\/2021\/08\/Captura-de-Pantalla-2021-08-16-a-las-18.56.04.jpg 1170w\" sizes=\"(max-width: 707px) 100vw, 707px\" \/><\/figure>\n\n\n\n<p>El int\u00e9rprete de \u2018Mujeres divinas\u2019 tuvo una ca\u00edda accidental en su habitaci\u00f3n en el rancho \u2018Los Tres Potrillos\u2019 en la que se lastim\u00f3 las v\u00e9rtebras cervicales pr\u00f3ximas al cr\u00e1neo por lo que fue trasladado en una ambulancia.<\/p>\n\n\n\n<p>Esta es la segunda ocasi\u00f3n en que el int\u00e9rprete de \u201cMujeres divinas\u201d tiene problemas de salud en los \u00faltimos meses, ya que el pasado 7 de julio sufri\u00f3 de una fuerte infecci\u00f3n urinaria que lo mantuvo hospitalizado por dos d\u00edas.<\/p>\n\n\n\n<figure class=\"wp-block-image size-large\"><img decoding=\"async\" width=\"633\" height=\"1024\" src=\"https:\/\/losperiodistas.com.mx\/portal\/wp-content\/uploads\/2021\/08\/Captura-de-Pantalla-2021-08-16-a-las-18.56.50-633x1024.jpg\" alt=\"\" class=\"wp-image-11661\" srcset=\"https:\/\/losperiodistas.com.mx\/portal\/wp-content\/uploads\/2021\/08\/Captura-de-Pantalla-2021-08-16-a-las-18.56.50-633x1024.jpg 633w, https:\/\/losperiodistas.com.mx\/portal\/wp-content\/uploads\/2021\/08\/Captura-de-Pantalla-2021-08-16-a-las-18.56.50-186x300.jpg 186w, https:\/\/losperiodistas.com.mx\/portal\/wp-content\/uploads\/2021\/08\/Captura-de-Pantalla-2021-08-16-a-las-18.56.50-768x1242.jpg 768w, https:\/\/losperiodistas.com.mx\/portal\/wp-content\/uploads\/2021\/08\/Captura-de-Pantalla-2021-08-16-a-las-18.56.50-950x1536.jpg 950w, https:\/\/losperiodistas.com.mx\/portal\/wp-content\/uploads\/2021\/08\/Captura-de-Pantalla-2021-08-16-a-las-18.56.50.jpg 1092w\" sizes=\"(max-width: 633px) 100vw, 633px\" \/><\/figure>\n\n\n\n<p>Fern\u00e1ndez ha superado varias enfermedades en los \u00faltimos a\u00f1os, entre ellas un c\u00e1ncer de pr\u00f3stata en 2002, la extirpaci\u00f3n de un tumor en el h\u00edgado, en 2012; una trombosis que le hizo perder la voz, en 2013, y una cirug\u00eda para extraerle tres hernias abdominales, en 2015.<\/p>\n\n\n\n<p>Aunque en 2016 el cantante anunci\u00f3 su retiro de los escenarios, se ha mantenido activo en redes sociales, grabando canciones y realizando presentaciones especiales con sus hijos y nietos, quienes han seguido sus pasos en la m\u00fasica popular mexicana.<\/p>\n\n\n\n<p>Con informaci\u00f3n de L\u00f3pez-D\u00f3riga Digital y EFE<\/p>\n\n\n\n<p>Fuente: https:\/\/lopezdoriga.com\/entretenimiento\/vicente-fernandez-traqueostomia-despierto-sedacion\/<\/p>\n","protected":false},"excerpt":{"rendered":"<p>Se le practic\u00f3 una traqueostom\u00eda a Vicente Fern\u00e1ndez, permanece sin sedaci\u00f3n e interactuando con su familia L\u00d3PEZ-D\u00d3RIGA DIGITAL La tarde [&hellip;]<\/p>\n","protected":false},"author":1,"featured_media":11659,"comment_status":"open","ping_status":"open","sticky":false,"template":"","format":"standard","meta":{"site-sidebar-layout":"default","site-content-layout":"","ast-site-content-layout":"default","site-content-style":"default","site-sidebar-style":"default","ast-global-header-display":"","ast-banner-title-visibility":"","ast-main-header-display":"","ast-hfb-above-header-display":"","ast-hfb-below-header-display":"","ast-hfb-mobile-header-display":"","site-post-title":"","ast-breadcrumbs-content":"","ast-featured-img":"","footer-sml-layout":"","theme-transparent-header-meta":"","adv-header-id-meta":"","stick-header-meta":"","header-above-stick-meta":"","header-main-stick-meta":"","header-below-stick-meta":"","astra-migrate-meta-layouts":"default","ast-page-background-enabled":"default","ast-page-background-meta":{"desktop":{"background-color":"var(--ast-global-color-4)","background-image":"","background-repeat":"repeat","background-position":"center center","background-size":"auto","background-attachment":"scroll","background-type":"","background-media":"","overlay-type":"","overlay-color":"","overlay-opacity":"","overlay-gradient":""},"tablet":{"background-color":"","background-image":"","background-repeat":"repeat","background-position":"center center","background-size":"auto","background-attachment":"scroll","background-type":"","background-media":"","overlay-type":"","overlay-color":"","overlay-opacity":"","overlay-gradient":""},"mobile":{"background-color":"","background-image":"","background-repeat":"repeat","background-position":"center center","background-size":"auto","background-attachment":"scroll","background-type":"","background-media":"","overlay-type":"","overlay-color":"","overlay-opacity":"","overlay-gradient":""}},"ast-content-background-meta":{"desktop":{"background-color":"var(--ast-global-color-5)","background-image":"","background-repeat":"repeat","background-position":"center center","background-size":"auto","background-attachment":"scroll","background-type":"","background-media":"","overlay-type":"","overlay-color":"","overlay-opacity":"","overlay-gradient":""},"tablet":{"background-color":"var(--ast-global-color-5)","background-image":"","background-repeat":"repeat","background-position":"center center","background-size":"auto","background-attachment":"scroll","background-type":"","background-media":"","overlay-type":"","overlay-color":"","overlay-opacity":"","overlay-gradient":""},"mobile":{"background-color":"var(--ast-global-color-5)","background-image":"","background-repeat":"repeat","background-position":"center center","background-size":"auto","background-attachment":"scroll","background-type":"","background-media":"","overlay-type":"","overlay-color":"","overlay-opacity":"","overlay-gradient":""}},"footnotes":""},"categories":[8],"tags":[3284,2563],"class_list":["post-11658","post","type-post","status-publish","format-standard","has-post-thumbnail","hentry","category-noticias","tag-traqueostomia","tag-vicente-fernandez"],"_links":{"self":[{"href":"https:\/\/losperiodistas.com.mx\/portal\/wp-json\/wp\/v2\/posts\/11658","targetHints":{"allow":["GET"]}}],"collection":[{"href":"https:\/\/losperiodistas.com.mx\/portal\/wp-json\/wp\/v2\/posts"}],"about":[{"href":"https:\/\/losperiodistas.com.mx\/portal\/wp-json\/wp\/v2\/types\/post"}],"author":[{"embeddable":true,"href":"https:\/\/losperiodistas.com.mx\/portal\/wp-json\/wp\/v2\/users\/1"}],"replies":[{"embeddable":true,"href":"https:\/\/losperiodistas.com.mx\/portal\/wp-json\/wp\/v2\/comments?post=11658"}],"version-history":[{"count":1,"href":"https:\/\/losperiodistas.com.mx\/portal\/wp-json\/wp\/v2\/posts\/11658\/revisions"}],"predecessor-version":[{"id":11662,"href":"https:\/\/losperiodistas.com.mx\/portal\/wp-json\/wp\/v2\/posts\/11658\/revisions\/11662"}],"wp:featuredmedia":[{"embeddable":true,"href":"https:\/\/losperiodistas.com.mx\/portal\/wp-json\/wp\/v2\/media\/11659"}],"wp:attachment":[{"href":"https:\/\/losperiodistas.com.mx\/portal\/wp-json\/wp\/v2\/media?parent=11658"}],"wp:term":[{"taxonomy":"category","embeddable":true,"href":"https:\/\/losperiodistas.com.mx\/portal\/wp-json\/wp\/v2\/categories?post=11658"},{"taxonomy":"post_tag","embeddable":true,"href":"https:\/\/losperiodistas.com.mx\/portal\/wp-json\/wp\/v2\/tags?post=11658"}],"curies":[{"name":"wp","href":"https:\/\/api.w.org\/{rel}","templated":true}]}}