{"id":11655,"date":"2021-08-16T18:48:37","date_gmt":"2021-08-16T23:48:37","guid":{"rendered":"http:\/\/losperiodistas.com.mx\/portal\/?p=11655"},"modified":"2021-08-16T18:48:38","modified_gmt":"2021-08-16T23:48:38","slug":"los-agricultores-de-libano-se-pasan-al-cannabis-al-no-poder-costear-el-resto-de-cultivos-publico","status":"publish","type":"post","link":"https:\/\/losperiodistas.com.mx\/portal\/los-agricultores-de-libano-se-pasan-al-cannabis-al-no-poder-costear-el-resto-de-cultivos-publico\/","title":{"rendered":"Los agricultores de L\u00edbano se pasan al cannabis al no poder costear el resto de cultivos | P\u00fablico"},"content":{"rendered":"\n<p style=\"font-size:18px\"><em>La grave crisis econ\u00f3mica del pa\u00eds y el elevado coste del resto de alimentos afectan especialmente al sector de la agricultura.<\/em><\/p>\n\n\n\n<figure class=\"wp-block-image size-large\"><img fetchpriority=\"high\" decoding=\"async\" width=\"1024\" height=\"680\" src=\"https:\/\/losperiodistas.com.mx\/portal\/wp-content\/uploads\/2021\/08\/Captura-de-Pantalla-2021-08-16-a-las-18.44.11-1024x680.jpg\" alt=\"\" class=\"wp-image-11656\" srcset=\"https:\/\/losperiodistas.com.mx\/portal\/wp-content\/uploads\/2021\/08\/Captura-de-Pantalla-2021-08-16-a-las-18.44.11-1024x680.jpg 1024w, https:\/\/losperiodistas.com.mx\/portal\/wp-content\/uploads\/2021\/08\/Captura-de-Pantalla-2021-08-16-a-las-18.44.11-300x199.jpg 300w, https:\/\/losperiodistas.com.mx\/portal\/wp-content\/uploads\/2021\/08\/Captura-de-Pantalla-2021-08-16-a-las-18.44.11-768x510.jpg 768w, https:\/\/losperiodistas.com.mx\/portal\/wp-content\/uploads\/2021\/08\/Captura-de-Pantalla-2021-08-16-a-las-18.44.11.jpg 1320w\" sizes=\"(max-width: 1024px) 100vw, 1024px\" \/><figcaption>Peque\u00f1as granjas de hortalizas org\u00e1nicas en medio de un empeoramiento de la crisis econ\u00f3mica y aumentos en los alimentos b\u00e1sicos.\u00a0<em>\u2014<\/em>\u00a0<em>Marwan Naamani<\/em>\u00a0<em>\/<\/em>\u00a0<em>EUROPA PRESS<\/em><br><\/figcaption><\/figure>\n\n\n\n<p class=\"has-vivid-cyan-blue-color has-text-color has-medium-font-size\">F\u00c1TIMA SUBEH \/ P\u00daBLICO<\/p>\n\n\n\n<p id=\"m104-103-105\">La tremenda situaci\u00f3n de inestabilidad pol\u00edtica, social y econ\u00f3mica que est\u00e1 azotando a L\u00edbano y que se considera la peor desde la cruenta guerra civil que dur\u00f3 15 largos a\u00f1os (1975\/1990), est\u00e1 empujando a&nbsp;<strong>muchos agricultores libaneses a pasarse al cultivo de cannabis<\/strong>, ya que su producci\u00f3n es mucho m\u00e1s barata y se obtiene de ella un mayor beneficio.<\/p>\n\n\n\n<p id=\"m109-1-110\">Los campesinos, debido a la devaluaci\u00f3n de la libra libanesa que ha dejado a la mitad de la poblaci\u00f3n del pa\u00eds sumido en la pobreza, no pueden permitirse asumir&nbsp;<strong>los costes de los fertilizantes, las semillas o los pesticidas<\/strong>&nbsp;<strong>para la producci\u00f3n de frutas y verduras que<\/strong>&nbsp;se importan desde otros pa\u00edses.<\/p>\n\n\n\n<p id=\"m114-2-115\">Si bien es cierto que, pese a que esta situaci\u00f3n de crisis general estar\u00eda favoreciendo el cultivo de cannabis,\u00a0<strong>L\u00edbano lleva 30 a\u00f1os produciendo hach\u00eds\u00a0<\/strong>en toda la zona del valle oriental de la Bekaa, y de hecho, seg\u00fan un informe de Naciones Unidas de 2020, la rep\u00fablica \u00e1rabe es\u00a0<strong>el cuarto mayor productor del mundo<\/strong>\u00a0de esta droga, s\u00f3lo por detr\u00e1s de Marruecos, Afganist\u00e1n y Pakist\u00e1n.<\/p>\n\n\n\n<p id=\"m119-3-120\">Aimad, que prefiere no revelar su verdadera identidad, es un agricultor de la regi\u00f3n que ha utilizado parte de su terreno para el cultivo de cannabis.<br>Asevera que al estar que el costo de la vida tan alto, se vio empujado a sembrar esta planta dentro de sus tierras. \u00ab<strong>No nos gusta tener que plantar Cannabis<\/strong>\u00a0pero, \u00bfqu\u00e9 otra cosa podemos hacer? No est\u00e1 en nuestras manos\u00bb, reconoce el agricultor a\u00a0<em>P\u00fablico<\/em>\u00a0a trav\u00e9s de una conversaci\u00f3n por tel\u00e9fono.<\/p>\n\n\n\n<p id=\"m124-4-125\">La situaci\u00f3n de colapso que vive L\u00edbano est\u00e1 afectando especialmente al sector de la agricultura y las condiciones de vida de los trabajadores del campo, en un pa\u00eds que adem\u00e1s importa la mayor\u00eda de sus productos, es cada vez m\u00e1s dif\u00edcil. \u00abVivimos sin nada.&nbsp;<strong>No podemos comprar los materiales<\/strong>&nbsp;<strong>para sembrar<\/strong>, porque pagamos de nuestros bolsillos todo lo necesario para la siembra y luego&nbsp;<strong>no obtenemos beneficios<\/strong>\u00ab, denuncia.<\/p>\n\n\n\n<p id=\"m129-5-130\">Seg\u00fan el agricultor,\u00a0<strong>el cultivo de cannabis tiene algunas ventajas y no s\u00f3lo las econ\u00f3micas<\/strong>, sino tambi\u00e9n a nivel de producci\u00f3n puesto que el cannabis no necesita la misma cantidad de trabajo que otro tipo de siembras. \u00abTengo un tractor con el que remuevo la tierra y con regar la plantaci\u00f3n crece, no es como otros cultivos que necesitan cuidados.\u00a0<strong>Es una planta fuerte y, adem\u00e1s, a los seis meses ya puedes sacar beneficio<\/strong>\u00ab, reconoce.<\/p>\n\n\n\n<p id=\"m134-6-135\">El trabajador lo tiene muy claro: la situaci\u00f3n desesperante que est\u00e1 viviendo el pueblo liban\u00e9s es culpa del Gobierno, al que tilda de \u00ab<strong>la mayor mafia del mundo y mucho peor que la italiana<\/strong>\u00ab. Asimismo, se lamenta de que la poblaci\u00f3n est\u00e9 incluso \u00ab<strong>sin suministros de gasolina<\/strong>\u00bb para arrancar sus veh\u00edculos. \u00abNecesito vivir y darle una vida a mis hijos. No tengo miedo de que me lleven a la c\u00e1rcel porque&nbsp;<strong>si no hiciera esto<\/strong>, no podr\u00edamos comer\u00bb, sentencia.<\/p>\n\n\n\n<p id=\"m139-7-140\">Asegura que el&nbsp;<strong>\u00ab80%\u00bb<\/strong>&nbsp;de los agricultores de la zona \u00ab<strong>est\u00e1n plantando<\/strong>\u00bb en alguna parte o en el total de sus tierras y que las autoridades locales son plenamente conscientes de la situaci\u00f3n. Afirma que los cultivadores venden y que la&nbsp;<strong>Polic\u00eda lo sabe<\/strong>&nbsp;y que no est\u00e1n haciendo nada para impedirlo. \u00abPero si te pillan con dos gramos para consumir, te meten en la c\u00e1rcel. Es absurdo. No hay ley, ni hay nada\u00bb, remacha.<\/p>\n\n\n\n<h2 class=\"wp-block-heading\" id=\"m144-8-145\">El primer pa\u00eds \u00e1rabe en legalizar el Cannabis medicinal<\/h2>\n\n\n\n<p id=\"m149-9-150\">En abril de 2020 el parlamento liban\u00e9s vot\u00f3 a favor de legalizar el cultivo de cannabis para uso m\u00e9dico, en un intento de aumentar los ingresos de una econom\u00eda al borde de la quiebra. Esto convirti\u00f3 a L\u00edbano en la\u00a0<strong>primera naci\u00f3n del mundo \u00e1rabe<\/strong>\u00a0en legalizar la marihuana medicinal.<\/p>\n\n\n\n<p id=\"m154-10-155\">Antoine A. Saad, abogado liban\u00e9s y el Jefe del Departamento de Derecho Internacional de la LCU (Lebanese Canadian University) cuenta a&nbsp;<em>P\u00fablico<\/em>&nbsp;que, pese a que la ley se aprob\u00f3 hace m\u00e1s de un a\u00f1o, se necesita una regulaci\u00f3n para \u00abentrar en los detalles de esta y que pueda aplicarse\u00bb.&nbsp;Esto implica que un agricultor que se dedique a este tipo de cultivo, a nivel legal&nbsp;<strong>\u00abest\u00e1 cometiendo un crimen\u00bb.<\/strong>&nbsp;\u00abPodr\u00eda ser condenado a una pena de c\u00e1rcel de unos cinco a\u00f1os\u00bb, asegura el abogado.<\/p>\n\n\n\n<p id=\"m159-11-160\">Para Saad, la soluci\u00f3n queda en la creaci\u00f3n de una&nbsp;<strong>instituci\u00f3n del Gobierno<\/strong>&nbsp;para poder comprar a trav\u00e9s de ella y de forma legal, y que se pudiera finalmente aplicar la ley. Pero en opini\u00f3n del experto esto no se habr\u00eda dado todav\u00eda porque, cuando se aplique, \u00abtodos los partidos pol\u00edticos mayoritarios van a querer su parte de beneficios econ\u00f3micos\u00bb.<\/p>\n\n\n\n<p id=\"m164-12-165\">Asimismo, el pasado mes de abril Arabia Saud\u00ed suspendi\u00f3 la importaci\u00f3n de frutas y verduras desde L\u00edbano despu\u00e9s de\u00a0<strong>interceptar escondidas entre frutas cinco millones de pastillas Captagon<\/strong>, una droga que se consume, sobre todo, en Oriente Medio y que produce euforia, entre otros s\u00edntomas.<\/p>\n\n\n\n<p id=\"m169-13-170\">El abogado pone de relieve que la situaci\u00f3n de la agricultura es a\u00fan m\u00e1s desesperante debido al \u00ab<strong>bloqueo a las importaciones agr\u00edcolas libanesas<\/strong>\u00bb por parte del reino saud\u00ed, que ha pasado a importar desde \u00abEgipto, Siria o Jordania\u00bb.<\/p>\n\n\n\n<h2 class=\"wp-block-heading\" id=\"m174-14-175\">Del cannabis a la uva<\/h2>\n\n\n\n<p id=\"m179-15-180\">Deir al Ahmar es una localidad libanesa ubicada en las profundidades del valle de la Beka\u00e1. Popularmente esta localidad ha sido siempre conocida por sus plantaciones il\u00edcitas de cannabis y&nbsp;<strong>Couvent Rouge<\/strong>&nbsp;es la bodega de vino que se fund\u00f3 en ella para reemplazar l<strong>as plantaciones de cannabis por el cultivo de uvas.<\/strong><\/p>\n\n\n\n<p id=\"m184-16-185\">Muchos agricultores ahora siembran esta fruta con la que la bodega se encarga de elaborar vinos como&nbsp;<strong>el Cabernet Sauvignon o el Tempranillo<\/strong>, entre otros, y los cultivadores de la zona han estado suministrando uvas a las bodegas m\u00e1s importantes de L\u00edbano desde principios de la d\u00e9cada de los 2000.<\/p>\n\n\n\n<p id=\"m189-17-190\">Trabajan juntos en la Cooperativa Heliopolis, inspirada en el nombre hel\u00e9nico de Baalbek, una importante ciudad situada muy cerca de Deir al Ahmar. \u00abCon las plantaciones de uva&nbsp;<strong>puedes dormir tranquilo<\/strong>. Muchos de los agricultores que se pasaron al cannabis no pueden salir de su zona, no pueden ir a Beirut, no pueden moverse porque si los identifica&nbsp;<strong>la Polic\u00eda los detienen<\/strong>\u00ab, dice a&nbsp;<em>P\u00fablico<\/em>&nbsp;uno de los miembros de la cooperativa y el cofundador de Counvent Rouge, Charbel Fakhri.<\/p>\n\n\n\n<p id=\"m194-18-195\">Fakhri asegura que en su ciudad muchos de los labradores no tuvieron otra opci\u00f3n mas que la de pasarse al cultivo de cannabis porque durante los \u00faltimos 30 a\u00f1os los pol\u00edticos han estado \u00ab<strong>literalmente me\u00e1ndose en los agricultores<\/strong>, dej\u00e1ndolos solos y totalmente abandonados. \u00bfC\u00f3mo esperan que las nuevas generaciones se dediquen a la agricultura?\u00bb, denuncia.<\/p>\n\n\n\n<p id=\"m199-19-200\">Asimismo, el joven empresario niega que los campesinos se enriquezcan de este negocio y asegura que son los narcotraficantes&nbsp;<strong>los que realmente ganan mucho dinero de las plantaciones il\u00edcitas de hach\u00eds.<\/strong>&nbsp;Los campesinos simplemente \u00abplantan lo que saben que pueden vender\u00bb para sacar \u00abalgo de beneficio\u00bb y poder \u00abmantenerse y mantener a sus familias\u00bb.<\/p>\n\n\n\n<p id=\"m204-20-205\">Unos 200 agricultores ahora trabajan los cultivos de uva para la cooperativa y han dejado las plantaciones de cannabis.\u00a0<strong>\u00abAlgunos tambi\u00e9n plantan tabaco que venden al Gobierno pero a precios muy bajos\u00bb<\/strong>\u00a0dice.\u00a0Fakhri termina la conversaci\u00f3n aludiendo al templo romano de Baco en Baalbek, uno de los templos dedicados al dios del vino m\u00e1s importantes y mejor conservados en todo el mundo. \u00abEsta es una regi\u00f3n del vino. Con nuestra bodega, revivimos nuestra identidad\u00bb, finaliza.<\/p>\n\n\n\n<p>Fuente: https:\/\/www.publico.es\/internacional\/libano-agricultores-libano-pasan-cannabis-no-costear-resto-cultivos.html<\/p>\n","protected":false},"excerpt":{"rendered":"<p>La grave crisis econ\u00f3mica del pa\u00eds y el elevado coste del resto de alimentos afectan especialmente al sector de la [&hellip;]<\/p>\n","protected":false},"author":1,"featured_media":11656,"comment_status":"open","ping_status":"open","sticky":false,"template":"","format":"standard","meta":{"site-sidebar-layout":"default","site-content-layout":"","ast-site-content-layout":"default","site-content-style":"default","site-sidebar-style":"default","ast-global-header-display":"","ast-banner-title-visibility":"","ast-main-header-display":"","ast-hfb-above-header-display":"","ast-hfb-below-header-display":"","ast-hfb-mobile-header-display":"","site-post-title":"","ast-breadcrumbs-content":"","ast-featured-img":"","footer-sml-layout":"","theme-transparent-header-meta":"","adv-header-id-meta":"","stick-header-meta":"","header-above-stick-meta":"","header-main-stick-meta":"","header-below-stick-meta":"","astra-migrate-meta-layouts":"default","ast-page-background-enabled":"default","ast-page-background-meta":{"desktop":{"background-color":"var(--ast-global-color-4)","background-image":"","background-repeat":"repeat","background-position":"center center","background-size":"auto","background-attachment":"scroll","background-type":"","background-media":"","overlay-type":"","overlay-color":"","overlay-opacity":"","overlay-gradient":""},"tablet":{"background-color":"","background-image":"","background-repeat":"repeat","background-position":"center center","background-size":"auto","background-attachment":"scroll","background-type":"","background-media":"","overlay-type":"","overlay-color":"","overlay-opacity":"","overlay-gradient":""},"mobile":{"background-color":"","background-image":"","background-repeat":"repeat","background-position":"center center","background-size":"auto","background-attachment":"scroll","background-type":"","background-media":"","overlay-type":"","overlay-color":"","overlay-opacity":"","overlay-gradient":""}},"ast-content-background-meta":{"desktop":{"background-color":"var(--ast-global-color-5)","background-image":"","background-repeat":"repeat","background-position":"center center","background-size":"auto","background-attachment":"scroll","background-type":"","background-media":"","overlay-type":"","overlay-color":"","overlay-opacity":"","overlay-gradient":""},"tablet":{"background-color":"var(--ast-global-color-5)","background-image":"","background-repeat":"repeat","background-position":"center center","background-size":"auto","background-attachment":"scroll","background-type":"","background-media":"","overlay-type":"","overlay-color":"","overlay-opacity":"","overlay-gradient":""},"mobile":{"background-color":"var(--ast-global-color-5)","background-image":"","background-repeat":"repeat","background-position":"center center","background-size":"auto","background-attachment":"scroll","background-type":"","background-media":"","overlay-type":"","overlay-color":"","overlay-opacity":"","overlay-gradient":""}},"footnotes":""},"categories":[8],"tags":[3283,3281,3282],"class_list":["post-11655","post","type-post","status-publish","format-standard","has-post-thumbnail","hentry","category-noticias","tag-libano-cannabis","tag-libano-granjas-organicas","tag-libano-hachis"],"_links":{"self":[{"href":"https:\/\/losperiodistas.com.mx\/portal\/wp-json\/wp\/v2\/posts\/11655","targetHints":{"allow":["GET"]}}],"collection":[{"href":"https:\/\/losperiodistas.com.mx\/portal\/wp-json\/wp\/v2\/posts"}],"about":[{"href":"https:\/\/losperiodistas.com.mx\/portal\/wp-json\/wp\/v2\/types\/post"}],"author":[{"embeddable":true,"href":"https:\/\/losperiodistas.com.mx\/portal\/wp-json\/wp\/v2\/users\/1"}],"replies":[{"embeddable":true,"href":"https:\/\/losperiodistas.com.mx\/portal\/wp-json\/wp\/v2\/comments?post=11655"}],"version-history":[{"count":1,"href":"https:\/\/losperiodistas.com.mx\/portal\/wp-json\/wp\/v2\/posts\/11655\/revisions"}],"predecessor-version":[{"id":11657,"href":"https:\/\/losperiodistas.com.mx\/portal\/wp-json\/wp\/v2\/posts\/11655\/revisions\/11657"}],"wp:featuredmedia":[{"embeddable":true,"href":"https:\/\/losperiodistas.com.mx\/portal\/wp-json\/wp\/v2\/media\/11656"}],"wp:attachment":[{"href":"https:\/\/losperiodistas.com.mx\/portal\/wp-json\/wp\/v2\/media?parent=11655"}],"wp:term":[{"taxonomy":"category","embeddable":true,"href":"https:\/\/losperiodistas.com.mx\/portal\/wp-json\/wp\/v2\/categories?post=11655"},{"taxonomy":"post_tag","embeddable":true,"href":"https:\/\/losperiodistas.com.mx\/portal\/wp-json\/wp\/v2\/tags?post=11655"}],"curies":[{"name":"wp","href":"https:\/\/api.w.org\/{rel}","templated":true}]}}