{"id":116549,"date":"2026-02-12T11:47:30","date_gmt":"2026-02-12T17:47:30","guid":{"rendered":"https:\/\/losperiodistas.com.mx\/portal\/?p=116549"},"modified":"2026-02-12T11:47:32","modified_gmt":"2026-02-12T17:47:32","slug":"opinion-analiza-banxico-posibles-nuevos-recortes","status":"publish","type":"post","link":"https:\/\/losperiodistas.com.mx\/portal\/opinion-analiza-banxico-posibles-nuevos-recortes\/","title":{"rendered":"Opini\u00f3n | Analiza Banxico posibles nuevos recortes"},"content":{"rendered":"\n<figure class=\"wp-block-image aligncenter size-large is-resized\"><img fetchpriority=\"high\" decoding=\"async\" width=\"878\" height=\"1024\" src=\"https:\/\/losperiodistas.com.mx\/portal\/wp-content\/uploads\/2026\/02\/Captura-de-pantalla-2026-01-17-a-las-9.17.56-1-1-878x1024.png\" alt=\"\" class=\"wp-image-116239\" style=\"aspect-ratio:0.8574337721727014;width:288px;height:auto\" srcset=\"https:\/\/losperiodistas.com.mx\/portal\/wp-content\/uploads\/2026\/02\/Captura-de-pantalla-2026-01-17-a-las-9.17.56-1-1-878x1024.png 878w, https:\/\/losperiodistas.com.mx\/portal\/wp-content\/uploads\/2026\/02\/Captura-de-pantalla-2026-01-17-a-las-9.17.56-1-1-257x300.png 257w, https:\/\/losperiodistas.com.mx\/portal\/wp-content\/uploads\/2026\/02\/Captura-de-pantalla-2026-01-17-a-las-9.17.56-1-1-768x896.png 768w, https:\/\/losperiodistas.com.mx\/portal\/wp-content\/uploads\/2026\/02\/Captura-de-pantalla-2026-01-17-a-las-9.17.56-1-1.png 1096w\" sizes=\"(max-width: 878px) 100vw, 878px\" \/><\/figure>\n\n\n\n<p class=\"has-vivid-red-color has-text-color has-link-color has-medium-font-size wp-elements-a2435767b9cd0e2a8174558ad6cdd5a7\"><strong><em>Por Javier Cobos Fern\u00e1ndez<\/em><\/strong><\/p>\n\n\n\n<p>@jcobosfernandez<\/p>\n\n\n\n<p>La&nbsp;<strong>estabilidad macroecon\u00f3mica de M\u00e9xico<\/strong>&nbsp;atraviesa un&nbsp;<strong>periodo de turbulencia<\/strong>&nbsp;donde la narrativa oficial de expansi\u00f3n choca frontalmente con una&nbsp;<strong>fragmentaci\u00f3n t\u00e9cnica<\/strong>&nbsp;sin precedentes en el seno del&nbsp;<strong>Banco de M\u00e9xico<\/strong>.<\/p>\n\n\n\n<p>Al 11 de febrero de 2026, el panorama se ha complejizado: ya no solo enfrentamos un&nbsp;<strong>d\u00e9ficit fiscal fuera de control<\/strong>, sino una crisis de certidumbre alimentada por la contradicci\u00f3n entre los pron\u00f3sticos inflacionarios y las&nbsp;<strong>decisiones de pol\u00edtica monetaria<\/strong>. La viabilidad de la naci\u00f3n no se juega hoy solo en el presupuesto, sino en la capacidad de las instituciones de resistir la&nbsp;<strong>erosi\u00f3n del rigor t\u00e9cnico<\/strong>&nbsp;frente a la&nbsp;<strong>urgencia pol\u00edtica<\/strong>.<\/p>\n\n\n\n<p>La reciente acusaci\u00f3n del subdirector de Banxico,&nbsp;<strong>Jonathan Heath<\/strong>, ha encendido las alertas en los mercados internacionales. Heath ha se\u00f1alado una inconsistencia fundamental: mientras el instituto central reconoce una&nbsp;<strong>previsi\u00f3n de alza en la inflaci\u00f3n<\/strong>, simult\u00e1neamente se consideran recortes a la tasa de inter\u00e9s (Hern\u00e1ndez, 2026). Esta postura pone en duda la&nbsp;<strong>\u00abcordura\u00bb<\/strong>&nbsp;del&nbsp;<strong>pron\u00f3stico de inflaci\u00f3n<\/strong>, sugiriendo que la revisi\u00f3n de las metas podr\u00eda estar sesgada por un optimismo excesivo que no guarda relaci\u00f3n con la presi\u00f3n observada en la&nbsp;<strong>inflaci\u00f3n subyacente<\/strong>, situada en un persistente 4.47 % (Forbes M\u00e9xico, 2026; INEGI, 2026).<\/p>\n\n\n\n<p>Este cisma en la&nbsp;<strong>Junta de Gobierno<\/strong>&nbsp;revela una&nbsp;<strong>vulnerabilidad cr\u00edtica<\/strong>. Si Banxico cede a la presi\u00f3n de recortar tasas para&nbsp;<strong>\u00aboxigenar\u00bb<\/strong>&nbsp;artificialmente una econom\u00eda que se contrajo 0.2 % en el PIB real (INEGI, 2025), el riesgo es un&nbsp;<strong>desanclaje total<\/strong>&nbsp;de las&nbsp;<strong>expectativas de precios<\/strong>. La independencia de la banca central no es un concepto et\u00e9reo; es el \u00faltimo dique frente a la destrucci\u00f3n del poder adquisitivo.<\/p>\n\n\n\n<p><strong>Riesgos adicionales a la vista:<\/strong>&nbsp;<strong>incremento de deuda, incertidumbre jur\u00eddica y discrecionalidad<\/strong><\/p>\n\n\n\n<p>El&nbsp;<strong>robustecimiento de la inversi\u00f3n p\u00fablica<\/strong>&nbsp;\u2014que ahora busca inyectar un 2 % adicional del PIB en infraestructura\u2014 es una condici\u00f3n necesaria pero insuficiente.<\/p>\n\n\n\n<p>El&nbsp;<em>Plan de Inversi\u00f3n en Infraestructura para el Desarrollo con Bienestar 2026-2030<\/em>, este a\u00f1o destinar\u00e1 722 mil millones de pesos (mdp) adicionales a lo ya presupuestado para energ\u00eda, trenes, carreteras, puertos, salud, agua, educaci\u00f3n y aeropuertos. Estos 722 mil mdp representan el 2 % del&nbsp;<strong>Producto Interno Bruto&nbsp;<\/strong>(PIB) y a lo largo del sexenio se destinar\u00e1 un total de 5.6 billones de pesos adicionales para estos&nbsp;<strong>sectores estrat\u00e9gicos<\/strong>. (Gobierno de M\u00e9xico, febrero 3, 2026).<\/p>\n\n\n\n<p>El \u00e9xito de este despliegue ser\u00e1 definitivo s\u00ed y solo s\u00ed existe&nbsp;<strong>certidumbre jur\u00eddica<\/strong>&nbsp;<strong>absoluta&nbsp;<\/strong>y una&nbsp;<strong>divisi\u00f3n de poderes inquebrantable<\/strong>.<\/p>\n\n\n\n<p>La&nbsp;<strong>inversi\u00f3n p\u00fablica<\/strong>&nbsp;sin pesos y contrapesos reales se traduce en una&nbsp;<strong>asignaci\u00f3n&nbsp;<\/strong>ineficiente de recursos. Sin un sistema de justicia independiente que garantice la&nbsp;<strong>seguridad de los contratos<\/strong>&nbsp;y vigile la transparencia en la licitaci\u00f3n de los 5.6 billones de pesos proyectados hacia 2030, el&nbsp;<strong>Estado de derecho<\/strong>&nbsp;se vuelve un estorbo para el poder, pero su ausencia compromete, por decir lo menos, a la&nbsp;<strong>incursi\u00f3n de capital privado<\/strong>. La actual par\u00e1lisis en las actividades secundarias, con una ca\u00edda anual del 2.7 %, no es falta de dinero, sino falta de confianza institucional (Gobierno de M\u00e9xico, 2026; INEGI, 2025).<\/p>\n\n\n\n<p>La&nbsp;<strong>\u00abfantas\u00eda fiscal\u00bb<\/strong>&nbsp;denunciada por autores como&nbsp;<strong>Macario Schettino<\/strong>&nbsp;adquiere una nueva dimensi\u00f3n ante el desbalance presupuestal imprevisto. El pa\u00eds intenta financiar un&nbsp;<strong>gasto r\u00e9cord&nbsp;<\/strong>en infraestructura mientras los ingresos tributarios sufren el rigor de la contracci\u00f3n productiva. Esta brecha est\u00e1&nbsp;<strong>obligando al fisco<\/strong>&nbsp;a una \u00abdepredaci\u00f3n\u00bb t\u00e9cnica, utilizando inteligencia artificial para un&nbsp;<strong>asedio fiscal<\/strong>&nbsp;que busca extraer liquidez de un mercado MIPYME que ya lucha por su supervivencia.<\/p>\n\n\n\n<p>Por otra parte, el&nbsp;<strong>riesgo soberano es real<\/strong>. La deuda r\u00e9cord en las \u00faltimas tres d\u00e9cadas, en niveles superiores al 52 por ciento como porcentaje del PIB al cierre de 2025, sin contabilizar 2 puntos porcentuales potencialmente adicionales derivados del&nbsp;<strong>Plan de Inversi\u00f3n<\/strong>, al menos deja a M\u00e9xico sin margen de error. No solo amenazan con es consecuente incremento de pago de servicio de deuda, sino que la insistencia en proyectos de baja rentabilidad social, sumada a la debilidad institucional para fiscalizarlos, nos sit\u00faa en un&nbsp;<strong>escenario de vulnerabilidad financiera<\/strong>&nbsp;ante cualquier choque externo, especialmente tras la decisi\u00f3n de la Fed de mantener sus tasas el pasado 28 de enero (Federal Reserve Board, 2026).<\/p>\n\n\n\n<p><strong>Resiliencia en la contracci\u00f3n<\/strong><\/p>\n\n\n\n<p>Para las organizaciones, la&nbsp;<strong>estrategia de \u00abSupervivencia y Rentabilidad\u00bb<\/strong>&nbsp;que proponemos desde<strong>&nbsp;Lexonomics&nbsp;<\/strong>es el \u00fanico camino. Ante un gobierno que tarda en pagar a proveedores y un SAT que automatiza la sospecha, la&nbsp;<strong>arquitectura de viabilidad<\/strong>&nbsp;debe ser integral. La certidumbre no vendr\u00e1 del presupuesto, sino de la agilidad legal y tecnol\u00f3gica para proteger el flujo de efectivo. La&nbsp;<strong>inversi\u00f3n p\u00fablica<\/strong>&nbsp;es el motor, pero la&nbsp;<strong>divisi\u00f3n de poderes<\/strong>&nbsp;es el lubricante que evita que el sistema se colapse por la fricci\u00f3n de sus propias contradicciones.<\/p>\n\n\n\n<p><strong>Referencias<\/strong><br>Cobos Fern\u00e1ndez, J. (2025, 20 de noviembre).&nbsp;<a href=\"https:\/\/www.e-consulta.com\/opinion\/2025-11-20\/la-ilusion-del-record\"><em>La ilusi\u00f3n del r\u00e9cord: Disecci\u00f3n forense del r\u00e9cord de Inversi\u00f3n Extranjera Directa<\/em><\/a>. e-consulta.<br>Federal Reserve Board. (2026, 28 de enero).&nbsp;<a href=\"https:\/\/www.federalreserve.gov\/newsevents\/pressreleases\/monetary20260128a.htm\"><em>Federal Reserve issues FOMC statement<\/em><\/a>.<br>Forbes M\u00e9xico. (2026, 11 de febrero).&nbsp;<a href=\"https:\/\/forbes.com.mx\/subdirector-de-banxico-duda-de-la-revision-del-pronostico-de-inflacion\/\"><em>Subdirector de Banxico duda de la revisi\u00f3n del pron\u00f3stico de inflaci\u00f3n<\/em><\/a>.<br>Gobierno de M\u00e9xico. (2026, 3 de febrero).&nbsp;<a href=\"https:\/\/www.gob.mx\/presidencia\/prensa\/el-plan-de-inversion-en-infraestructura-para-el-desarrollo-con-bienestar-contempla-en-2026-2-adicional-del-pib-y-5-6-bdp-al-2030?idiom=es\"><em>El Plan de Inversi\u00f3n en Infraestructura para el Desarrollo con Bienestar contempla en 2026 2% adicional del PIB<\/em><\/a>.<br>Hern\u00e1ndez, M. (2026, 11 de febrero).&nbsp;<a href=\"https:\/\/www.elfinanciero.com.mx\/economia\/2026\/02\/11\/heath-acusa-al-banxico-prevemos-alza-en-inflacion-pero-consideramos-recortes-a-la-tasa\/\"><em>Heath acusa al Banxico: prevemos alza en inflaci\u00f3n, pero consideramos recortes a la tasa<\/em><\/a>. El Financiero.<br>Instituto Nacional de Estad\u00edstica y Geograf\u00eda (INEGI). (2025, 21 de noviembre).&nbsp;<em><a href=\"https:\/\/www.inegi.org.mx\/temas\/pib\/\">Producto Interno Bruto (PIB) Trimestral<\/a>. Bolet\u00edn de Indicador 627\/25<\/em>.<br>Instituto Nacional de Estad\u00edstica y Geograf\u00eda (INEGI). (2026, 22 de enero).<a href=\"https:\/\/www.inegi.org.mx\/programas\/inpc\/2018a\/\">&nbsp;<\/a><em><a href=\"https:\/\/www.inegi.org.mx\/programas\/inpc\/2018a\/\">\u00cdndice Nacional de Precios al Consumidor (INPC). Primera quincena de enero de 2026<\/a>. Bolet\u00edn 25\/26<\/em>.<br>Schettino, M. (2026, 4 de febrero).&nbsp;<a href=\"https:\/\/www.elfinanciero.com.mx\/opinion\/macario-schettino\/2026\/02\/04\/crisis-fiscal\/\"><em>Crisis fiscal<\/em><\/a>. El Financiero.<br>Secretar\u00eda de Hacienda y Cr\u00e9dito P\u00fablico (SHCP). (2025a).&nbsp;<a href=\"https:\/\/www.finanzaspublicas.hacienda.gob.mx\/work\/models\/Finanzas_Publicas\/docs\/paquete_economico\/cgpe\/cgpe_2026.pdf\"><em>Criterios Generales de Pol\u00edtica Econ\u00f3mica para el Ejercicio Fiscal 2026<\/em>.<\/a>&nbsp;<br>Secretar\u00eda de Hacienda y Cr\u00e9dito P\u00fablico (SHCP). (2025b).&nbsp;<a href=\"https:\/\/www.ppef.hacienda.gob.mx\/\"><em>Proyecto de Presupuesto de Egresos de la Federaci\u00f3n 2026<\/em><\/a>.&nbsp;<\/p>\n\n\n\n<hr class=\"wp-block-separator has-alpha-channel-opacity\"\/>\n\n\n\n<p><strong>+ OPINI\u00d3N : Las opiniones expresadas son responsabilidad del autor<\/strong><\/p>\n","protected":false},"excerpt":{"rendered":"<p>Por Javier Cobos Fern\u00e1ndez @jcobosfernandez La&nbsp;estabilidad macroecon\u00f3mica de M\u00e9xico&nbsp;atraviesa un&nbsp;periodo de turbulencia&nbsp;donde la narrativa oficial de expansi\u00f3n choca frontalmente con [&hellip;]<\/p>\n","protected":false},"author":1,"featured_media":116239,"comment_status":"open","ping_status":"open","sticky":false,"template":"","format":"standard","meta":{"site-sidebar-layout":"default","site-content-layout":"","ast-site-content-layout":"default","site-content-style":"default","site-sidebar-style":"default","ast-global-header-display":"","ast-banner-title-visibility":"","ast-main-header-display":"","ast-hfb-above-header-display":"","ast-hfb-below-header-display":"","ast-hfb-mobile-header-display":"","site-post-title":"","ast-breadcrumbs-content":"","ast-featured-img":"","footer-sml-layout":"","theme-transparent-header-meta":"","adv-header-id-meta":"","stick-header-meta":"","header-above-stick-meta":"","header-main-stick-meta":"","header-below-stick-meta":"","astra-migrate-meta-layouts":"default","ast-page-background-enabled":"default","ast-page-background-meta":{"desktop":{"background-color":"var(--ast-global-color-4)","background-image":"","background-repeat":"repeat","background-position":"center center","background-size":"auto","background-attachment":"scroll","background-type":"","background-media":"","overlay-type":"","overlay-color":"","overlay-opacity":"","overlay-gradient":""},"tablet":{"background-color":"","background-image":"","background-repeat":"repeat","background-position":"center center","background-size":"auto","background-attachment":"scroll","background-type":"","background-media":"","overlay-type":"","overlay-color":"","overlay-opacity":"","overlay-gradient":""},"mobile":{"background-color":"","background-image":"","background-repeat":"repeat","background-position":"center center","background-size":"auto","background-attachment":"scroll","background-type":"","background-media":"","overlay-type":"","overlay-color":"","overlay-opacity":"","overlay-gradient":""}},"ast-content-background-meta":{"desktop":{"background-color":"var(--ast-global-color-5)","background-image":"","background-repeat":"repeat","background-position":"center center","background-size":"auto","background-attachment":"scroll","background-type":"","background-media":"","overlay-type":"","overlay-color":"","overlay-opacity":"","overlay-gradient":""},"tablet":{"background-color":"var(--ast-global-color-5)","background-image":"","background-repeat":"repeat","background-position":"center center","background-size":"auto","background-attachment":"scroll","background-type":"","background-media":"","overlay-type":"","overlay-color":"","overlay-opacity":"","overlay-gradient":""},"mobile":{"background-color":"var(--ast-global-color-5)","background-image":"","background-repeat":"repeat","background-position":"center center","background-size":"auto","background-attachment":"scroll","background-type":"","background-media":"","overlay-type":"","overlay-color":"","overlay-opacity":"","overlay-gradient":""}},"footnotes":""},"categories":[8,22],"tags":[3449,46208,46209],"class_list":["post-116549","post","type-post","status-publish","format-standard","has-post-thumbnail","hentry","category-noticias","category-opinion-invitada","tag-banco-de-mexico","tag-estabilidad-macroeconomica-mexico","tag-recortes-banxico"],"_links":{"self":[{"href":"https:\/\/losperiodistas.com.mx\/portal\/wp-json\/wp\/v2\/posts\/116549","targetHints":{"allow":["GET"]}}],"collection":[{"href":"https:\/\/losperiodistas.com.mx\/portal\/wp-json\/wp\/v2\/posts"}],"about":[{"href":"https:\/\/losperiodistas.com.mx\/portal\/wp-json\/wp\/v2\/types\/post"}],"author":[{"embeddable":true,"href":"https:\/\/losperiodistas.com.mx\/portal\/wp-json\/wp\/v2\/users\/1"}],"replies":[{"embeddable":true,"href":"https:\/\/losperiodistas.com.mx\/portal\/wp-json\/wp\/v2\/comments?post=116549"}],"version-history":[{"count":1,"href":"https:\/\/losperiodistas.com.mx\/portal\/wp-json\/wp\/v2\/posts\/116549\/revisions"}],"predecessor-version":[{"id":116550,"href":"https:\/\/losperiodistas.com.mx\/portal\/wp-json\/wp\/v2\/posts\/116549\/revisions\/116550"}],"wp:featuredmedia":[{"embeddable":true,"href":"https:\/\/losperiodistas.com.mx\/portal\/wp-json\/wp\/v2\/media\/116239"}],"wp:attachment":[{"href":"https:\/\/losperiodistas.com.mx\/portal\/wp-json\/wp\/v2\/media?parent=116549"}],"wp:term":[{"taxonomy":"category","embeddable":true,"href":"https:\/\/losperiodistas.com.mx\/portal\/wp-json\/wp\/v2\/categories?post=116549"},{"taxonomy":"post_tag","embeddable":true,"href":"https:\/\/losperiodistas.com.mx\/portal\/wp-json\/wp\/v2\/tags?post=116549"}],"curies":[{"name":"wp","href":"https:\/\/api.w.org\/{rel}","templated":true}]}}