{"id":115874,"date":"2026-02-03T03:41:11","date_gmt":"2026-02-03T09:41:11","guid":{"rendered":"https:\/\/losperiodistas.com.mx\/portal\/?p=115874"},"modified":"2026-02-03T05:27:23","modified_gmt":"2026-02-03T11:27:23","slug":"opinion-el-farol","status":"publish","type":"post","link":"https:\/\/losperiodistas.com.mx\/portal\/opinion-el-farol\/","title":{"rendered":"Opini\u00f3n | El Farol"},"content":{"rendered":"\n<h3 class=\"wp-block-heading\">No todos los faroles iluminan caminos; algunos esperan, perennemente, a iluminar almas, pero solo a aquellas que se atreven a mirar la luz. \u2014Carlos \u00c1lvarez<\/h3>\n\n\n\n<figure class=\"wp-block-image size-large\"><img fetchpriority=\"high\" decoding=\"async\" width=\"678\" height=\"1024\" src=\"https:\/\/losperiodistas.com.mx\/portal\/wp-content\/uploads\/2026\/02\/5bf49968-7bae-4079-944a-85d8a2874aa6_848x1280-678x1024.webp\" alt=\"\" class=\"wp-image-115875\" srcset=\"https:\/\/losperiodistas.com.mx\/portal\/wp-content\/uploads\/2026\/02\/5bf49968-7bae-4079-944a-85d8a2874aa6_848x1280-678x1024.webp 678w, https:\/\/losperiodistas.com.mx\/portal\/wp-content\/uploads\/2026\/02\/5bf49968-7bae-4079-944a-85d8a2874aa6_848x1280-199x300.webp 199w, https:\/\/losperiodistas.com.mx\/portal\/wp-content\/uploads\/2026\/02\/5bf49968-7bae-4079-944a-85d8a2874aa6_848x1280-768x1159.webp 768w, https:\/\/losperiodistas.com.mx\/portal\/wp-content\/uploads\/2026\/02\/5bf49968-7bae-4079-944a-85d8a2874aa6_848x1280.webp 848w\" sizes=\"(max-width: 678px) 100vw, 678px\" \/><\/figure>\n\n\n\n<p><\/p>\n\n\n\n<h1 class=\"wp-block-heading has-vivid-red-color has-text-color has-link-color has-medium-font-size wp-elements-8c9519a3deb205f8819ecf2b82e494d6\"><br>Carlos\u2019s Substack<\/h1>\n\n\n\n<p>Dicen que ese farol lleg\u00f3 cuando la ciudad todav\u00eda no sab\u00eda que iba a ser ciudad.<\/p>\n\n\n\n<p>A finales del siglo XIX, cuando la electricidad comenzaba a abrirse paso poco a poco, con gran incertidumbre, alguien lo instal\u00f3 ah\u00ed, en medio de un terreno que no era parque, ni fraccionamiento, ni siquiera calle. Era un punto casi rural, una extensi\u00f3n de tierra donde el viento pasaba sin obst\u00e1culos y la noche era verdaderamente oscura. El farol no iluminaba casas ni avenidas; iluminaba vac\u00edo, oscuridad.<\/p>\n\n\n\n<p>En aquellos a\u00f1os su luz no era constante. Parpadeaba, fallaba, volv\u00eda. Era un experimento, un gesto adelantado a su tiempo. Algunos lo miraban con curiosidad; otros lo ve\u00edan como un capricho innecesario. Muchos negaban aquella nueva invenci\u00f3n y segu\u00edan confiando en las velas nocturnas. Nadie imagin\u00f3 que seguir\u00eda ah\u00ed m\u00e1s de un siglo despu\u00e9s.<\/p>\n\n\n\n<p>Y el mundo empez\u00f3 a moverse alrededor de \u00e9l sin notarlo, siempre sereno, casi inmutable.<\/p>\n\n\n\n<p>Primero llegaron los caminos de tierra. Luego los cables, las cercas, los \u00e1rboles plantados con intenci\u00f3n. Despu\u00e9s las primeras casas, y m\u00e1s tarde las avenidas. El terreno se volvi\u00f3 parque; el parque se volvi\u00f3 parte de un fraccionamiento; el fraccionamiento termin\u00f3 absorbido por la ciudad. Todo cambi\u00f3 de forma, de nombre, de ritmo, de esencia.<\/p>\n\n\n\n<p>El farol no.<\/p>\n\n\n\n<p>Se mantuvo perenne al tiempo, a la gente, a las noches g\u00e9lidas y oscuras.<\/p>\n\n\n\n<p>Lo actualizaron una vez, quiz\u00e1 dos. Le cambiaron el sistema el\u00e9ctrico, reforzaron su base, limpiaron su estructura. Pero nunca lo retiraron. No por reverencia, sino por una mezcla de costumbre y descuido, como quien no cuestiona lo que siempre ha estado ah\u00ed. Era m\u00e1s f\u00e1cil dejarlo que pensarlo. Y as\u00ed, sin ceremonias, se convirti\u00f3 en testigo silencioso de generaciones que jam\u00e1s supieron que \u00e9l estuvo ah\u00ed antes que todo lo dem\u00e1s.<\/p>\n\n\n\n<p>Durante el d\u00eda pasaba inadvertido.<\/p>\n\n\n\n<p>De noche, su luz c\u00e1lida contrastaba con los focos blancos modernos, como si perteneciera a otra \u00e9poca que no terminaba de irse.<\/p>\n\n\n\n<p>Y entonces, una buena noche, Claudio se top\u00f3 con \u00e9l.<\/p>\n\n\n\n<p>No fue un descubrimiento espectacular; fue un reconocimiento. Claudio no lleg\u00f3 buscando nada en particular. Caminaba como quien ordena pensamientos, con la mente a\u00fan haciendo ruido, pero el cuerpo pidiendo calma. Por aquella \u00e9poca atravesaba un periodo personal de incertidumbre, de falta de direcci\u00f3n y prop\u00f3sito. Y ah\u00ed estaba el farol, encendido con la misma serenidad con la que lo hab\u00eda hecho d\u00e9cadas atr\u00e1s, ajeno a las prisas nuevas del mundo.<\/p>\n\n\n\n<p>Claudio se detuvo.<\/p>\n\n\n\n<p>No porque el farol brillara m\u00e1s que otros, sino porque su luz parec\u00eda no exigir nada. No iluminaba para mostrar un camino espec\u00edfico ni para deslumbrar; iluminaba para permitir ver sin urgencia. Era una luz que no empujaba hacia adelante ni reten\u00eda atr\u00e1s. Simplemente estaba. Acompa\u00f1aba.<\/p>\n\n\n\n<p>En ese instante, Claudio entendi\u00f3 algo que no ven\u00eda en palabras:<\/p>\n\n\n\n<p>que hay presencias que no buscan protagonismo, pero sostienen silencios enteros;<br>que algunas cosas sobreviven no por resistencia, sino por coherencia;<br>y que el mundo puede crecer, modernizarse y llenarse de ruido sin lograr apagar del todo aquello que naci\u00f3 con intenci\u00f3n sosegada y sin expectativas.<\/p>\n\n\n\n<p>El farol no cambi\u00f3 despu\u00e9s de esa noche.<\/p>\n\n\n\n<p>No se volvi\u00f3 m\u00e1gico, ni habl\u00f3, ni revel\u00f3 secretos antiguos. Sigui\u00f3 siendo lo que siempre fue: una estructura de hierro, cables y luz c\u00e1lida.<\/p>\n\n\n\n<p>Pero para Claudio dej\u00f3 de ser un objeto.<\/p>\n\n\n\n<p>Se volvi\u00f3 un punto fijo en un mundo que a veces se mueve demasiado r\u00e1pido. Un recordatorio de que no todo lo que permanece lo hace por olvido; algunas cosas permanecen porque, sin saberlo, sostienen la calma de quienes todav\u00eda saben detenerse.<\/p>\n\n\n\n<p>Y as\u00ed, siempre que Claudio siente la necesidad de orientarse \u2014no como quien busca un rumbo, sino como quien busca centro\u2014 vuelve a aquel viejo farol por la noche, cuando su luz c\u00e1lida susurra mejor que en cualquier otro momento del d\u00eda, solo a quien est\u00e1 dispuesto a escuchar y, sobre todo, a mirar la luz envuelta en las tinieblas, cara a cara\u2026<\/p>\n\n\n\n<p>Fuente: <a href=\"https:\/\/laplumadecharal.substack.com\/p\/el-farol?r=21dxs4&amp;utm_medium=ios&amp;shareImageVariant=title&amp;triedRedirect=true\">https:\/\/laplumadecharal.substack.com\/p\/el-farol?r=21dxs4&amp;utm_medium=ios&amp;shareImageVariant=title&amp;triedRedirect=true<\/a><\/p>\n","protected":false},"excerpt":{"rendered":"<p>No todos los faroles iluminan caminos; algunos esperan, perennemente, a iluminar almas, pero solo a aquellas que se atreven a [&hellip;]<\/p>\n","protected":false},"author":1,"featured_media":115875,"comment_status":"open","ping_status":"open","sticky":false,"template":"","format":"standard","meta":{"site-sidebar-layout":"default","site-content-layout":"","ast-site-content-layout":"default","site-content-style":"default","site-sidebar-style":"default","ast-global-header-display":"","ast-banner-title-visibility":"","ast-main-header-display":"","ast-hfb-above-header-display":"","ast-hfb-below-header-display":"","ast-hfb-mobile-header-display":"","site-post-title":"","ast-breadcrumbs-content":"","ast-featured-img":"","footer-sml-layout":"","theme-transparent-header-meta":"","adv-header-id-meta":"","stick-header-meta":"","header-above-stick-meta":"","header-main-stick-meta":"","header-below-stick-meta":"","astra-migrate-meta-layouts":"default","ast-page-background-enabled":"default","ast-page-background-meta":{"desktop":{"background-color":"var(--ast-global-color-4)","background-image":"","background-repeat":"repeat","background-position":"center center","background-size":"auto","background-attachment":"scroll","background-type":"","background-media":"","overlay-type":"","overlay-color":"","overlay-opacity":"","overlay-gradient":""},"tablet":{"background-color":"","background-image":"","background-repeat":"repeat","background-position":"center center","background-size":"auto","background-attachment":"scroll","background-type":"","background-media":"","overlay-type":"","overlay-color":"","overlay-opacity":"","overlay-gradient":""},"mobile":{"background-color":"","background-image":"","background-repeat":"repeat","background-position":"center center","background-size":"auto","background-attachment":"scroll","background-type":"","background-media":"","overlay-type":"","overlay-color":"","overlay-opacity":"","overlay-gradient":""}},"ast-content-background-meta":{"desktop":{"background-color":"var(--ast-global-color-5)","background-image":"","background-repeat":"repeat","background-position":"center center","background-size":"auto","background-attachment":"scroll","background-type":"","background-media":"","overlay-type":"","overlay-color":"","overlay-opacity":"","overlay-gradient":""},"tablet":{"background-color":"var(--ast-global-color-5)","background-image":"","background-repeat":"repeat","background-position":"center center","background-size":"auto","background-attachment":"scroll","background-type":"","background-media":"","overlay-type":"","overlay-color":"","overlay-opacity":"","overlay-gradient":""},"mobile":{"background-color":"var(--ast-global-color-5)","background-image":"","background-repeat":"repeat","background-position":"center center","background-size":"auto","background-attachment":"scroll","background-type":"","background-media":"","overlay-type":"","overlay-color":"","overlay-opacity":"","overlay-gradient":""}},"footnotes":""},"categories":[8,22],"tags":[45890,45889],"class_list":["post-115874","post","type-post","status-publish","format-standard","has-post-thumbnail","hentry","category-noticias","category-opinion-invitada","tag-carloss-substack","tag-el-farol"],"_links":{"self":[{"href":"https:\/\/losperiodistas.com.mx\/portal\/wp-json\/wp\/v2\/posts\/115874","targetHints":{"allow":["GET"]}}],"collection":[{"href":"https:\/\/losperiodistas.com.mx\/portal\/wp-json\/wp\/v2\/posts"}],"about":[{"href":"https:\/\/losperiodistas.com.mx\/portal\/wp-json\/wp\/v2\/types\/post"}],"author":[{"embeddable":true,"href":"https:\/\/losperiodistas.com.mx\/portal\/wp-json\/wp\/v2\/users\/1"}],"replies":[{"embeddable":true,"href":"https:\/\/losperiodistas.com.mx\/portal\/wp-json\/wp\/v2\/comments?post=115874"}],"version-history":[{"count":1,"href":"https:\/\/losperiodistas.com.mx\/portal\/wp-json\/wp\/v2\/posts\/115874\/revisions"}],"predecessor-version":[{"id":115876,"href":"https:\/\/losperiodistas.com.mx\/portal\/wp-json\/wp\/v2\/posts\/115874\/revisions\/115876"}],"wp:featuredmedia":[{"embeddable":true,"href":"https:\/\/losperiodistas.com.mx\/portal\/wp-json\/wp\/v2\/media\/115875"}],"wp:attachment":[{"href":"https:\/\/losperiodistas.com.mx\/portal\/wp-json\/wp\/v2\/media?parent=115874"}],"wp:term":[{"taxonomy":"category","embeddable":true,"href":"https:\/\/losperiodistas.com.mx\/portal\/wp-json\/wp\/v2\/categories?post=115874"},{"taxonomy":"post_tag","embeddable":true,"href":"https:\/\/losperiodistas.com.mx\/portal\/wp-json\/wp\/v2\/tags?post=115874"}],"curies":[{"name":"wp","href":"https:\/\/api.w.org\/{rel}","templated":true}]}}