{"id":115654,"date":"2026-01-30T07:16:13","date_gmt":"2026-01-30T13:16:13","guid":{"rendered":"https:\/\/losperiodistas.com.mx\/portal\/?p=115654"},"modified":"2026-01-30T07:16:15","modified_gmt":"2026-01-30T13:16:15","slug":"dia-internacional-del-croissant-did-3","status":"publish","type":"post","link":"https:\/\/losperiodistas.com.mx\/portal\/dia-internacional-del-croissant-did-3\/","title":{"rendered":"D\u00eda Internacional del Croissant | DID"},"content":{"rendered":"\n<figure class=\"wp-block-image aligncenter size-full\"><img fetchpriority=\"high\" decoding=\"async\" width=\"650\" height=\"432\" src=\"https:\/\/losperiodistas.com.mx\/portal\/wp-content\/uploads\/2026\/01\/01-30_dia-mundial-croisant_m.jpg\" alt=\"\" class=\"wp-image-115655\" srcset=\"https:\/\/losperiodistas.com.mx\/portal\/wp-content\/uploads\/2026\/01\/01-30_dia-mundial-croisant_m.jpg 650w, https:\/\/losperiodistas.com.mx\/portal\/wp-content\/uploads\/2026\/01\/01-30_dia-mundial-croisant_m-300x199.jpg 300w\" sizes=\"(max-width: 650px) 100vw, 650px\" \/><\/figure>\n\n\n\n<p><\/p>\n\n\n\n<p class=\"has-vivid-red-color has-text-color has-link-color has-medium-font-size wp-elements-3aa118b0468398fc8c867f42a873ef01\"><strong>REDACCI\u00d3N D\u00cdA INTERNACIONAL DE<\/strong><\/p>\n\n\n\n<p><strong>El 30 de enero se celebra el D\u00eda Internacional del Croissant.<\/strong>&nbsp;La idea de celebrar esta fecha es dar a conocer una pieza de boller\u00eda, que goza de mucha aceptaci\u00f3n en el mundo debido a su rico sabor, aroma y textura crujiente, adem\u00e1s de que puede consumirse a cualquier hora del d\u00eda.<\/p>\n\n\n\n<h2 class=\"wp-block-heading\" id=\"resTit_1\"><strong>Origen del croissant<\/strong><\/h2>\n\n\n\n<p><strong>El croissant es un alimento originario de Viena (Austria)<\/strong>, aunque muchas personas creen que proviene de Francia. Se elabora con tres sencillos ingredientes, masa de hojaldre, levadura y mantequilla.<\/p>\n\n\n\n<p>En cuanto a su creaci\u00f3n, se han contado muchas historias, pero la que ha cobrado mayor fuerza e inter\u00e9s entre los estudiosos del tema, es que esta boller\u00eda fue un invento de los panaderos vieneses como una manera de celebrar el triunfo ante el ataque del imperio Otomano a esta ciudad en el siglo XVII.<\/p>\n\n\n\n<p>Gracias a la pericia y el pronto aviso de los panaderos, que trabajaban durante la noche, la poblaci\u00f3n y el ej\u00e9rcito pudo defenderse del ataque. El gremio pastelero cre\u00f3 el croissant con forma de media luna que era el emblema utilizado por el imperio Otomano.<\/p>\n\n\n\n<h2 class=\"wp-block-heading\" id=\"resTit_2\">\u00bfQu\u00e9 hace al croissant un alimento irresistible al paladar?<\/h2>\n\n\n\n<p>Existen alimentos que por su sabor y textura al paladar se vuelven verdaderamente irresistibles. De acuerdo a estudios realizados por los estudiosos del comportamiento humano, se sabe que ciertos alimentos producen algunas reacciones adictivas semejantes a la marihuana, adem\u00e1s de disparar en el organismo sustancias qu\u00edmicas tales como la dopamina y la betaendorfina encargadas de producir placer.<\/p>\n\n\n\n<p>En este sentido, el croissant como otras boller\u00edas, que en su preparaci\u00f3n requieren productos procesados como el az\u00facar y otros carbohidratos, tiene este efecto placebo en un alto porcentaje de las personas.<\/p>\n\n\n\n<p>El croissant tiene bastante aceptaci\u00f3n y quiz\u00e1s esto se deba a que el resultado final es un bollo que puede ser consumido tanto con productos dulces como el chocolate o salados como los quesos, fiambres, etc.<\/p>\n\n\n\n<p>Otro aspecto que disfruta el comensal, es la agradable sensaci\u00f3n crujiente que tiene cada una de sus capas y que lo hace verdaderamente apetecible. Tambi\u00e9n puede disfrutarse acompa\u00f1ado de una taza de caf\u00e9 o cualquier otra bebida, para hacer m\u00e1s placentera la degustaci\u00f3n de este rico manjar.<\/p>\n\n\n\n<h2 class=\"wp-block-heading\" id=\"resTit_3\"><strong>\u00bfC\u00f3mo celebrar el D\u00eda Internacional del Croissant?<\/strong><\/h2>\n\n\n\n<p>S\u00ed quieres formar parte de esta celebraci\u00f3n, entonces aprovecha cualquier ocasi\u00f3n para que disfrutes del rico sabor y aroma de este riqu\u00edsimo panecillo en forma de luna, que seguro te encantar\u00e1, adem\u00e1s, tambi\u00e9n te invitamos a compartir alguna receta o informaci\u00f3n valiosa sobre este interesante tema y no te olvides de agregar la etiqueta&nbsp;<strong>#D\u00edaInternacionaldelcroissant.<\/strong><\/p>\n\n\n\n<p>Fuente: <a href=\"https:\/\/www.diainternacionalde.com\/ficha\/dia-internacional-croissant\">https:\/\/www.diainternacionalde.com\/ficha\/dia-internacional-croissant<\/a><\/p>\n","protected":false},"excerpt":{"rendered":"<p>REDACCI\u00d3N D\u00cdA INTERNACIONAL DE El 30 de enero se celebra el D\u00eda Internacional del Croissant.&nbsp;La idea de celebrar esta fecha [&hellip;]<\/p>\n","protected":false},"author":1,"featured_media":115655,"comment_status":"open","ping_status":"open","sticky":false,"template":"","format":"standard","meta":{"site-sidebar-layout":"default","site-content-layout":"","ast-site-content-layout":"default","site-content-style":"default","site-sidebar-style":"default","ast-global-header-display":"","ast-banner-title-visibility":"","ast-main-header-display":"","ast-hfb-above-header-display":"","ast-hfb-below-header-display":"","ast-hfb-mobile-header-display":"","site-post-title":"","ast-breadcrumbs-content":"","ast-featured-img":"","footer-sml-layout":"","theme-transparent-header-meta":"","adv-header-id-meta":"","stick-header-meta":"","header-above-stick-meta":"","header-main-stick-meta":"","header-below-stick-meta":"","astra-migrate-meta-layouts":"default","ast-page-background-enabled":"default","ast-page-background-meta":{"desktop":{"background-color":"var(--ast-global-color-4)","background-image":"","background-repeat":"repeat","background-position":"center center","background-size":"auto","background-attachment":"scroll","background-type":"","background-media":"","overlay-type":"","overlay-color":"","overlay-opacity":"","overlay-gradient":""},"tablet":{"background-color":"","background-image":"","background-repeat":"repeat","background-position":"center center","background-size":"auto","background-attachment":"scroll","background-type":"","background-media":"","overlay-type":"","overlay-color":"","overlay-opacity":"","overlay-gradient":""},"mobile":{"background-color":"","background-image":"","background-repeat":"repeat","background-position":"center center","background-size":"auto","background-attachment":"scroll","background-type":"","background-media":"","overlay-type":"","overlay-color":"","overlay-opacity":"","overlay-gradient":""}},"ast-content-background-meta":{"desktop":{"background-color":"var(--ast-global-color-5)","background-image":"","background-repeat":"repeat","background-position":"center center","background-size":"auto","background-attachment":"scroll","background-type":"","background-media":"","overlay-type":"","overlay-color":"","overlay-opacity":"","overlay-gradient":""},"tablet":{"background-color":"var(--ast-global-color-5)","background-image":"","background-repeat":"repeat","background-position":"center center","background-size":"auto","background-attachment":"scroll","background-type":"","background-media":"","overlay-type":"","overlay-color":"","overlay-opacity":"","overlay-gradient":""},"mobile":{"background-color":"var(--ast-global-color-5)","background-image":"","background-repeat":"repeat","background-position":"center center","background-size":"auto","background-attachment":"scroll","background-type":"","background-media":"","overlay-type":"","overlay-color":"","overlay-opacity":"","overlay-gradient":""}},"footnotes":""},"categories":[8],"tags":[45781,35389],"class_list":["post-115654","post","type-post","status-publish","format-standard","has-post-thumbnail","hentry","category-noticias","tag-diainternacionaldelcroissant-2","tag-dia-internacional-del-croissant"],"_links":{"self":[{"href":"https:\/\/losperiodistas.com.mx\/portal\/wp-json\/wp\/v2\/posts\/115654","targetHints":{"allow":["GET"]}}],"collection":[{"href":"https:\/\/losperiodistas.com.mx\/portal\/wp-json\/wp\/v2\/posts"}],"about":[{"href":"https:\/\/losperiodistas.com.mx\/portal\/wp-json\/wp\/v2\/types\/post"}],"author":[{"embeddable":true,"href":"https:\/\/losperiodistas.com.mx\/portal\/wp-json\/wp\/v2\/users\/1"}],"replies":[{"embeddable":true,"href":"https:\/\/losperiodistas.com.mx\/portal\/wp-json\/wp\/v2\/comments?post=115654"}],"version-history":[{"count":1,"href":"https:\/\/losperiodistas.com.mx\/portal\/wp-json\/wp\/v2\/posts\/115654\/revisions"}],"predecessor-version":[{"id":115656,"href":"https:\/\/losperiodistas.com.mx\/portal\/wp-json\/wp\/v2\/posts\/115654\/revisions\/115656"}],"wp:featuredmedia":[{"embeddable":true,"href":"https:\/\/losperiodistas.com.mx\/portal\/wp-json\/wp\/v2\/media\/115655"}],"wp:attachment":[{"href":"https:\/\/losperiodistas.com.mx\/portal\/wp-json\/wp\/v2\/media?parent=115654"}],"wp:term":[{"taxonomy":"category","embeddable":true,"href":"https:\/\/losperiodistas.com.mx\/portal\/wp-json\/wp\/v2\/categories?post=115654"},{"taxonomy":"post_tag","embeddable":true,"href":"https:\/\/losperiodistas.com.mx\/portal\/wp-json\/wp\/v2\/tags?post=115654"}],"curies":[{"name":"wp","href":"https:\/\/api.w.org\/{rel}","templated":true}]}}