{"id":115649,"date":"2026-01-30T07:09:35","date_gmt":"2026-01-30T13:09:35","guid":{"rendered":"https:\/\/losperiodistas.com.mx\/portal\/?p=115649"},"modified":"2026-01-30T07:09:36","modified_gmt":"2026-01-30T13:09:36","slug":"rosalia-irrumpe-por-sorpresa-en-el-concierto-por-palestina-en-barcelona-y-canta-la-perla-el-pais","status":"publish","type":"post","link":"https:\/\/losperiodistas.com.mx\/portal\/rosalia-irrumpe-por-sorpresa-en-el-concierto-por-palestina-en-barcelona-y-canta-la-perla-el-pais\/","title":{"rendered":"Rosal\u00eda irrumpe por sorpresa en el concierto por Palestina en Barcelona y canta \u2018La Perla\u2019 | El Pa\u00eds"},"content":{"rendered":"\n<p class=\"has-medium-font-size\">Amaia, Bad Gyal o Oques Grasses, entre otros, llenan el Sant Jordi en un evento que es el colof\u00f3n de una campa\u00f1a internacional para denunciar la matanza en Gaza y recaudar fondos<\/p>\n\n\n\n<figure class=\"wp-block-image size-large\"><img fetchpriority=\"high\" decoding=\"async\" width=\"1024\" height=\"576\" src=\"https:\/\/losperiodistas.com.mx\/portal\/wp-content\/uploads\/2026\/01\/I6BOFBRBWRFURDB2DOFDFZUGTE-1024x576.avif\" alt=\"\" class=\"wp-image-115650\" srcset=\"https:\/\/losperiodistas.com.mx\/portal\/wp-content\/uploads\/2026\/01\/I6BOFBRBWRFURDB2DOFDFZUGTE-1024x576.avif 1024w, https:\/\/losperiodistas.com.mx\/portal\/wp-content\/uploads\/2026\/01\/I6BOFBRBWRFURDB2DOFDFZUGTE-300x169.avif 300w, https:\/\/losperiodistas.com.mx\/portal\/wp-content\/uploads\/2026\/01\/I6BOFBRBWRFURDB2DOFDFZUGTE-768x432.avif 768w, https:\/\/losperiodistas.com.mx\/portal\/wp-content\/uploads\/2026\/01\/I6BOFBRBWRFURDB2DOFDFZUGTE.avif 1200w\" sizes=\"(max-width: 1024px) 100vw, 1024px\" \/><figcaption class=\"wp-element-caption\">Rosal\u00eda act\u00faa por sorpresa en el concierto por Palestina en Barcelona.Foto:&nbsp;ALBERTO PAREDES &#8211; EUROPA PRESS | RTVE<\/figcaption><\/figure>\n\n\n\n<p class=\"has-vivid-red-color has-text-color has-link-color has-medium-font-size wp-elements-1dcae6008d82a796cc6eb9d9c3903f49\"><a href=\"https:\/\/elpais.com\/autor\/lluis-pellicer\/#?rel=author_top\"><strong>Llu\u00eds Pellicer<\/strong><\/a><a href=\"https:\/\/elpais.com\/autor\/lorraine-delorenzo-nardi-borowski\/#?rel=author_top\"><strong> \/ Lorraine Delorenzo<\/strong><\/a><strong> \/ El Pa\u00eds<\/strong><\/p>\n\n\n\n<p>Barcelona <\/p>\n\n\n\n<p><\/p>\n\n\n\n<p>Barcelona vibr\u00f3 este jueves con el concierto solidario por Palestina. El Palau Sant Jordi se llen\u00f3 por completo para albergar a artistas como Amaia, Bad Gyal, Oques Grasses, Llu\u00eds Llach o Ferm\u00edn Muguruza, entre otros. El concierto fue el colof\u00f3n de una campa\u00f1a internacional coordinada por \u2018Act X Palestine\u2019 para recaudar fondos. Antes, los organizadores rindieron homenaje a Hind Rajab, la ni\u00f1a palestina de cinco a\u00f1os asesinada en Gaza hace dos a\u00f1os y que conmocion\u00f3 a la opini\u00f3n p\u00fablica internacional. Al final ha habido sorpresa. Y de las gordas. El Palau Sant Jordi de Barcelona se vino abajo con la inesperada irrupci\u00f3n de Rosal\u00eda en el escenario y la interpretaci\u00f3n de uno de sus grandes temas del momento:&nbsp;<em>Perla<\/em>.<\/p>\n\n\n\n<p>La presencia de la artista catalana no hab\u00eda sido anunciada, aunque se especulaba con su posible intervenci\u00f3n tras publicarse en redes sociales im\u00e1genes de la int\u00e9rprete en la ciudad. Su presencia fue un mensaje claro tambi\u00e9n a quienes hab\u00edan criticado su tibieza en asuntos pol\u00edticos, en contraste con hace unos a\u00f1os, cuando no tuvo reparos en insultar a Vox a trav\u00e9s de su cuenta de Twitter. M\u00e1s all\u00e1 de esa pol\u00e9mica, su actuaci\u00f3n fue el broche a una campa\u00f1a internacional que quer\u00eda denunciar la situaci\u00f3n de Palestina y recoger fondos para su poblaci\u00f3n.<\/p>\n\n\n\n<p>El concierto estuvo precedido por varios actos, tambi\u00e9n en el Palau Sant Jordi, en los que participaron el int\u00e9rprete y fixer gazat\u00ed Kayed Hammad, en conversaci\u00f3n con el actor Eduard Fern\u00e1ndez, o el entrenador de f\u00fatbol Pep Guardiola. Los asistentes al Palau Sant Jordi se volcaron desde el primer minuto con la m\u00fasica que ofrece un nutrido cartel, en el que tambi\u00e9n est\u00e1n Yeray Cort\u00e9s, Morad, Guillem Gisbert o Mushka.<\/p>\n\n\n\n<p>Desde el principio, el p\u00fablico se entreg\u00f3 a un concierto que hab\u00eda sido concebido como un gran manifiesto de apoyo al pueblo palestino. Apenas unas horas antes de conocerse todo el cartel, la organizaci\u00f3n hab\u00eda colgado ya el&nbsp;<em>sold out<\/em>&nbsp;al que la ciudad se ha acostumbrado por los conciertos de grandes estrellas.<\/p>\n\n\n\n<p>Por la tarde, la playa de la capital catalana hab\u00eda acogido un homenaje a&nbsp;<a href=\"https:\/\/elpais.com\/internacional\/2024-02-11\/hind-rajab-la-nina-de-gaza-que-murio-rogando-ayuda-durante-horas-rodeada-de-cadaveres.html\">Hind Rajab, la ni\u00f1a palestina de cinco a\u00f1os asesinada en Gaza hace dos a\u00f1os<\/a>, un caso que recorri\u00f3 medio mundo tras difundirse&nbsp;<a href=\"https:\/\/elpais.com\/internacional\/2024-01-24\/las-vidas-destrozadas-por-la-ofensiva-israeli-en-gaza.html#?rel=mas\">su \u00faltima llamada pidiendo auxilio mientras esperaba una ambulancia que nunca lleg\u00f3<\/a>. En el aniversario de su muerte, alrededor de 200 personas se han reunido frente al mar en una acci\u00f3n organizada por la organizaci\u00f3n social Avaaz, que ha incluido el despliegue de una lona de unos 1.000 metros cuadrados con el retrato de la menor y la presencia de su madre, Wesam Hamada. Seg\u00fan la organizaci\u00f3n, el objetivo era reclamar protecci\u00f3n para la infancia palestina y exigir rendici\u00f3n de cuentas, en un momento en el que la historia de Hind ha trascendido tambi\u00e9n al \u00e1mbito cultural con la pel\u00edcula<a href=\"https:\/\/elpais.com\/cultura\/cine\/2025-11-28\/la-voz-de-hind-una-nina-pide-que-la-salven-y-escuchamos-su-voz.html\">&nbsp;<em>La voz de Hind Rajab<\/em><\/a><em>,<\/em>&nbsp;nominada al Oscar.<\/p>\n\n\n\n<p>En uno de los pocos d\u00edas soleados de la semana, los asistentes se concentraron durante toda la tarde bajo consignas como \u201cGaza no est\u00e1 sola\u201d o \u201cBoicot a Israel\u201d. Al son de m\u00fasica palestina, un grupo de activistas ha sostenido durante casi una hora la lona (de unos 50 metros de largo por 20 de ancho) con el rostro de la ni\u00f1a, frente al Mediterr\u00e1neo. \u201cElegimos Barcelona porque es una ciudad representativa, que&nbsp;<a href=\"https:\/\/elpais.com\/espana\/catalunya\/2026-01-28\/jaume-collboni-insiste-en-que-quiere-visitar-las-ciudades-de-palestina-con-las-que-barcelona-coopera.html\">hist\u00f3ricamente siempre ha estado al lado del pueblo palestino<\/a>. Adem\u00e1s, a Hind le encantaba el mar y el Mediterr\u00e1neo, y queremos lanzar un mensaje al otro lado\u201d, ha explicado Patricia L\u00f3pez, portavoz de Avaaz.<\/p>\n\n\n\n<figure class=\"wp-block-image size-large\"><img decoding=\"async\" width=\"1024\" height=\"683\" src=\"https:\/\/losperiodistas.com.mx\/portal\/wp-content\/uploads\/2026\/01\/FHC467SH3ROUHI2OE6SBXVM45M-1024x683.avif\" alt=\"\" class=\"wp-image-115651\" srcset=\"https:\/\/losperiodistas.com.mx\/portal\/wp-content\/uploads\/2026\/01\/FHC467SH3ROUHI2OE6SBXVM45M-1024x683.avif 1024w, https:\/\/losperiodistas.com.mx\/portal\/wp-content\/uploads\/2026\/01\/FHC467SH3ROUHI2OE6SBXVM45M-300x200.avif 300w, https:\/\/losperiodistas.com.mx\/portal\/wp-content\/uploads\/2026\/01\/FHC467SH3ROUHI2OE6SBXVM45M-768x512.avif 768w, https:\/\/losperiodistas.com.mx\/portal\/wp-content\/uploads\/2026\/01\/FHC467SH3ROUHI2OE6SBXVM45M-1536x1024.avif 1536w, https:\/\/losperiodistas.com.mx\/portal\/wp-content\/uploads\/2026\/01\/FHC467SH3ROUHI2OE6SBXVM45M.avif 1960w\" sizes=\"(max-width: 1024px) 100vw, 1024px\" \/><figcaption class=\"wp-element-caption\">Despliegue de una lona de 1.000m2 con el retrato de la ni\u00f1a fallecida en Gaza, a 29 de enero de 2026, en Barcelona.Kike Rinc\u00f3n (Europa Press)<\/figcaption><\/figure>\n\n\n\n<p>L\u00f3pez insiste en que el homenaje no miraba solo al pasado tr\u00e1gico de Hind. \u201cEstamos perdiendo para el resto de los ni\u00f1os palestinos una respuesta.<a href=\"https:\/\/elpais.com\/videos\/2025-09-04\/la-voz-de-hind-una-pelicula-sobre-una-nina-palestina-asesinada-por-israel-en-2024-recibe-24-minutos-de-ovacion-en-el-festival-de-venecia.html\">&nbsp;No supimos responder al pedido de Hind hace dos a\u00f1os<\/a>. Supuestamente estamos bajo un alto el fuego que sabemos que no se est\u00e1 produciendo\u201d, ha afirmado. Tras el despliegue de la lona, los portavoces de Avaaz y la madre de Hind han tomado la palabra. El momento m\u00e1s contenido ha llegado cuando&nbsp;<a href=\"https:\/\/elpais.com\/elpais\/2018\/08\/09\/planeta_futuro\/1533825831_036243.html\">Wesam Hamada<\/a>&nbsp;ha recitado un poema en ingl\u00e9s, reproducido despu\u00e9s en catal\u00e1n, en el que ha agradecido el apoyo recibido y subrayado que su hija \u201cno era solo una ni\u00f1a, era un testimonio\u201d. \u201cNo estoy aqu\u00ed para pronunciar un discurso, soy la voz de las personas que no pueden gritar. Soy representante de todo el pueblo palestino\u201d, ha se\u00f1alado. Al fondo, una decena de ni\u00f1os sosten\u00eda dibujos de ni\u00f1os palestinos.<\/p>\n\n\n\n<figure class=\"wp-block-image size-large\"><img decoding=\"async\" width=\"1024\" height=\"683\" src=\"https:\/\/losperiodistas.com.mx\/portal\/wp-content\/uploads\/2026\/01\/DCCORKS74VKIXL533XBOWNCO6I-1024x683.avif\" alt=\"\" class=\"wp-image-115652\" srcset=\"https:\/\/losperiodistas.com.mx\/portal\/wp-content\/uploads\/2026\/01\/DCCORKS74VKIXL533XBOWNCO6I-1024x683.avif 1024w, https:\/\/losperiodistas.com.mx\/portal\/wp-content\/uploads\/2026\/01\/DCCORKS74VKIXL533XBOWNCO6I-300x200.avif 300w, https:\/\/losperiodistas.com.mx\/portal\/wp-content\/uploads\/2026\/01\/DCCORKS74VKIXL533XBOWNCO6I-768x512.avif 768w, https:\/\/losperiodistas.com.mx\/portal\/wp-content\/uploads\/2026\/01\/DCCORKS74VKIXL533XBOWNCO6I-1536x1024.avif 1536w, https:\/\/losperiodistas.com.mx\/portal\/wp-content\/uploads\/2026\/01\/DCCORKS74VKIXL533XBOWNCO6I.avif 1960w\" sizes=\"(max-width: 1024px) 100vw, 1024px\" \/><figcaption class=\"wp-element-caption\">Wissam Hamada, la madre de Hind Rajab, participa en el despliegue de una lona de 1.000m2 con el retrato de la ni\u00f1a fallecida en Gaza, en Barcelona.Kike Rinc\u00f3n (Europa Press)<\/figcaption><\/figure>\n\n\n\n<p>Entre los participantes hab\u00eda perfiles diversos y de distintas generaciones. Ana, que participa acompa\u00f1ada de su nieta Alba, resum\u00eda as\u00ed su motivaci\u00f3n: \u201cMe apunto a todo lo que sea a favor de Gaza\u201d. A su alrededor, varias familias segu\u00edan el acto mientras algunos ni\u00f1os sosten\u00edan dibujos realizados por menores palestinos.<\/p>\n\n\n\n<p>En el acto tambi\u00e9n ha intervenido&nbsp;<a href=\"https:\/\/elpais.com\/internacional\/2025-07-31\/medicos-europeos-tras-abandonar-gaza-los-animales-tienen-mas-derechos-en-el-reino-unido-que-los-palestinos-en-su-tierra.html\">el cirujano traumat\u00f3logo brit\u00e1nico Graeme Groom<\/a>, que ha trabajado en m\u00e1s de 40 misiones en Gaza. \u201cNo podemos olvidarnos del resto de v\u00edctimas que a\u00fan hay en Gaza\u201d, ha advertido. Groom ha relatado haber presenciado escenas de m\u00faltiples cad\u00e1veres y ha narrado distintas situaciones marcada por la escasez que, seg\u00fan \u00e9l, a\u00fan persisten. \u201cAhora estamos en un supuesto alto el fuego, pero sigue faltando m\u00e9dicos, comida y todo tipo de recurso b\u00e1sico\u201d, ha se\u00f1alado. Su ilusi\u00f3n, ha declarado, es que la vida cotidiana vuelva para los ni\u00f1os:\u201cQueremos que su rutina est\u00e9 marcada por el ruido de la salida del colegio y no por el de las bombas\u201d.<\/p>\n\n\n\n<p>El acto se ha cerrado con la intervenci\u00f3n de Alex, un ni\u00f1o de ocho a\u00f1os, que ha tomado el micr\u00f3fono para lanzar un mensaje a los adultos: \u201cNo dejen de hablar de Palestina, de los ni\u00f1os y las ni\u00f1as de Gaza. La diferencia entre ellos y yo es que vivimos en pa\u00edses diferentes\u201d.<\/p>\n\n\n\n<p>Fuente: <a href=\"https:\/\/elpais.com\/espana\/catalunya\/2026-01-29\/barcelona-vibra-con-el-concierto-por-palestina-amaia-bad-gyal-o-oques-grasses-llenan-el-sant-jordi.html\">https:\/\/elpais.com\/espana\/catalunya\/2026-01-29\/barcelona-vibra-con-el-concierto-por-palestina-amaia-bad-gyal-o-oques-grasses-llenan-el-sant-jordi.html<\/a><\/p>\n","protected":false},"excerpt":{"rendered":"<p>Amaia, Bad Gyal o Oques Grasses, entre otros, llenan el Sant Jordi en un evento que es el colof\u00f3n de [&hellip;]<\/p>\n","protected":false},"author":1,"featured_media":115650,"comment_status":"open","ping_status":"open","sticky":false,"template":"","format":"standard","meta":{"site-sidebar-layout":"default","site-content-layout":"","ast-site-content-layout":"default","site-content-style":"default","site-sidebar-style":"default","ast-global-header-display":"","ast-banner-title-visibility":"","ast-main-header-display":"","ast-hfb-above-header-display":"","ast-hfb-below-header-display":"","ast-hfb-mobile-header-display":"","site-post-title":"","ast-breadcrumbs-content":"","ast-featured-img":"","footer-sml-layout":"","theme-transparent-header-meta":"","adv-header-id-meta":"","stick-header-meta":"","header-above-stick-meta":"","header-main-stick-meta":"","header-below-stick-meta":"","astra-migrate-meta-layouts":"default","ast-page-background-enabled":"default","ast-page-background-meta":{"desktop":{"background-color":"var(--ast-global-color-4)","background-image":"","background-repeat":"repeat","background-position":"center center","background-size":"auto","background-attachment":"scroll","background-type":"","background-media":"","overlay-type":"","overlay-color":"","overlay-opacity":"","overlay-gradient":""},"tablet":{"background-color":"","background-image":"","background-repeat":"repeat","background-position":"center center","background-size":"auto","background-attachment":"scroll","background-type":"","background-media":"","overlay-type":"","overlay-color":"","overlay-opacity":"","overlay-gradient":""},"mobile":{"background-color":"","background-image":"","background-repeat":"repeat","background-position":"center center","background-size":"auto","background-attachment":"scroll","background-type":"","background-media":"","overlay-type":"","overlay-color":"","overlay-opacity":"","overlay-gradient":""}},"ast-content-background-meta":{"desktop":{"background-color":"var(--ast-global-color-5)","background-image":"","background-repeat":"repeat","background-position":"center center","background-size":"auto","background-attachment":"scroll","background-type":"","background-media":"","overlay-type":"","overlay-color":"","overlay-opacity":"","overlay-gradient":""},"tablet":{"background-color":"var(--ast-global-color-5)","background-image":"","background-repeat":"repeat","background-position":"center center","background-size":"auto","background-attachment":"scroll","background-type":"","background-media":"","overlay-type":"","overlay-color":"","overlay-opacity":"","overlay-gradient":""},"mobile":{"background-color":"var(--ast-global-color-5)","background-image":"","background-repeat":"repeat","background-position":"center center","background-size":"auto","background-attachment":"scroll","background-type":"","background-media":"","overlay-type":"","overlay-color":"","overlay-opacity":"","overlay-gradient":""}},"footnotes":""},"categories":[8],"tags":[45780],"class_list":["post-115649","post","type-post","status-publish","format-standard","has-post-thumbnail","hentry","category-noticias","tag-rosalia-por-palestina"],"_links":{"self":[{"href":"https:\/\/losperiodistas.com.mx\/portal\/wp-json\/wp\/v2\/posts\/115649","targetHints":{"allow":["GET"]}}],"collection":[{"href":"https:\/\/losperiodistas.com.mx\/portal\/wp-json\/wp\/v2\/posts"}],"about":[{"href":"https:\/\/losperiodistas.com.mx\/portal\/wp-json\/wp\/v2\/types\/post"}],"author":[{"embeddable":true,"href":"https:\/\/losperiodistas.com.mx\/portal\/wp-json\/wp\/v2\/users\/1"}],"replies":[{"embeddable":true,"href":"https:\/\/losperiodistas.com.mx\/portal\/wp-json\/wp\/v2\/comments?post=115649"}],"version-history":[{"count":1,"href":"https:\/\/losperiodistas.com.mx\/portal\/wp-json\/wp\/v2\/posts\/115649\/revisions"}],"predecessor-version":[{"id":115653,"href":"https:\/\/losperiodistas.com.mx\/portal\/wp-json\/wp\/v2\/posts\/115649\/revisions\/115653"}],"wp:featuredmedia":[{"embeddable":true,"href":"https:\/\/losperiodistas.com.mx\/portal\/wp-json\/wp\/v2\/media\/115650"}],"wp:attachment":[{"href":"https:\/\/losperiodistas.com.mx\/portal\/wp-json\/wp\/v2\/media?parent=115649"}],"wp:term":[{"taxonomy":"category","embeddable":true,"href":"https:\/\/losperiodistas.com.mx\/portal\/wp-json\/wp\/v2\/categories?post=115649"},{"taxonomy":"post_tag","embeddable":true,"href":"https:\/\/losperiodistas.com.mx\/portal\/wp-json\/wp\/v2\/tags?post=115649"}],"curies":[{"name":"wp","href":"https:\/\/api.w.org\/{rel}","templated":true}]}}