{"id":115646,"date":"2026-01-29T21:59:20","date_gmt":"2026-01-30T03:59:20","guid":{"rendered":"https:\/\/losperiodistas.com.mx\/portal\/?p=115646"},"modified":"2026-01-29T21:59:21","modified_gmt":"2026-01-30T03:59:21","slug":"trump-declara-una-emergencia-nacional-sobre-cuba-y-anuncia-aranceles-para-los-paises-que-le-vendan-petroleo-el-pais","status":"publish","type":"post","link":"https:\/\/losperiodistas.com.mx\/portal\/trump-declara-una-emergencia-nacional-sobre-cuba-y-anuncia-aranceles-para-los-paises-que-le-vendan-petroleo-el-pais\/","title":{"rendered":"Trump declara una \u201cemergencia nacional\u201d sobre Cuba y anuncia aranceles para los pa\u00edses que le vendan petr\u00f3leo | El Pa\u00eds"},"content":{"rendered":"\n<p>Una orden ejecutiva declara que \u201cla situaci\u00f3n con respecto a Cuba representa una amenaza extraordinaria e inusual\u201d<\/p>\n\n\n\n<figure class=\"wp-block-image size-large\"><img fetchpriority=\"high\" decoding=\"async\" width=\"1024\" height=\"682\" src=\"https:\/\/losperiodistas.com.mx\/portal\/wp-content\/uploads\/2026\/01\/TrumpCuba-1024x682.png\" alt=\"\" class=\"wp-image-115647\" srcset=\"https:\/\/losperiodistas.com.mx\/portal\/wp-content\/uploads\/2026\/01\/TrumpCuba-1024x682.png 1024w, https:\/\/losperiodistas.com.mx\/portal\/wp-content\/uploads\/2026\/01\/TrumpCuba-300x200.png 300w, https:\/\/losperiodistas.com.mx\/portal\/wp-content\/uploads\/2026\/01\/TrumpCuba-768x512.png 768w, https:\/\/losperiodistas.com.mx\/portal\/wp-content\/uploads\/2026\/01\/TrumpCuba.png 1193w\" sizes=\"(max-width: 1024px) 100vw, 1024px\" \/><figcaption class=\"wp-element-caption\">El presidente de Estados Unidos, en un acto este jueves en la Casa Blanca AARON SCHWARTZ \/ POOL (EFE)<\/figcaption><\/figure>\n\n\n\n<p class=\"has-vivid-red-color has-text-color has-link-color wp-elements-0f55502da2fb83039f1a75f6d36dda16\">Macarena Vidal Liy \/ El Pa\u00eds<\/p>\n\n\n\n<p>El presidente de Estados Unidos, Donald Trump, aumenta la presi\u00f3n que hab\u00eda anunciado contra Cuba. Y lo hace donde m\u00e1s duele, en el suministro de petr\u00f3leo, despu\u00e9s de que se haya cerrado la llave de los barriles que enviaba Venezuela. Una orden ejecutiva dada a conocer por la Casa Blanca este jueves y firmada por \u00e9l declara una \u201cemergencia nacional\u201d respecto a Cuba y anuncia que impondr\u00e1 aranceles a los pa\u00edses que proporcionen petr\u00f3leo a la isla caribe\u00f1a. Un paso que podr\u00eda afectar a la posibilidad de que M\u00e9xico reanude su suministro a La Habana.<\/p>\n\n\n\n<p>\u201cLas pol\u00edticas, pr\u00e1cticas y acciones del Gobierno de Cuba est\u00e1n dise\u00f1adas para perjudicar a Estados Unidos y apoyar a pa\u00edses hostiles, grupos terroristas transnacionales y agentes malignos que buscan destruir a Estados Unidos\u201d, sostiene la orden ejecutiva. Por ello, asegura, \u201cla situaci\u00f3n con respecto a Cuba representa una amenaza inusual y extraordinaria\u201d contra la seguridad nacional y la pol\u00edtica exterior de Estados Unidos. Por tanto, \u201cdeclaro una emergencia nacional con respecto a esa amenaza\u201d, estipula el presidente estadounidense en el documento.<\/p>\n\n\n\n<p>Para hacer frente a esa amenaza que declara, encuentra \u201cnecesario y apropiado\u201d establecer un sistema de aranceles contra los productos de los pa\u00edses extranjeros que proporcionen \u201cdirecta o indirectamente\u201d cualquier tipo de petr\u00f3leo a Cuba.<\/p>\n\n\n\n<p>M\u00e9xico se ha convertido en el principal proveedor de crudo de Cuba tras la intervenci\u00f3n de Estados Unidos en Venezuela, informa&nbsp;<strong>Sonia Corona&nbsp;<\/strong>desde M\u00e9xico. La presidenta mexicana, Claudia Sheinbaum, ha argumentado que los cargamentos de petr\u00f3leo que env\u00eda su gobierno son de dos tipos: ayuda humanitaria y contratos celebrados por Pemex, la petrolera estatal, con el r\u00e9gimen cubano. Hasta principios de enero, los buques iban desde las costas del golfo de M\u00e9xico hasta la isla con regularidad. Sin embargo, Pemex suspendi\u00f3 desde mitad de mes el env\u00edo de buques petroleros a La Habana.<\/p>\n\n\n\n<p>Sheinbaum ha asegurado en varias ocasiones que la ayuda humanitaria en hidrocarburos seguir\u00e1 y tras una llamada con Trump este jueves neg\u00f3 que el asunto fuese parte de la conversaci\u00f3n. La petrolera mexicana estim\u00f3 en su \u00faltimo reporte \u2014publicado en diciembre\u2014 que en los primeros nueve meses de 2025 M\u00e9xico export\u00f3 17.200 barriles de crudo al d\u00eda, lo que representa un 3,3% de sus env\u00edos al exterior.<\/p>\n\n\n\n<p>Seg\u00fan un c\u00e1lculo del&nbsp;<em>Financial Times<\/em>, Cuba tiene suficiente petr\u00f3leo para los pr\u00f3ximos 15 a 20 d\u00edas. Venezuela proporcionaba en promedio unos 46.500 barriles diarios a la isla antes de la intervenci\u00f3n de Estados Unidos. M\u00e9xico entregaba en promedio 17.200 barriles al d\u00eda que dejaron de llegar a principios de enero, apenas unos d\u00edas despu\u00e9s de la incursi\u00f3n estadounidense en Caracas. Otros proveedores de crudo son Rusia, que envi\u00f3 su \u00faltimo buque en octubre, y Argelia, que no ha vuelto a llevar un carguero desde febrero pasado, seg\u00fan la misma fuente.<\/p>\n\n\n\n<p>Desde la operaci\u00f3n militar estadounidense que captur\u00f3 al presidente venezolano, Nicol\u00e1s Maduro, y su esposa, Cilia Flores, en Caracas el pasado d\u00eda 3, un Trump envalentonado por su \u00e9xito ha empleado una ret\u00f3rica cada vez m\u00e1s agresiva contra el r\u00e9gimen cubano, del que asegura que \u201cva a caer pronto\u201d.<\/p>\n\n\n\n<p>Este martes, en declaraciones antes de viajar a Iowa para pronunciar un discurso econ\u00f3mico, aseguraba a los periodistas que la isla \u201ces una naci\u00f3n que est\u00e1 al borde del colapso\u201d.<\/p>\n\n\n\n<p>En paralelo, el secretario de Estado, Marco Rubio, apuntaba el mi\u00e9rcoles en una comparecencia ante el Comit\u00e9 de Relaciones Exteriores en el Senado que Washington no trata de forzar un cambio de r\u00e9gimen en La Habana. Al menos, no directamente. \u201cNos gustar\u00eda, pero eso no significa que vayamos a provocar un cambio, aunque nos encantar\u00eda verlo. No cabe duda de que ser\u00eda un gran beneficio para Estados Unidos que Cuba dejara de estar gobernada por un r\u00e9gimen autocr\u00e1tico\u201d, sostuvo.<\/p>\n\n\n\n<p>Fuente: <a href=\"https:\/\/elpais.com\/internacional\/2026-01-29\/trump-declara-una-emergencia-nacional-respecto-a-cuba-y-anuncia-aranceles-para-los-paises-que-le-vendan-petroleo.html\" target=\"_blank\" rel=\"noreferrer noopener\">El Pa\u00eds<\/a><\/p>\n","protected":false},"excerpt":{"rendered":"<p>Una orden ejecutiva declara que \u201cla situaci\u00f3n con respecto a Cuba representa una amenaza extraordinaria e inusual\u201d<\/p>\n","protected":false},"author":1,"featured_media":115647,"comment_status":"open","ping_status":"open","sticky":false,"template":"","format":"standard","meta":{"site-sidebar-layout":"default","site-content-layout":"","ast-site-content-layout":"default","site-content-style":"default","site-sidebar-style":"default","ast-global-header-display":"","ast-banner-title-visibility":"","ast-main-header-display":"","ast-hfb-above-header-display":"","ast-hfb-below-header-display":"","ast-hfb-mobile-header-display":"","site-post-title":"","ast-breadcrumbs-content":"","ast-featured-img":"","footer-sml-layout":"","theme-transparent-header-meta":"","adv-header-id-meta":"","stick-header-meta":"","header-above-stick-meta":"","header-main-stick-meta":"","header-below-stick-meta":"","astra-migrate-meta-layouts":"default","ast-page-background-enabled":"default","ast-page-background-meta":{"desktop":{"background-color":"var(--ast-global-color-4)","background-image":"","background-repeat":"repeat","background-position":"center center","background-size":"auto","background-attachment":"scroll","background-type":"","background-media":"","overlay-type":"","overlay-color":"","overlay-opacity":"","overlay-gradient":""},"tablet":{"background-color":"","background-image":"","background-repeat":"repeat","background-position":"center center","background-size":"auto","background-attachment":"scroll","background-type":"","background-media":"","overlay-type":"","overlay-color":"","overlay-opacity":"","overlay-gradient":""},"mobile":{"background-color":"","background-image":"","background-repeat":"repeat","background-position":"center center","background-size":"auto","background-attachment":"scroll","background-type":"","background-media":"","overlay-type":"","overlay-color":"","overlay-opacity":"","overlay-gradient":""}},"ast-content-background-meta":{"desktop":{"background-color":"var(--ast-global-color-5)","background-image":"","background-repeat":"repeat","background-position":"center center","background-size":"auto","background-attachment":"scroll","background-type":"","background-media":"","overlay-type":"","overlay-color":"","overlay-opacity":"","overlay-gradient":""},"tablet":{"background-color":"var(--ast-global-color-5)","background-image":"","background-repeat":"repeat","background-position":"center center","background-size":"auto","background-attachment":"scroll","background-type":"","background-media":"","overlay-type":"","overlay-color":"","overlay-opacity":"","overlay-gradient":""},"mobile":{"background-color":"var(--ast-global-color-5)","background-image":"","background-repeat":"repeat","background-position":"center center","background-size":"auto","background-attachment":"scroll","background-type":"","background-media":"","overlay-type":"","overlay-color":"","overlay-opacity":"","overlay-gradient":""}},"footnotes":""},"categories":[8],"tags":[17118,2844,45779,10989],"class_list":["post-115646","post","type-post","status-publish","format-standard","has-post-thumbnail","hentry","category-noticias","tag-aranceles","tag-cuba","tag-emergencia-nacional","tag-trump"],"_links":{"self":[{"href":"https:\/\/losperiodistas.com.mx\/portal\/wp-json\/wp\/v2\/posts\/115646","targetHints":{"allow":["GET"]}}],"collection":[{"href":"https:\/\/losperiodistas.com.mx\/portal\/wp-json\/wp\/v2\/posts"}],"about":[{"href":"https:\/\/losperiodistas.com.mx\/portal\/wp-json\/wp\/v2\/types\/post"}],"author":[{"embeddable":true,"href":"https:\/\/losperiodistas.com.mx\/portal\/wp-json\/wp\/v2\/users\/1"}],"replies":[{"embeddable":true,"href":"https:\/\/losperiodistas.com.mx\/portal\/wp-json\/wp\/v2\/comments?post=115646"}],"version-history":[{"count":1,"href":"https:\/\/losperiodistas.com.mx\/portal\/wp-json\/wp\/v2\/posts\/115646\/revisions"}],"predecessor-version":[{"id":115648,"href":"https:\/\/losperiodistas.com.mx\/portal\/wp-json\/wp\/v2\/posts\/115646\/revisions\/115648"}],"wp:featuredmedia":[{"embeddable":true,"href":"https:\/\/losperiodistas.com.mx\/portal\/wp-json\/wp\/v2\/media\/115647"}],"wp:attachment":[{"href":"https:\/\/losperiodistas.com.mx\/portal\/wp-json\/wp\/v2\/media?parent=115646"}],"wp:term":[{"taxonomy":"category","embeddable":true,"href":"https:\/\/losperiodistas.com.mx\/portal\/wp-json\/wp\/v2\/categories?post=115646"},{"taxonomy":"post_tag","embeddable":true,"href":"https:\/\/losperiodistas.com.mx\/portal\/wp-json\/wp\/v2\/tags?post=115646"}],"curies":[{"name":"wp","href":"https:\/\/api.w.org\/{rel}","templated":true}]}}