{"id":115643,"date":"2026-01-29T21:52:34","date_gmt":"2026-01-30T03:52:34","guid":{"rendered":"https:\/\/losperiodistas.com.mx\/portal\/?p=115643"},"modified":"2026-01-29T21:52:35","modified_gmt":"2026-01-30T03:52:35","slug":"grupo-salinas-concluye-pagos-a-hacienda-ef","status":"publish","type":"post","link":"https:\/\/losperiodistas.com.mx\/portal\/grupo-salinas-concluye-pagos-a-hacienda-ef\/","title":{"rendered":"Grupo Salinas concluye pagos a Hacienda | EF"},"content":{"rendered":"\n<p>La empresa afirm\u00f3 que ya cubri\u00f3 todas las exigencias del fisco.<\/p>\n\n\n\n<figure class=\"wp-block-image size-large\"><img fetchpriority=\"high\" decoding=\"async\" width=\"1024\" height=\"576\" src=\"https:\/\/losperiodistas.com.mx\/portal\/wp-content\/uploads\/2026\/01\/Ricardo-Salinas-1024x576.png\" alt=\"\" class=\"wp-image-115644\" srcset=\"https:\/\/losperiodistas.com.mx\/portal\/wp-content\/uploads\/2026\/01\/Ricardo-Salinas-1024x576.png 1024w, https:\/\/losperiodistas.com.mx\/portal\/wp-content\/uploads\/2026\/01\/Ricardo-Salinas-300x169.png 300w, https:\/\/losperiodistas.com.mx\/portal\/wp-content\/uploads\/2026\/01\/Ricardo-Salinas-768x432.png 768w, https:\/\/losperiodistas.com.mx\/portal\/wp-content\/uploads\/2026\/01\/Ricardo-Salinas.png 1358w\" sizes=\"(max-width: 1024px) 100vw, 1024px\" \/><figcaption class=\"wp-element-caption\">Grupo Salinas inform\u00f3 que concluy\u00f3 con la totalidad de los litigios fiscales que manten\u00eda con el gobierno de M\u00e9xico. (Foto: Cuartoscuro) (Edgar Negrete Lira) <\/figcaption><\/figure>\n\n\n\n<p class=\"has-vivid-red-color has-text-color has-link-color wp-elements-8413585203334c2e0c2e492f34b4ef07\">Christopher Calder\u00f3n \/ El Financiero<\/p>\n\n\n\n<p><strong>Grupo Salinas<\/strong> inform\u00f3 que concluy\u00f3 con la totalidad de los litigios fiscales que manten\u00eda con el gobierno de M\u00e9xico, luego de realizar un pago adicional que, seg\u00fan la empresa, cubre por completo los <strong>montos exigidos por la autoridad tributaria<\/strong> y pone fin a una disputa que se prolong\u00f3 por casi 20 a\u00f1os.<\/p>\n\n\n\n<p>La compa\u00f1\u00eda no detall\u00f3 el monto, pero la Secretar\u00eda de Hacienda inform\u00f3 que la empresa, de la que no mencion\u00f3 el nombre, pagar\u00e1 <strong>32 mil millones de pesos,<\/strong> lo que significa un descuento de<strong> 37 por ciento frente a los 51 mil millones originales<\/strong>.<\/p>\n\n\n\n<p>El <strong>Servicio de Administraci\u00f3n Tributaria<\/strong> (SAT) inform\u00f3 que se logr\u00f3 el compromiso de pago por un total de 32 mil 132 millones 897 mil 658 pesos. De esa cantidad, 10 mil 400 millones 630 mil 537 pesos fueron ingresados el 29 de enero a la Tesorer\u00eda de la Federaci\u00f3n.<\/p>\n\n\n\n<p>\u201cEl monto restante ser\u00e1 cubierto mediante 18 pagos\u201d, precis\u00f3 el <strong>SAT<\/strong> en la tarjeta informativa oficial.<\/p>\n\n\n\n<figure class=\"wp-block-embed is-type-rich is-provider-twitter wp-block-embed-twitter\"><div class=\"wp-block-embed__wrapper\">\n<blockquote class=\"twitter-tweet\" data-width=\"500\" data-dnt=\"true\"><p lang=\"zxx\" dir=\"ltr\"><a href=\"https:\/\/t.co\/yKZi8kYMgY\">pic.twitter.com\/yKZi8kYMgY<\/a><\/p>&mdash; SATMX (@SATMX) <a href=\"https:\/\/twitter.com\/SATMX\/status\/2017018141155422376?ref_src=twsrc%5Etfw\">January 29, 2026<\/a><\/blockquote><script async src=\"https:\/\/platform.twitter.com\/widgets.js\" charset=\"utf-8\"><\/script>\n<\/div><\/figure>\n\n\n\n<p>Por su parte, <strong>Grupo Salinas<\/strong> se\u00f1al\u00f3 que, aun cuando mantiene desacuerdos de fondo sobre los criterios fiscales aplicados, opt\u00f3 por cerrar los procesos para terminar con la controversia y reorientar recursos y atenci\u00f3n a sus operaciones. Indic\u00f3 que la decisi\u00f3n busca dar certidumbre jur\u00eddica y operativa a sus negocios.<\/p>\n\n\n\n<p>\u201cSiempre lo hemos dicho y hoy lo reiteramos: Grupo Salinas y su presidente fundador, Ricardo Benjam\u00edn Salinas Pliego, cumplen, y siempre han cumplido, con el pago de impuestos. En los \u00faltimos 20 a\u00f1os, nuestras empresas han pagado m\u00e1s de 300 mil millones de pesos en obligaciones fiscales\u201d, afirm\u00f3 en el comunicado Luciano Pascoe, director general de Noticias y Comunicaci\u00f3n de <strong>Grupo Salinas.<\/strong><\/p>\n\n\n\n<figure class=\"wp-block-embed is-type-rich is-provider-twitter wp-block-embed-twitter\"><div class=\"wp-block-embed__wrapper\">\n<blockquote class=\"twitter-tweet\" data-width=\"500\" data-dnt=\"true\"><p lang=\"es\" dir=\"ltr\">Tras m\u00e1s de 20 a\u00f1os de controversias, y a pesar de estar en desacuerdo, las empresas de <a href=\"https:\/\/twitter.com\/hashtag\/GrupoSalinas?src=hash&amp;ref_src=twsrc%5Etfw\">#GrupoSalinas<\/a> concluyen sus litigios fiscales con el gobierno de M\u00e9xico. A partir de ahora, no debemos nada al gobierno.<br><br>Lo hacemos porque es momento de dar vuelta a la p\u00e1gina, de poner fin a\u2026 <a href=\"https:\/\/t.co\/UGywFEJZaV\">pic.twitter.com\/UGywFEJZaV<\/a><\/p>&mdash; Grupo Salinas (@gruposalinas) <a href=\"https:\/\/twitter.com\/gruposalinas\/status\/2017018638440521944?ref_src=twsrc%5Etfw\">January 29, 2026<\/a><\/blockquote><script async src=\"https:\/\/platform.twitter.com\/widgets.js\" charset=\"utf-8\"><\/script>\n<\/div><\/figure>\n\n\n\n<p>El<strong> grupo empresarial <\/strong>expuso que el pago realizado rebasa incluso los par\u00e1metros de acuerdos previos alcanzados en 2024 y que, con ello, considera totalmente finiquitados los <strong>reclamos fiscales<\/strong> que estaban en disputa con la autoridad hacendaria.<\/p>\n\n\n\n<p>\u201cCon este pago <em>-que trasciende los l\u00edmites de los <strong>acuerdos originalmente pactados en 2024<\/strong>&#8211;<\/em> habremos cubierto absolutamente todo lo que el Fisco exigi\u00f3 en este largo litigio. A partir de ahora, no debemos nada al gobierno, por ning\u00fan concepto\u201d.<\/p>\n\n\n\n<p>Cabe destacar que la presidenta Claudia Sheinbaum confirm\u00f3 esta semana que <strong>Grupo Salinas sosten\u00eda mesas de trabajo con el Servicio de Administraci\u00f3n Tributaria<\/strong> (SAT) para definir el esquema y monto por cubrir respecto a los cr\u00e9ditos fiscales determinados.<\/p>\n\n\n\n<p>Fuente: <a href=\"https:\/\/www.elfinanciero.com.mx\/empresas\/2026\/01\/29\/grupo-salinas-concluye-pagos-a-hacienda\/\" target=\"_blank\" rel=\"noreferrer noopener\">El Financiero<\/a><\/p>\n\n\n\n<p><\/p>\n","protected":false},"excerpt":{"rendered":"<p>La empresa afirm\u00f3 que ya cubri\u00f3 todas las exigencias del fisco. <\/p>\n","protected":false},"author":1,"featured_media":115644,"comment_status":"open","ping_status":"open","sticky":false,"template":"","format":"standard","meta":{"site-sidebar-layout":"default","site-content-layout":"","ast-site-content-layout":"default","site-content-style":"default","site-sidebar-style":"default","ast-global-header-display":"","ast-banner-title-visibility":"","ast-main-header-display":"","ast-hfb-above-header-display":"","ast-hfb-below-header-display":"","ast-hfb-mobile-header-display":"","site-post-title":"","ast-breadcrumbs-content":"","ast-featured-img":"","footer-sml-layout":"","theme-transparent-header-meta":"","adv-header-id-meta":"","stick-header-meta":"","header-above-stick-meta":"","header-main-stick-meta":"","header-below-stick-meta":"","astra-migrate-meta-layouts":"default","ast-page-background-enabled":"default","ast-page-background-meta":{"desktop":{"background-color":"var(--ast-global-color-4)","background-image":"","background-repeat":"repeat","background-position":"center center","background-size":"auto","background-attachment":"scroll","background-type":"","background-media":"","overlay-type":"","overlay-color":"","overlay-opacity":"","overlay-gradient":""},"tablet":{"background-color":"","background-image":"","background-repeat":"repeat","background-position":"center center","background-size":"auto","background-attachment":"scroll","background-type":"","background-media":"","overlay-type":"","overlay-color":"","overlay-opacity":"","overlay-gradient":""},"mobile":{"background-color":"","background-image":"","background-repeat":"repeat","background-position":"center center","background-size":"auto","background-attachment":"scroll","background-type":"","background-media":"","overlay-type":"","overlay-color":"","overlay-opacity":"","overlay-gradient":""}},"ast-content-background-meta":{"desktop":{"background-color":"var(--ast-global-color-5)","background-image":"","background-repeat":"repeat","background-position":"center center","background-size":"auto","background-attachment":"scroll","background-type":"","background-media":"","overlay-type":"","overlay-color":"","overlay-opacity":"","overlay-gradient":""},"tablet":{"background-color":"var(--ast-global-color-5)","background-image":"","background-repeat":"repeat","background-position":"center center","background-size":"auto","background-attachment":"scroll","background-type":"","background-media":"","overlay-type":"","overlay-color":"","overlay-opacity":"","overlay-gradient":""},"mobile":{"background-color":"var(--ast-global-color-5)","background-image":"","background-repeat":"repeat","background-position":"center center","background-size":"auto","background-attachment":"scroll","background-type":"","background-media":"","overlay-type":"","overlay-color":"","overlay-opacity":"","overlay-gradient":""}},"footnotes":""},"categories":[8],"tags":[23639,943,2759],"class_list":["post-115643","post","type-post","status-publish","format-standard","has-post-thumbnail","hentry","category-noticias","tag-grupo-salinas","tag-ricardo-salinas-pliego","tag-sat"],"_links":{"self":[{"href":"https:\/\/losperiodistas.com.mx\/portal\/wp-json\/wp\/v2\/posts\/115643","targetHints":{"allow":["GET"]}}],"collection":[{"href":"https:\/\/losperiodistas.com.mx\/portal\/wp-json\/wp\/v2\/posts"}],"about":[{"href":"https:\/\/losperiodistas.com.mx\/portal\/wp-json\/wp\/v2\/types\/post"}],"author":[{"embeddable":true,"href":"https:\/\/losperiodistas.com.mx\/portal\/wp-json\/wp\/v2\/users\/1"}],"replies":[{"embeddable":true,"href":"https:\/\/losperiodistas.com.mx\/portal\/wp-json\/wp\/v2\/comments?post=115643"}],"version-history":[{"count":1,"href":"https:\/\/losperiodistas.com.mx\/portal\/wp-json\/wp\/v2\/posts\/115643\/revisions"}],"predecessor-version":[{"id":115645,"href":"https:\/\/losperiodistas.com.mx\/portal\/wp-json\/wp\/v2\/posts\/115643\/revisions\/115645"}],"wp:featuredmedia":[{"embeddable":true,"href":"https:\/\/losperiodistas.com.mx\/portal\/wp-json\/wp\/v2\/media\/115644"}],"wp:attachment":[{"href":"https:\/\/losperiodistas.com.mx\/portal\/wp-json\/wp\/v2\/media?parent=115643"}],"wp:term":[{"taxonomy":"category","embeddable":true,"href":"https:\/\/losperiodistas.com.mx\/portal\/wp-json\/wp\/v2\/categories?post=115643"},{"taxonomy":"post_tag","embeddable":true,"href":"https:\/\/losperiodistas.com.mx\/portal\/wp-json\/wp\/v2\/tags?post=115643"}],"curies":[{"name":"wp","href":"https:\/\/api.w.org\/{rel}","templated":true}]}}