{"id":115640,"date":"2026-01-29T21:18:22","date_gmt":"2026-01-30T03:18:22","guid":{"rendered":"https:\/\/losperiodistas.com.mx\/portal\/?p=115640"},"modified":"2026-01-29T21:18:23","modified_gmt":"2026-01-30T03:18:23","slug":"diputados-de-mc-continuan-hospitalizados-sergio-torres-esta-delicado-pero-estable-y-elizabeth-montoya-perdio-un-ojo-el-universal","status":"publish","type":"post","link":"https:\/\/losperiodistas.com.mx\/portal\/diputados-de-mc-continuan-hospitalizados-sergio-torres-esta-delicado-pero-estable-y-elizabeth-montoya-perdio-un-ojo-el-universal\/","title":{"rendered":"Diputados de MC contin\u00faan hospitalizados; Sergio Torres est\u00e1 delicado, pero estable y Elizabeth Montoya perdi\u00f3 un ojo | El Universal"},"content":{"rendered":"\n<p>El dirigente nacional de Movimiento Ciudadano, Jorge \u00c1lvarez M\u00e1ynez inform\u00f3 sobre el estado de salud de los diputados v\u00edctimas de un ataque armado en Culiac\u00e1n<\/p>\n\n\n\n<figure class=\"wp-block-image size-large\"><img fetchpriority=\"high\" decoding=\"async\" width=\"1024\" height=\"700\" src=\"https:\/\/losperiodistas.com.mx\/portal\/wp-content\/uploads\/2026\/01\/imagen-163-1024x700.png\" alt=\"\" class=\"wp-image-115641\" srcset=\"https:\/\/losperiodistas.com.mx\/portal\/wp-content\/uploads\/2026\/01\/imagen-163-1024x700.png 1024w, https:\/\/losperiodistas.com.mx\/portal\/wp-content\/uploads\/2026\/01\/imagen-163-300x205.png 300w, https:\/\/losperiodistas.com.mx\/portal\/wp-content\/uploads\/2026\/01\/imagen-163-768x525.png 768w, https:\/\/losperiodistas.com.mx\/portal\/wp-content\/uploads\/2026\/01\/imagen-163.png 1089w\" sizes=\"(max-width: 1024px) 100vw, 1024px\" \/><figcaption class=\"wp-element-caption\">Atacan a balazos a Sergio Torres F\u00e9lix, l\u00edder estatal, y a Elizabeth Rafaela Montoya Ojeda, diputada de Movimiento Ciudadano en Sinaloa. FOTO:@elizabeth.montoya.7798<\/figcaption><\/figure>\n\n\n\n<p class=\"has-vivid-red-color has-text-color has-link-color wp-elements-fbace7df73405342c2d57f46a64a36b2\">Ariana Paredes \/ El Universal<\/p>\n\n\n\n<p><strong>Jorge \u00c1lvarez M\u00e1ynez<\/strong>, dirigente nacional del partido Movimiento Ciudadano (MC), inform\u00f3 que los diputados\u00a0<strong>Sergio Torres F\u00e9lix<\/strong> y\u00a0<strong>Elizabeth Rafaela Montoya Ojeda<\/strong>, baleados la tarde de ayer en Culiac\u00e1n, se encuentran en el hospital en estado grave, pero estables.<\/p>\n\n\n\n<p>En conferencia de prensa, el dirigente de MC dijo que ambos legisladores fueron intervenidos quir\u00fargicamente y se encuentran en estado delicado, por lo que hay que esperar, para poder dar un diagn\u00f3stico.<\/p>\n\n\n\n<p>\u00abLos dos est\u00e1n hospitalizados de gravedad, los familiares, los m\u00e9dicos est\u00e1n a cargo de sus vidas [&#8230;] nos han comunicado que han sido sometido los dos a procesos de\u00a0<strong>intervenciones quir\u00fargicas<\/strong>, en el caso de Sergio Torres la intervenci\u00f3n quir\u00fargica en quir\u00f3fano fue exitosa y ahorita est\u00e1 en un\u00a0<strong>estado delicado<\/strong>,<strong> pero estable<\/strong>; como ustedes saben, cuando las heridas se dan en la cabeza el cerebro requiere un espacio de 48 horas para emitir un diagn\u00f3stico para poder esperar a que baje la inflamaci\u00f3n y los doctores puedan tener certeza de cu\u00e1l es el estado de salud en la que se encuentra, celebramos que est\u00e9 con vida en estos momentos y que est\u00e9 dando esta batalla.<\/p>\n\n\n\n<p>\u00abEn el caso de nuestra compa\u00f1era Elizabeth Montoya, ha estado consciente, ya ha estado caminando, tambi\u00e9n fue sometida a una intervenci\u00f3n importante,&nbsp;<strong>perdi\u00f3 un ojo<\/strong>, tiene tambi\u00e9n algunas lesiones cerebrales y est\u00e1 siendo atendida, pero ella est\u00e1 fuera de peligro, con lo delicado que implican los cuidados de estas lesiones.<\/p>\n\n\n\n<p>\u00abLos dos acompa\u00f1antes tambi\u00e9n est\u00e1n con vida, como el ataque fue por atr\u00e1s \u2014y nuestros dos compa\u00f1eros iban en el asiento de atr\u00e1s\u2014 fueron los m\u00e1s afectados\u00bb, explic\u00f3 el l\u00edder emecista.<\/p>\n\n\n\n<p>Se\u00f1al\u00f3 que las autoridades de salud de\u00a0<strong>Sinaloa<\/strong> han sido \u00abmuy acomedidas\u00bb y han estado en comunicaci\u00f3n con el Gobierno federal y el gobierno estatal sobre el caso.<\/p>\n\n\n\n<p>Pidi\u00f3 guardar prudencia y\u00a0<strong>no generar especulaciones<\/strong>\u00a0entorno al caso; destac\u00f3 que el secretario de Seguridad,\u00a0<strong>Omar Garc\u00eda Harfuch<\/strong>, asumi\u00f3 el compromiso de iniciar el proceso de investigaci\u00f3n y darle seguimiento, por lo que ha establecido que haya comunicaci\u00f3n de los mecanismo de defensa de v\u00edctimas por los familiares.<\/p>\n\n\n\n<p>\u00abVamos a estar al pendiente de los avances de este tema y que como fuerza pol\u00edtica nos corresponde situar este hecho en el contexto de la situaci\u00f3n que vivimos en el estado mexicano, de&nbsp;<strong>impunidad y seguridad<\/strong>\u00ab<\/p>\n\n\n\n<p>Asegur\u00f3 que Movimiento Ciudadano no politiza ni vulgariza las tragedias como la sucedida con los diputados de la bancada naranja, por eso sus gobiernos locales tienen&nbsp;<strong>estrecha colaboraci\u00f3n&nbsp;<\/strong>con el gobierno federal en materia de seguridad, aunque el enfoque los hace distintos.<\/p>\n\n\n\n<p>Fuente: <a href=\"https:\/\/www.eluniversal.com.mx\/nacion\/diputados-de-mc-baleados-continuan-hospitalizados-sergio-torres-esta-delicado-pero-estable-y-elizabeth-montoya-perdio-un-ojo\/\" target=\"_blank\" rel=\"noreferrer noopener\">El Universal<\/a><\/p>\n","protected":false},"excerpt":{"rendered":"<p>El dirigente nacional de Movimiento Ciudadano, Jorge \u00c1lvarez M\u00e1ynez inform\u00f3 sobre el estado de salud de los diputados v\u00edctimas de un ataque armado en Culiac\u00e1n<\/p>\n","protected":false},"author":1,"featured_media":115641,"comment_status":"open","ping_status":"open","sticky":false,"template":"","format":"standard","meta":{"site-sidebar-layout":"default","site-content-layout":"","ast-site-content-layout":"default","site-content-style":"default","site-sidebar-style":"default","ast-global-header-display":"","ast-banner-title-visibility":"","ast-main-header-display":"","ast-hfb-above-header-display":"","ast-hfb-below-header-display":"","ast-hfb-mobile-header-display":"","site-post-title":"","ast-breadcrumbs-content":"","ast-featured-img":"","footer-sml-layout":"","theme-transparent-header-meta":"","adv-header-id-meta":"","stick-header-meta":"","header-above-stick-meta":"","header-main-stick-meta":"","header-below-stick-meta":"","astra-migrate-meta-layouts":"default","ast-page-background-enabled":"default","ast-page-background-meta":{"desktop":{"background-color":"var(--ast-global-color-4)","background-image":"","background-repeat":"repeat","background-position":"center center","background-size":"auto","background-attachment":"scroll","background-type":"","background-media":"","overlay-type":"","overlay-color":"","overlay-opacity":"","overlay-gradient":""},"tablet":{"background-color":"","background-image":"","background-repeat":"repeat","background-position":"center center","background-size":"auto","background-attachment":"scroll","background-type":"","background-media":"","overlay-type":"","overlay-color":"","overlay-opacity":"","overlay-gradient":""},"mobile":{"background-color":"","background-image":"","background-repeat":"repeat","background-position":"center center","background-size":"auto","background-attachment":"scroll","background-type":"","background-media":"","overlay-type":"","overlay-color":"","overlay-opacity":"","overlay-gradient":""}},"ast-content-background-meta":{"desktop":{"background-color":"var(--ast-global-color-5)","background-image":"","background-repeat":"repeat","background-position":"center center","background-size":"auto","background-attachment":"scroll","background-type":"","background-media":"","overlay-type":"","overlay-color":"","overlay-opacity":"","overlay-gradient":""},"tablet":{"background-color":"var(--ast-global-color-5)","background-image":"","background-repeat":"repeat","background-position":"center center","background-size":"auto","background-attachment":"scroll","background-type":"","background-media":"","overlay-type":"","overlay-color":"","overlay-opacity":"","overlay-gradient":""},"mobile":{"background-color":"var(--ast-global-color-5)","background-image":"","background-repeat":"repeat","background-position":"center center","background-size":"auto","background-attachment":"scroll","background-type":"","background-media":"","overlay-type":"","overlay-color":"","overlay-opacity":"","overlay-gradient":""}},"footnotes":""},"categories":[8],"tags":[5296,45778,45746,33110,3762,2320,45747],"class_list":["post-115640","post","type-post","status-publish","format-standard","has-post-thumbnail","hentry","category-noticias","tag-culiacan","tag-diputados-baleados","tag-elizabeth-montoya","tag-jorge-alvarez-maynez-2","tag-mc","tag-movimiento-ciudadano","tag-sergio-torres"],"_links":{"self":[{"href":"https:\/\/losperiodistas.com.mx\/portal\/wp-json\/wp\/v2\/posts\/115640","targetHints":{"allow":["GET"]}}],"collection":[{"href":"https:\/\/losperiodistas.com.mx\/portal\/wp-json\/wp\/v2\/posts"}],"about":[{"href":"https:\/\/losperiodistas.com.mx\/portal\/wp-json\/wp\/v2\/types\/post"}],"author":[{"embeddable":true,"href":"https:\/\/losperiodistas.com.mx\/portal\/wp-json\/wp\/v2\/users\/1"}],"replies":[{"embeddable":true,"href":"https:\/\/losperiodistas.com.mx\/portal\/wp-json\/wp\/v2\/comments?post=115640"}],"version-history":[{"count":1,"href":"https:\/\/losperiodistas.com.mx\/portal\/wp-json\/wp\/v2\/posts\/115640\/revisions"}],"predecessor-version":[{"id":115642,"href":"https:\/\/losperiodistas.com.mx\/portal\/wp-json\/wp\/v2\/posts\/115640\/revisions\/115642"}],"wp:featuredmedia":[{"embeddable":true,"href":"https:\/\/losperiodistas.com.mx\/portal\/wp-json\/wp\/v2\/media\/115641"}],"wp:attachment":[{"href":"https:\/\/losperiodistas.com.mx\/portal\/wp-json\/wp\/v2\/media?parent=115640"}],"wp:term":[{"taxonomy":"category","embeddable":true,"href":"https:\/\/losperiodistas.com.mx\/portal\/wp-json\/wp\/v2\/categories?post=115640"},{"taxonomy":"post_tag","embeddable":true,"href":"https:\/\/losperiodistas.com.mx\/portal\/wp-json\/wp\/v2\/tags?post=115640"}],"curies":[{"name":"wp","href":"https:\/\/api.w.org\/{rel}","templated":true}]}}