{"id":115634,"date":"2026-01-29T21:00:53","date_gmt":"2026-01-30T03:00:53","guid":{"rendered":"https:\/\/losperiodistas.com.mx\/portal\/?p=115634"},"modified":"2026-01-29T21:00:54","modified_gmt":"2026-01-30T03:00:54","slug":"destaca-embajador-ronald-johnson-tono-positivo-en-llamada-entre-sheinbaum-y-trump-la-jornada","status":"publish","type":"post","link":"https:\/\/losperiodistas.com.mx\/portal\/destaca-embajador-ronald-johnson-tono-positivo-en-llamada-entre-sheinbaum-y-trump-la-jornada\/","title":{"rendered":"Destaca embajador Ronald Johnson tono positivo en llamada entre Sheinbaum y Trump | La Jornada"},"content":{"rendered":"\n<figure class=\"wp-block-image size-large\"><img fetchpriority=\"high\" decoding=\"async\" width=\"1024\" height=\"682\" src=\"https:\/\/losperiodistas.com.mx\/portal\/wp-content\/uploads\/2026\/01\/embajador-ronald-johnson-1024x682.png\" alt=\"\" class=\"wp-image-115635\" srcset=\"https:\/\/losperiodistas.com.mx\/portal\/wp-content\/uploads\/2026\/01\/embajador-ronald-johnson-1024x682.png 1024w, https:\/\/losperiodistas.com.mx\/portal\/wp-content\/uploads\/2026\/01\/embajador-ronald-johnson-300x200.png 300w, https:\/\/losperiodistas.com.mx\/portal\/wp-content\/uploads\/2026\/01\/embajador-ronald-johnson-768x512.png 768w, https:\/\/losperiodistas.com.mx\/portal\/wp-content\/uploads\/2026\/01\/embajador-ronald-johnson.png 1193w\" sizes=\"(max-width: 1024px) 100vw, 1024px\" \/><figcaption class=\"wp-element-caption\">El embajador de EU en M\u00e9xico, Ronald Johnson en imagen de archivo. Foto Germ\u00e1n Canseco<\/figcaption><\/figure>\n\n\n\n<p class=\"has-vivid-red-color has-text-color has-link-color wp-elements-3a58687b3eccfdab09b9d5ed91855f50\">Arturo S\u00e1nchez Jim\u00e9nez \/ La Jornada<\/p>\n\n\n\n<p>El embajador de Estados Unidos en M\u00e9xico, el coronel en retiro Ronald Johnson, destac\u00f3 este jueves el tono positivo de la llamada telef\u00f3nica que sostuvieron por la ma\u00f1ana la presidenta Claudia Sheinbaum Pardo y el presidente estadunidense Donald Trump.<\/p>\n\n\n\n<p>A trav\u00e9s de mensajes publicados en redes sociales, el diplom\u00e1tico se\u00f1al\u00f3 que la conversaci\u00f3n reafirm\u00f3 un di\u00e1logo respetuoso y productivo entre ambos mandatarios, as\u00ed como el compromiso compartido de continuar trabajando de manera conjunta para construir un futuro m\u00e1s prometedor para los dos pa\u00edses.<\/p>\n\n\n\n<p>Johnson a\u00f1adi\u00f3 que el intercambio entre Sheinbaum y Trump fue \u201cextremadamente bueno\u201d.<\/p>\n\n\n\n<p>Fuente: <a href=\"https:\/\/www.jornada.com.mx\/noticia\/2026\/01\/29\/politica\/destaca-embajador-ronald-johnson-tono-positivo-en-llamada-entre-sheinbaum-y-trump\" target=\"_blank\" rel=\"noreferrer noopener\">La Jornada<\/a><\/p>\n","protected":false},"excerpt":{"rendered":"<p>Arturo S\u00e1nchez Jim\u00e9nez \/ La Jornada El embajador de Estados Unidos en M\u00e9xico, el coronel en retiro Ronald Johnson, destac\u00f3 [&hellip;]<\/p>\n","protected":false},"author":1,"featured_media":115635,"comment_status":"open","ping_status":"open","sticky":false,"template":"","format":"standard","meta":{"site-sidebar-layout":"default","site-content-layout":"","ast-site-content-layout":"default","site-content-style":"default","site-sidebar-style":"default","ast-global-header-display":"","ast-banner-title-visibility":"","ast-main-header-display":"","ast-hfb-above-header-display":"","ast-hfb-below-header-display":"","ast-hfb-mobile-header-display":"","site-post-title":"","ast-breadcrumbs-content":"","ast-featured-img":"","footer-sml-layout":"","theme-transparent-header-meta":"","adv-header-id-meta":"","stick-header-meta":"","header-above-stick-meta":"","header-main-stick-meta":"","header-below-stick-meta":"","astra-migrate-meta-layouts":"default","ast-page-background-enabled":"default","ast-page-background-meta":{"desktop":{"background-color":"var(--ast-global-color-4)","background-image":"","background-repeat":"repeat","background-position":"center center","background-size":"auto","background-attachment":"scroll","background-type":"","background-media":"","overlay-type":"","overlay-color":"","overlay-opacity":"","overlay-gradient":""},"tablet":{"background-color":"","background-image":"","background-repeat":"repeat","background-position":"center center","background-size":"auto","background-attachment":"scroll","background-type":"","background-media":"","overlay-type":"","overlay-color":"","overlay-opacity":"","overlay-gradient":""},"mobile":{"background-color":"","background-image":"","background-repeat":"repeat","background-position":"center center","background-size":"auto","background-attachment":"scroll","background-type":"","background-media":"","overlay-type":"","overlay-color":"","overlay-opacity":"","overlay-gradient":""}},"ast-content-background-meta":{"desktop":{"background-color":"var(--ast-global-color-5)","background-image":"","background-repeat":"repeat","background-position":"center center","background-size":"auto","background-attachment":"scroll","background-type":"","background-media":"","overlay-type":"","overlay-color":"","overlay-opacity":"","overlay-gradient":""},"tablet":{"background-color":"var(--ast-global-color-5)","background-image":"","background-repeat":"repeat","background-position":"center center","background-size":"auto","background-attachment":"scroll","background-type":"","background-media":"","overlay-type":"","overlay-color":"","overlay-opacity":"","overlay-gradient":""},"mobile":{"background-color":"var(--ast-global-color-5)","background-image":"","background-repeat":"repeat","background-position":"center center","background-size":"auto","background-attachment":"scroll","background-type":"","background-media":"","overlay-type":"","overlay-color":"","overlay-opacity":"","overlay-gradient":""}},"footnotes":""},"categories":[8],"tags":[45772,33543,34051,10989],"class_list":["post-115634","post","type-post","status-publish","format-standard","has-post-thumbnail","hentry","category-noticias","tag-embajador-de-eeuu","tag-llamada-telefonica","tag-ronald-johnson","tag-trump"],"_links":{"self":[{"href":"https:\/\/losperiodistas.com.mx\/portal\/wp-json\/wp\/v2\/posts\/115634","targetHints":{"allow":["GET"]}}],"collection":[{"href":"https:\/\/losperiodistas.com.mx\/portal\/wp-json\/wp\/v2\/posts"}],"about":[{"href":"https:\/\/losperiodistas.com.mx\/portal\/wp-json\/wp\/v2\/types\/post"}],"author":[{"embeddable":true,"href":"https:\/\/losperiodistas.com.mx\/portal\/wp-json\/wp\/v2\/users\/1"}],"replies":[{"embeddable":true,"href":"https:\/\/losperiodistas.com.mx\/portal\/wp-json\/wp\/v2\/comments?post=115634"}],"version-history":[{"count":1,"href":"https:\/\/losperiodistas.com.mx\/portal\/wp-json\/wp\/v2\/posts\/115634\/revisions"}],"predecessor-version":[{"id":115636,"href":"https:\/\/losperiodistas.com.mx\/portal\/wp-json\/wp\/v2\/posts\/115634\/revisions\/115636"}],"wp:featuredmedia":[{"embeddable":true,"href":"https:\/\/losperiodistas.com.mx\/portal\/wp-json\/wp\/v2\/media\/115635"}],"wp:attachment":[{"href":"https:\/\/losperiodistas.com.mx\/portal\/wp-json\/wp\/v2\/media?parent=115634"}],"wp:term":[{"taxonomy":"category","embeddable":true,"href":"https:\/\/losperiodistas.com.mx\/portal\/wp-json\/wp\/v2\/categories?post=115634"},{"taxonomy":"post_tag","embeddable":true,"href":"https:\/\/losperiodistas.com.mx\/portal\/wp-json\/wp\/v2\/tags?post=115634"}],"curies":[{"name":"wp","href":"https:\/\/api.w.org\/{rel}","templated":true}]}}