{"id":115619,"date":"2026-01-29T11:26:50","date_gmt":"2026-01-29T17:26:50","guid":{"rendered":"https:\/\/losperiodistas.com.mx\/portal\/?p=115619"},"modified":"2026-01-29T11:26:52","modified_gmt":"2026-01-29T17:26:52","slug":"trump-elogia-a-sheinbaum-y-la-llama-una-lider-maravillosa-e-inteligente-proceso","status":"publish","type":"post","link":"https:\/\/losperiodistas.com.mx\/portal\/trump-elogia-a-sheinbaum-y-la-llama-una-lider-maravillosa-e-inteligente-proceso\/","title":{"rendered":"Trump elogia a Sheinbaum y la llama una \u00abl\u00edder maravillosa e inteligente\u00bb | Proceso"},"content":{"rendered":"\n<p class=\"has-light-green-cyan-background-color has-background has-medium-font-size\"><strong>Tras la llamada con la presidenta mexicana, el mandatario de EU anticip\u00f3 m\u00e1s conversaciones y eventuales reuniones bilaterales en los respectivos pa\u00edses.&nbsp;<\/strong><\/p>\n\n\n\n<p><\/p>\n\n\n\n<figure class=\"wp-block-image size-full\"><img fetchpriority=\"high\" decoding=\"async\" width=\"685\" height=\"385\" src=\"https:\/\/losperiodistas.com.mx\/portal\/wp-content\/uploads\/2026\/01\/f685x385-240675_278368_4725.webp\" alt=\"\" class=\"wp-image-115620\" srcset=\"https:\/\/losperiodistas.com.mx\/portal\/wp-content\/uploads\/2026\/01\/f685x385-240675_278368_4725.webp 685w, https:\/\/losperiodistas.com.mx\/portal\/wp-content\/uploads\/2026\/01\/f685x385-240675_278368_4725-300x169.webp 300w\" sizes=\"(max-width: 685px) 100vw, 685px\" \/><figcaption class=\"wp-element-caption\">El presidente de Estados Unidos, Donald Trump. Foto: AP<\/figcaption><\/figure>\n\n\n\n<p><\/p>\n\n\n\n<p class=\"has-vivid-red-color has-text-color has-link-color has-medium-font-size wp-elements-632092666ce8b6e0420da17e40d10554\"><strong><a href=\"https:\/\/www.proceso.com.mx\/autor\/jesquivel.html\">Por\u00a0J. Jes\u00fas Esquivel<\/a> \/ Proceso<\/strong><\/p>\n\n\n\n<p>WASHINGTON (apro).-Donald Trump, el presidente de Estados Unidos, calific\u00f3 de \u201cmuy productiva\u201d a la llamada telef\u00f3nica que sostuvo este jueves por la ma\u00f1ana con su hom\u00f3loga mexicana, Claudia Sheinbaum, en la que hablaron de comercio, seguridad y combate al narcotr\u00e1fico.<\/p>\n\n\n\n<p>Aunque breve, Trump en su cuenta personal de la red cibern\u00e9tica, Truth Social, escribi\u00f3 un resumen de lo que convers\u00f3 con Sheinbaum de la que resalt\u00f3&nbsp;cualidades am\u00e9n de indicar que platicaron tambi\u00e9n sobre llevar a cabo una visita rec\u00edproca a sus pa\u00edses.<strong>Noticias Relacionadas<\/strong><\/p>\n\n\n\n<ul class=\"wp-block-list\">\n<li><a href=\"https:\/\/www.proceso.com.mx\/nacional\/2026\/1\/29\/sheinbaum-habla-con-trump-seguimos-avanzando-en-temas-comerciales-en-la-relacion-bilateral-367468.html\">Sheinbaum habla con Trump: \u00abSeguimos avanzando en temas comerciales y en la relaci\u00f3n bilateral\u00bb<\/a><\/li>\n<\/ul>\n\n\n\n<p>\u201cTuve una muy productiva conversaci\u00f3n con la presidenta Claudia Sheinbaum de M\u00e9xico. Fue extremadamente buena para ambos pa\u00edses, mucho de lo que hablamos se concentr\u00f3 en la frontera, detener al tr\u00e1fico de drogas y comercio\u201d, se lee en el mensaje escrito por Trump.<\/p>\n\n\n\n<p>Esta es la segunda conversaci\u00f3n telef\u00f3nica que sostienen los dos presidentes en semanas recientes, y la primera en la que el presidente de Estados Unidos da a conocer en t\u00e9rminos generales los t\u00f3picos de la conversaci\u00f3n con su hom\u00f3loga mexicana.<\/p>\n\n\n\n<blockquote class=\"wp-block-quote is-layout-flow wp-block-quote-is-layout-flow\">\n<p class=\"has-ast-global-color-4-background-color has-background has-medium-font-size\">Pronto seguiremos hablando y para ultimar reuniones en nuestros respectivos pa\u00edses. M\u00e9xico tiene a una maravillosa y altamente inteligente l\u00edder y deben estar muy felices de eso\u201d, concluy\u00f3 el presidente de Estados Unidos en la rese\u00f1a de la charla.<\/p>\n<\/blockquote>\n\n\n\n<p>La conversaci\u00f3n ocurre en tiempos de preocupaci\u00f3n e incertidumbre respecto al tema del trasiego de drogas de M\u00e9xico a Estados Unidos, porque en los \u00faltimos d\u00edas Trump ha insistido en que \u201cpronto\u201d ordenar\u00eda ataques militares en tierra contra c\u00e1rteles del narcotr\u00e1fico mexicano.<\/p>\n\n\n\n<p>El llamado telef\u00f3nico ocurri\u00f3 a menos de 24 horas de que el Secretario de Econom\u00eda de M\u00e9xico concluyera una visita rel\u00e1mpago de trabajo a Washington D.C, en preparaci\u00f3n para la revisi\u00f3n o renegociaci\u00f3n del Tratado de Libre Comercio con Estados Unidos y Canad\u00e1 (T-MEC).<\/p>\n\n\n\n<p>El mandatario estadunidense no quita el dedo del rengl\u00f3n al exponer constantemente su inconformidad con el T-MEC, incluso amenazando con sacar a Estados Unidos del acuerdo tripartita e incluso de imponer tarifas arancelarias a las exportaciones mexicanas.<\/p>\n\n\n\n<p>Fuente: <a href=\"https:\/\/www.proceso.com.mx\/nacional\/2026\/1\/29\/trump-elogia-sheinbaum-la-llama-una-lider-maravillosa-inteligente-367471.html\">https:\/\/www.proceso.com.mx\/nacional\/2026\/1\/29\/trump-elogia-sheinbaum-la-llama-una-lider-maravillosa-inteligente-367471.html<\/a><\/p>\n","protected":false},"excerpt":{"rendered":"<p>Tras la llamada con la presidenta mexicana, el mandatario de EU anticip\u00f3 m\u00e1s conversaciones y eventuales reuniones bilaterales en los [&hellip;]<\/p>\n","protected":false},"author":1,"featured_media":115620,"comment_status":"open","ping_status":"open","sticky":false,"template":"","format":"standard","meta":{"site-sidebar-layout":"default","site-content-layout":"","ast-site-content-layout":"default","site-content-style":"default","site-sidebar-style":"default","ast-global-header-display":"","ast-banner-title-visibility":"","ast-main-header-display":"","ast-hfb-above-header-display":"","ast-hfb-below-header-display":"","ast-hfb-mobile-header-display":"","site-post-title":"","ast-breadcrumbs-content":"","ast-featured-img":"","footer-sml-layout":"","theme-transparent-header-meta":"","adv-header-id-meta":"","stick-header-meta":"","header-above-stick-meta":"","header-main-stick-meta":"","header-below-stick-meta":"","astra-migrate-meta-layouts":"default","ast-page-background-enabled":"default","ast-page-background-meta":{"desktop":{"background-color":"var(--ast-global-color-4)","background-image":"","background-repeat":"repeat","background-position":"center center","background-size":"auto","background-attachment":"scroll","background-type":"","background-media":"","overlay-type":"","overlay-color":"","overlay-opacity":"","overlay-gradient":""},"tablet":{"background-color":"","background-image":"","background-repeat":"repeat","background-position":"center center","background-size":"auto","background-attachment":"scroll","background-type":"","background-media":"","overlay-type":"","overlay-color":"","overlay-opacity":"","overlay-gradient":""},"mobile":{"background-color":"","background-image":"","background-repeat":"repeat","background-position":"center center","background-size":"auto","background-attachment":"scroll","background-type":"","background-media":"","overlay-type":"","overlay-color":"","overlay-opacity":"","overlay-gradient":""}},"ast-content-background-meta":{"desktop":{"background-color":"var(--ast-global-color-5)","background-image":"","background-repeat":"repeat","background-position":"center center","background-size":"auto","background-attachment":"scroll","background-type":"","background-media":"","overlay-type":"","overlay-color":"","overlay-opacity":"","overlay-gradient":""},"tablet":{"background-color":"var(--ast-global-color-5)","background-image":"","background-repeat":"repeat","background-position":"center center","background-size":"auto","background-attachment":"scroll","background-type":"","background-media":"","overlay-type":"","overlay-color":"","overlay-opacity":"","overlay-gradient":""},"mobile":{"background-color":"var(--ast-global-color-5)","background-image":"","background-repeat":"repeat","background-position":"center center","background-size":"auto","background-attachment":"scroll","background-type":"","background-media":"","overlay-type":"","overlay-color":"","overlay-opacity":"","overlay-gradient":""}},"footnotes":""},"categories":[8],"tags":[43026,10989,45771],"class_list":["post-115619","post","type-post","status-publish","format-standard","has-post-thumbnail","hentry","category-noticias","tag-sheinbau","tag-trump","tag-trump-elogia-a-sheinbaum"],"_links":{"self":[{"href":"https:\/\/losperiodistas.com.mx\/portal\/wp-json\/wp\/v2\/posts\/115619","targetHints":{"allow":["GET"]}}],"collection":[{"href":"https:\/\/losperiodistas.com.mx\/portal\/wp-json\/wp\/v2\/posts"}],"about":[{"href":"https:\/\/losperiodistas.com.mx\/portal\/wp-json\/wp\/v2\/types\/post"}],"author":[{"embeddable":true,"href":"https:\/\/losperiodistas.com.mx\/portal\/wp-json\/wp\/v2\/users\/1"}],"replies":[{"embeddable":true,"href":"https:\/\/losperiodistas.com.mx\/portal\/wp-json\/wp\/v2\/comments?post=115619"}],"version-history":[{"count":1,"href":"https:\/\/losperiodistas.com.mx\/portal\/wp-json\/wp\/v2\/posts\/115619\/revisions"}],"predecessor-version":[{"id":115621,"href":"https:\/\/losperiodistas.com.mx\/portal\/wp-json\/wp\/v2\/posts\/115619\/revisions\/115621"}],"wp:featuredmedia":[{"embeddable":true,"href":"https:\/\/losperiodistas.com.mx\/portal\/wp-json\/wp\/v2\/media\/115620"}],"wp:attachment":[{"href":"https:\/\/losperiodistas.com.mx\/portal\/wp-json\/wp\/v2\/media?parent=115619"}],"wp:term":[{"taxonomy":"category","embeddable":true,"href":"https:\/\/losperiodistas.com.mx\/portal\/wp-json\/wp\/v2\/categories?post=115619"},{"taxonomy":"post_tag","embeddable":true,"href":"https:\/\/losperiodistas.com.mx\/portal\/wp-json\/wp\/v2\/tags?post=115619"}],"curies":[{"name":"wp","href":"https:\/\/api.w.org\/{rel}","templated":true}]}}